{"id":11306,"date":"2023-01-22T12:14:50","date_gmt":"2023-01-22T11:14:50","guid":{"rendered":"https:\/\/reperes-astro.fr\/?p=11306"},"modified":"2025-01-31T18:48:10","modified_gmt":"2025-01-31T17:48:10","slug":"ca-sest-passe-a-reperes-depuis-le-1er-janvier","status":"publish","type":"post","link":"https:\/\/reperes-astro.fr\/ca-sest-passe-a-reperes-depuis-le-1er-janvier\/","title":{"rendered":"Ca s&rsquo;est pass\u00e9 \u00e0 REPERES du 1er janvier au 31 mars"},"content":{"rendered":"\n<p class=\"has-huge-font-size\"><strong>JANVIER<\/strong><\/p>\n\n\n\n<p class=\"has-large-font-size\">Samedi 3  <\/p>\n\n\n\n<p>BRICOLAGES<\/p>\n\n\n\n<p class=\"has-large-font-size\">mardi 10  <\/p>\n\n\n\n<p>intervention \u00e0 l&rsquo;EREA de CREVECOEUR<\/p>\n\n\n\n<p class=\"has-large-font-size\">Mercredi 11<\/p>\n\n\n\n<p> R\u00e9union au mus\u00e9e de VENDEUIL CAPLY pour pr\u00e9parer la journ\u00e9e de formation des professeurs du second degr\u00e9 sur le th\u00e8me \u00ab\u00a0OBSERVER POUR DATER\u00a0\u00bb<\/p>\n\n\n\n<p class=\"has-large-font-size\">Lundi 16 <\/p>\n\n\n\n<p>S\u00e9ance de plan\u00e9tarium au coll\u00e8ge de NOAILLES dans le cadre du CDDC. Thierry m&rsquo;a accompagn\u00e9. L&rsquo;attention des \u00e9l\u00e8ves \u00e9tait appr\u00e9ciable.<\/p>\n\n\n\n<p class=\"has-large-font-size\">Samedi 21 <\/p>\n\n\n\n<p>OBSERVATIONS \u00e0 ROUVROY avec raclette conviviale. La taka a montr\u00e9 JUPITER sous son meilleur aspect, le trap\u00e8ze d&rsquo;ORION \u00e9tait remarquable. Karine, Emilie, Edwige, Sophie D, Franck, Fred et son fils Luca, Christophe, Claude et Valentin notre Voisin qui a (enfin) pu sortir son t\u00e9lescope. Fermeture \u00e0 22h pour cause de m\u00e9t\u00e9o chancelante. Voir photo de FRED CI DESSOUS<\/p>\n\n\n<div class=\"wp-block-image\">\n<figure class=\"aligncenter size-medium\"><a href=\"https:\/\/reperes-astro.fr\/%77%70%2d%63%6f%6e%74%65%6e%74\/uploads\/2023\/01\/2023-01-M42-AURORE-G-scaled.jpg\"><img loading=\"lazy\" decoding=\"async\" width=\"232\" height=\"300\" src=\"https:\/\/reperes-astro.fr\/%77%70%2d%63%6f%6e%74%65%6e%74\/uploads\/2023\/01\/2023-01-M42-AURORE-G-232x300.jpg\" alt=\"\" class=\"wp-image-11313\" srcset=\"https:\/\/reperes-astro.fr\/%77%70%2d%63%6f%6e%74%65%6e%74\/uploads\/2023\/01\/2023-01-M42-AURORE-G-232x300.jpg 232w, https:\/\/reperes-astro.fr\/%77%70%2d%63%6f%6e%74%65%6e%74\/uploads\/2023\/01\/2023-01-M42-AURORE-G-792x1024.jpg 792w, https:\/\/reperes-astro.fr\/%77%70%2d%63%6f%6e%74%65%6e%74\/uploads\/2023\/01\/2023-01-M42-AURORE-G-768x993.jpg 768w, https:\/\/reperes-astro.fr\/%77%70%2d%63%6f%6e%74%65%6e%74\/uploads\/2023\/01\/2023-01-M42-AURORE-G-1188x1536.jpg 1188w, https:\/\/reperes-astro.fr\/%77%70%2d%63%6f%6e%74%65%6e%74\/uploads\/2023\/01\/2023-01-M42-AURORE-G-1584x2048.jpg 1584w, https:\/\/reperes-astro.fr\/%77%70%2d%63%6f%6e%74%65%6e%74\/uploads\/2023\/01\/2023-01-M42-AURORE-G-scaled.jpg 1981w\" sizes=\"auto, (max-width: 232px) 100vw, 232px\" \/><\/a><figcaption class=\"wp-element-caption\">dessin d&rsquo;aurore de M42 fait \u00e0 Margny les Compi\u00e8gne<\/figcaption><\/figure>\n<\/div>\n\n<div class=\"wp-block-image\">\n<figure class=\"aligncenter size-medium\"><a href=\"https:\/\/reperes-astro.fr\/%77%70%2d%63%6f%6e%74%65%6e%74\/uploads\/2023\/01\/2023-01-FRED-ORION-LE-21-01.png\"><img loading=\"lazy\" decoding=\"async\" width=\"300\" height=\"190\" src=\"https:\/\/reperes-astro.fr\/%77%70%2d%63%6f%6e%74%65%6e%74\/uploads\/2023\/01\/2023-01-FRED-ORION-LE-21-01-300x190.png\" alt=\"\" class=\"wp-image-11307\" srcset=\"https:\/\/reperes-astro.fr\/%77%70%2d%63%6f%6e%74%65%6e%74\/uploads\/2023\/01\/2023-01-FRED-ORION-LE-21-01-300x190.png 300w, https:\/\/reperes-astro.fr\/%77%70%2d%63%6f%6e%74%65%6e%74\/uploads\/2023\/01\/2023-01-FRED-ORION-LE-21-01-1024x648.png 1024w, https:\/\/reperes-astro.fr\/%77%70%2d%63%6f%6e%74%65%6e%74\/uploads\/2023\/01\/2023-01-FRED-ORION-LE-21-01-768x486.png 768w, https:\/\/reperes-astro.fr\/%77%70%2d%63%6f%6e%74%65%6e%74\/uploads\/2023\/01\/2023-01-FRED-ORION-LE-21-01.png 1199w\" sizes=\"auto, (max-width: 300px) 100vw, 300px\" \/><\/a><figcaption class=\"wp-element-caption\"> FREDERIC : M42 LA FLAMME ET LA T\u00cbTE DE CHEVAL samyang 135 iso 800 \u00e0 2.0 45s de pose 40 brutes <\/figcaption><\/figure>\n<\/div>\n\n\n<p class=\"has-large-font-size\">Mardi 24 <\/p>\n\n\n\n<p>Accueil de l&rsquo;EREA \u00e0 l&rsquo;observatoire avec Fran\u00e7ois<\/p>\n\n\n\n<p class=\"has-large-font-size\">Jeudi 26 janvier<\/p>\n\n\n\n<p> 3 s\u00e9ances de PLANETARIUM \u00e0 l&rsquo;\u00e9cole de RULLY ANNULEES deux enseignantes \u00e9tant malades<\/p>\n\n\n\n<p class=\"has-large-font-size\"><strong>SAMEDI 28 Janvier <\/strong><\/p>\n\n\n\n<p><strong>JOURNEE ECHANGES ET PRATIQUES<\/strong><\/p>\n\n\n\n<p>Le matin Sophie L, Christophe L, Claude, Thierry, Thierry D, MOHAMED, Corine et Jean Paul. Nous avons r\u00e9par\u00e9 le frigo, poser la Dalle LED dans la grande salle<\/p>\n\n\n\n<p> ADMINISTRATIF nous avons g\u00e9r\u00e9 le tableau de pr\u00e9sences pour \u00e9tablir \u00e0 terme les re\u00e7us fiscaux 2023 de mani\u00e8re plus ergonomique, nous avons \u00e9tudi\u00e9 la proc\u00e9dure applicable pour la gestion des stages ETOILES avec ASSO CONNECT, nous avons fait le point financier 2022 pour cl\u00f4turer l&rsquo;exercice<\/p>\n\n\n\n<p>Axel Aurore Rapha\u00ebl Thierry L Jean Marie nous ont rejoints. Nombreux \u00e9changes notamment sur le Sol&rsquo;ex, le Strock 250<\/p>\n\n\n\n<p>Thierry L a fait cadeau d&rsquo;une cam\u00e9ra ASI 224 qui replacera celle qui a \u00e9t\u00e9 d\u00e9truite par un alien qui n&rsquo;avait pas pris le bon c\u00e2ble de liaison&#8230;. Merci Thierry<\/p>\n\n\n\n<p>Un tr\u00e8s copieux repas a permis d&rsquo;attendre l&rsquo;am\u00e9lioration m\u00e9t\u00e9o  illustr\u00e9e par l&rsquo;animation de St\u00e9phane ci dessous<\/p>\n\n\n\n<p><a href=\"https:\/\/drive.google.com\/file\/d\/1DLOF4ruCcDrvfqmPtj4ctVFS8qOPdfOb\/view?usp=share_link\">https:\/\/drive.google.com\/file\/d\/1DLOF4ruCcDrvfqmPtj4ctVFS8qOPdfOb\/view?usp=share_link<\/a><\/p>\n\n\n\n<p class=\"has-huge-font-size\"><strong>FEVRIER<\/strong><\/p>\n\n\n\n<p class=\"has-large-font-size\">Vendredi 3 f\u00e9vrier <\/p>\n\n\n\n<p>intervention au coll\u00e8ge de NOAILLES sur le th\u00e8me de la LUNE<\/p>\n\n\n\n<p class=\"has-large-font-size\">Samedi 4 f\u00e9vrier <\/p>\n\n\n\n<p>BRICOLAGES avec Thierry, Maxence et Mohamed. On a essentiellement travaill\u00e9 sur l&rsquo;informatique et le LSS<\/p>\n\n\n\n<p class=\"has-large-font-size\">MERCREDI 8 f\u00e9vrier 21h <\/p>\n\n\n\n<p>Visio pour pr\u00e9parer JASON Journ\u00e9e de l&rsquo;Astronomie Solaire de l&rsquo;Oise et du Nord<\/p>\n\n\n\n<p class=\"has-large-font-size\">Jeudi 9 f\u00e9vrier <\/p>\n\n\n\n<p>Remise en pression de l&rsquo;eau pour le bloc sanitaire<\/p>\n\n\n\n<p class=\"has-large-font-size\"><strong>Samedi 11 f\u00e9vrier<\/strong><\/p>\n\n\n\n<p class=\"has-medium-font-size\"><strong> NUITS DES ETOILES D&rsquo;HIVER<\/strong> voir article d\u00e9di\u00e9<\/p>\n\n\n\n<p class=\"has-large-font-size\">Dimanche 12 f\u00e9vrier <\/p>\n\n\n\n<p>Bernard est venu remonter le moteur en AD du BC 600 et il nous a pr\u00e9sent\u00e9 la maquette de la future \u00e9lectronique<\/p>\n\n\n\n<figure class=\"wp-block-image size-thumbnail\"><a href=\"https:\/\/reperes-astro.fr\/%77%70%2d%63%6f%6e%74%65%6e%74\/uploads\/2023\/02\/IMG_2632-rotated.jpg\"><img loading=\"lazy\" decoding=\"async\" width=\"150\" height=\"150\" src=\"https:\/\/reperes-astro.fr\/%77%70%2d%63%6f%6e%74%65%6e%74\/uploads\/2023\/02\/IMG_2632-150x150.jpg\" alt=\"\" class=\"wp-image-11411\" srcset=\"https:\/\/reperes-astro.fr\/%77%70%2d%63%6f%6e%74%65%6e%74\/uploads\/2023\/02\/IMG_2632-150x150.jpg 150w, https:\/\/reperes-astro.fr\/%77%70%2d%63%6f%6e%74%65%6e%74\/uploads\/2023\/02\/IMG_2632-80x80.jpg 80w\" sizes=\"auto, (max-width: 150px) 100vw, 150px\" \/><\/a><\/figure>\n\n\n\n<figure class=\"wp-block-image size-thumbnail\"><a href=\"https:\/\/reperes-astro.fr\/%77%70%2d%63%6f%6e%74%65%6e%74\/uploads\/2023\/02\/IMG_2630-rotated.jpg\"><img loading=\"lazy\" decoding=\"async\" width=\"150\" height=\"150\" src=\"https:\/\/reperes-astro.fr\/%77%70%2d%63%6f%6e%74%65%6e%74\/uploads\/2023\/02\/IMG_2630-150x150.jpg\" alt=\"\" class=\"wp-image-11412\" srcset=\"https:\/\/reperes-astro.fr\/%77%70%2d%63%6f%6e%74%65%6e%74\/uploads\/2023\/02\/IMG_2630-150x150.jpg 150w, https:\/\/reperes-astro.fr\/%77%70%2d%63%6f%6e%74%65%6e%74\/uploads\/2023\/02\/IMG_2630-80x80.jpg 80w\" sizes=\"auto, (max-width: 150px) 100vw, 150px\" \/><\/a><\/figure>\n\n\n\n<figure class=\"wp-block-image size-thumbnail\"><a href=\"https:\/\/reperes-astro.fr\/%77%70%2d%63%6f%6e%74%65%6e%74\/uploads\/2023\/02\/IMG_2633.jpg\"><img loading=\"lazy\" decoding=\"async\" width=\"150\" height=\"150\" src=\"https:\/\/reperes-astro.fr\/%77%70%2d%63%6f%6e%74%65%6e%74\/uploads\/2023\/02\/IMG_2633-150x150.jpg\" alt=\"\" class=\"wp-image-11413\" srcset=\"https:\/\/reperes-astro.fr\/%77%70%2d%63%6f%6e%74%65%6e%74\/uploads\/2023\/02\/IMG_2633-150x150.jpg 150w, https:\/\/reperes-astro.fr\/%77%70%2d%63%6f%6e%74%65%6e%74\/uploads\/2023\/02\/IMG_2633-80x80.jpg 80w\" sizes=\"auto, (max-width: 150px) 100vw, 150px\" \/><\/a><\/figure>\n\n\n\n<p class=\"has-large-font-size\">JEUDI 16 f\u00e9vrier<\/p>\n\n\n\n<p>Thierry et Claude ont commenc\u00e9 la fabrication d&rsquo;un chariot qui permettra d&rsquo;utiliser facilement (en visuel)  le LX 200 de Gaby et aussi de la stocker ais\u00e9ment.<\/p>\n\n\n\n<figure class=\"wp-block-image size-thumbnail\"><a href=\"https:\/\/reperes-astro.fr\/%77%70%2d%63%6f%6e%74%65%6e%74\/uploads\/2023\/02\/IMG_2643-rotated.jpg\"><img loading=\"lazy\" decoding=\"async\" width=\"150\" height=\"150\" src=\"https:\/\/reperes-astro.fr\/%77%70%2d%63%6f%6e%74%65%6e%74\/uploads\/2023\/02\/IMG_2643-150x150.jpg\" alt=\"\" class=\"wp-image-11421\" srcset=\"https:\/\/reperes-astro.fr\/%77%70%2d%63%6f%6e%74%65%6e%74\/uploads\/2023\/02\/IMG_2643-150x150.jpg 150w, https:\/\/reperes-astro.fr\/%77%70%2d%63%6f%6e%74%65%6e%74\/uploads\/2023\/02\/IMG_2643-80x80.jpg 80w\" sizes=\"auto, (max-width: 150px) 100vw, 150px\" \/><\/a><\/figure>\n\n\n\n<figure class=\"wp-block-image size-thumbnail\"><a href=\"https:\/\/reperes-astro.fr\/%77%70%2d%63%6f%6e%74%65%6e%74\/uploads\/2023\/02\/IMG_2644-rotated.jpg\"><img loading=\"lazy\" decoding=\"async\" width=\"150\" height=\"150\" src=\"https:\/\/reperes-astro.fr\/%77%70%2d%63%6f%6e%74%65%6e%74\/uploads\/2023\/02\/IMG_2644-150x150.jpg\" alt=\"\" class=\"wp-image-11422\" srcset=\"https:\/\/reperes-astro.fr\/%77%70%2d%63%6f%6e%74%65%6e%74\/uploads\/2023\/02\/IMG_2644-150x150.jpg 150w, https:\/\/reperes-astro.fr\/%77%70%2d%63%6f%6e%74%65%6e%74\/uploads\/2023\/02\/IMG_2644-80x80.jpg 80w\" sizes=\"auto, (max-width: 150px) 100vw, 150px\" \/><\/a><\/figure>\n\n\n\n<p class=\"has-large-font-size\">MARDI 21 f\u00e9vrier<\/p>\n\n\n\n<p>Pr\u00e9sentation de l&rsquo;observatoire, du plan\u00e9tarium et des instruments d&rsquo;observations \u00e0 trois profs du coll\u00e8ge de BRETEUIL o\u00f9 nous interviendrons le 4 avril<\/p>\n\n\n\n<p class=\"has-huge-font-size\">SAMEDI 25 FEVRIER<\/p>\n\n\n\n<p>STAGE PREMIERE ETOILE 10 inscrits 5 invit\u00e9s 3 formateurs 6 membres pour aider ou bricoler et tout le monde pour observer s&rsquo;il faut beau &#8230;. Au menu COUSCOUS du traiteur LIBERAL pour 20 personnes<\/p>\n\n\n\n<p class=\"has-large-font-size\">Mardi 28 FEVRIER<\/p>\n\n\n\n<p class=\"has-small-font-size\">8 \u00e9l\u00e8ves de l&rsquo;EREA de 20h \u00e0 22h  Conjonction VENUS JUPITER grand G de l&rsquo;hiver puis petit floril\u00e8ge de s\u00e9quences du plan\u00e9tarium<\/p>\n\n\n\n<p class=\"has-medium-font-size\">Mercredi 1er mars  v\u00e9rification de l&rsquo;alarme &#8211; sortie des poubelles &#8211; retour matos EREA &#8211; chargement du plan\u00e9 pour vendredi \u00e0 CREIL<\/p>\n\n\n\n<p class=\"has-large-font-size\">VENDREDI  3 MARS<\/p>\n\n\n\n<p>Plan\u00e9tarium \u00e0 l&rsquo;\u00e9cole Gournay de CREIL avec Thierry et Jean Paul. Montage du plan\u00e9 jeudi soir en revenant de Paris pour accueil des CP \u00e0 8h30 le vendredi matin <\/p>\n\n\n<div class=\"wp-block-image\">\n<figure class=\"aligncenter size-medium\"><a href=\"https:\/\/reperes-astro.fr\/%77%70%2d%63%6f%6e%74%65%6e%74\/uploads\/2023\/03\/PHOTO-2023-03-03-18-54-46.jpg\"><img loading=\"lazy\" decoding=\"async\" width=\"300\" height=\"225\" src=\"https:\/\/reperes-astro.fr\/%77%70%2d%63%6f%6e%74%65%6e%74\/uploads\/2023\/03\/PHOTO-2023-03-03-18-54-46-300x225.jpg\" alt=\"\" class=\"wp-image-11929\" srcset=\"https:\/\/reperes-astro.fr\/%77%70%2d%63%6f%6e%74%65%6e%74\/uploads\/2023\/03\/PHOTO-2023-03-03-18-54-46-300x225.jpg 300w, https:\/\/reperes-astro.fr\/%77%70%2d%63%6f%6e%74%65%6e%74\/uploads\/2023\/03\/PHOTO-2023-03-03-18-54-46-1024x768.jpg 1024w, https:\/\/reperes-astro.fr\/%77%70%2d%63%6f%6e%74%65%6e%74\/uploads\/2023\/03\/PHOTO-2023-03-03-18-54-46-768x576.jpg 768w, https:\/\/reperes-astro.fr\/%77%70%2d%63%6f%6e%74%65%6e%74\/uploads\/2023\/03\/PHOTO-2023-03-03-18-54-46-1536x1152.jpg 1536w, https:\/\/reperes-astro.fr\/%77%70%2d%63%6f%6e%74%65%6e%74\/uploads\/2023\/03\/PHOTO-2023-03-03-18-54-46.jpg 1600w\" sizes=\"auto, (max-width: 300px) 100vw, 300px\" \/><\/a><figcaption class=\"wp-element-caption\">5 classes du CP au CM2 soir environ 140 \u00e9l\u00e8ves. Avec Jean Paul nous avons fait un duo de MASTERPUT&#8230;.excellente ambiance&#8230;..<\/figcaption><\/figure>\n<\/div>\n\n\n<p class=\"has-large-font-size\">MARDI 7 MARS<\/p>\n\n\n\n<p class=\"has-vivid-red-color has-text-color\">GREVE  pas d&rsquo;accueil \u00e9l\u00e8ves de l&rsquo;EREA<\/p>\n\n\n\n<p class=\"has-large-font-size\">JEUDI 9 Mars<\/p>\n\n\n\n<p>Plan\u00e9tarium \u00e0 l&rsquo;\u00e9cole de RULLY pr\u00e8s de Senlis avec Thierry comme partenaire.<\/p>\n\n\n\n<p>Apr\u00e8s avoir vaincu tous les embouteillages, avec Thierry,  nous avons mont\u00e9 le plan\u00e9tarium  en moins de 30 minutes pour accueillir la classe de maternelle qui piaffait d&rsquo;impatience. Il y  avait longtemps que nous n&rsquo;avions pas rencontr\u00e9 de si jeunes enfants aussi \u00ab\u00a0savants\u00a0\u00bb. D\u00e8s l&rsquo;ouverture du parapluie c\u00e9leste, nous pouvions constater que toutes les confusions habituelles n&rsquo;avaient pas cours&#8230;Etoiles, plan\u00e8tes, mouvements de la Terre, nuit et jour&#8230;Pas de secret pour eux! Chapeau au professeur&#8230;.ET il faut bien dire que les deux autres classes -CP\/CE1\/CE2 puis CM1\/CM2 ont \u00e9t\u00e9 \u00e0 la hauteur. Les trois s\u00e9ances de plan\u00e9tarium ont \u00e9t\u00e9 un vrai plaisir&#8230;<\/p>\n\n\n\n<p class=\"has-medium-font-size\">VENDREDI 10 MARS<\/p>\n\n\n\n<p class=\"has-vivid-red-color has-text-color\">REPORTE pour cause de trop mauvaise m\u00e9t\u00e9o Accueil Club Astro du Lyc\u00e9e Cassini (30 \u00e9l\u00e8ves)<\/p>\n\n\n\n<p class=\"has-medium-font-size\">LUNDI 13 MARS<\/p>\n\n\n\n<p>Quatri\u00e8me s\u00e9ance au coll\u00e8ge de Noailles. <\/p>\n\n\n\n<p class=\"has-medium-font-size\">LUNDI  13 MARS<\/p>\n\n\n\n<p>Montage du plan\u00e9tarium \u00e0 l&rsquo;\u00e9cole CHARPAK de Nogent s\/Oise &#8211; \u00e0 16h30, test du programme pour les CP<\/p>\n\n\n\n<p class=\"has-large-font-size\">Du mardi 14 MARS au 24 MARS<\/p>\n\n\n\n<p>Plan\u00e9tarium  \u00e0 l&rsquo;\u00e9cole CHARPAK de Nogent s\/Oise  30 classes pour plus de 600 \u00e9l\u00e8ves<\/p>\n\n\n\n<p>Thierry est venu tous les jours assist\u00e9 Claude, son aide a \u00e9t\u00e9 d\u00e9terminante pour la r\u00e9ussite de l&rsquo;op\u00e9ration.<\/p>\n\n\n\n<p>Le travail de fond du site ressources LA MAIN A LA PATE est \u00e9vident sous le plan\u00e9tarium au regard des connaissances des \u00e9l\u00e8ves, de leur comportement et de leurs raisonnements. <\/p>\n\n\n\n<p class=\"has-large-font-size\">Vendredi 24 mars report\u00e9 au 12 mai<\/p>\n\n\n\n<p>Accueil \u00e9l\u00e8ves de 5\u00e8me du coll\u00e8ge du St Esprit de Beauvais (30 \u00e9l\u00e8ves)<\/p>\n\n\n\n<p class=\"has-large-font-size\">Samedi 25 mars <\/p>\n\n\n\n<p>Stage deuxi\u00e8me \u00e9toile<\/p>\n\n\n\n<p>4 stagiaires <\/p>\n\n\n\n<p>18 adh\u00e9rents qui ont tous particip\u00e9 au bon d\u00e9roulement du stage<\/p>\n\n\n\n<p><\/p>\n\n\n\n<p class=\"has-large-font-size\">Mardi 28 mars<\/p>\n\n\n\n<p>Accueil des \u00e9l\u00e8ves de l&rsquo;EREA \u00e0 l&rsquo;observatoire Claude <\/p>\n\n\n\n<p class=\"has-large-font-size\">VENDREDI 31 MARS<\/p>\n\n\n\n<p>Accueil du club astronomie du lyc\u00e9e CASSINI  Claude Maxence et Thierry<\/p>\n<div class=\"pvc_clear\"><\/div><p id=\"pvc_stats_11306\" class=\"pvc_stats all  \" data-element-id=\"11306\" style=\"\"><i class=\"pvc-stats-icon medium\" aria-hidden=\"true\"><svg aria-hidden=\"true\" focusable=\"false\" data-prefix=\"far\" data-icon=\"chart-bar\" role=\"img\" xmlns=\"http:\/\/www.w3.org\/2000\/svg\" viewBox=\"0 0 512 512\" class=\"svg-inline--fa fa-chart-bar fa-w-16 fa-2x\"><path fill=\"currentColor\" d=\"M396.8 352h22.4c6.4 0 12.8-6.4 12.8-12.8V108.8c0-6.4-6.4-12.8-12.8-12.8h-22.4c-6.4 0-12.8 6.4-12.8 12.8v230.4c0 6.4 6.4 12.8 12.8 12.8zm-192 0h22.4c6.4 0 12.8-6.4 12.8-12.8V140.8c0-6.4-6.4-12.8-12.8-12.8h-22.4c-6.4 0-12.8 6.4-12.8 12.8v198.4c0 6.4 6.4 12.8 12.8 12.8zm96 0h22.4c6.4 0 12.8-6.4 12.8-12.8V204.8c0-6.4-6.4-12.8-12.8-12.8h-22.4c-6.4 0-12.8 6.4-12.8 12.8v134.4c0 6.4 6.4 12.8 12.8 12.8zM496 400H48V80c0-8.84-7.16-16-16-16H16C7.16 64 0 71.16 0 80v336c0 17.67 14.33 32 32 32h464c8.84 0 16-7.16 16-16v-16c0-8.84-7.16-16-16-16zm-387.2-48h22.4c6.4 0 12.8-6.4 12.8-12.8v-70.4c0-6.4-6.4-12.8-12.8-12.8h-22.4c-6.4 0-12.8 6.4-12.8 12.8v70.4c0 6.4 6.4 12.8 12.8 12.8z\" class=\"\"><\/path><\/svg><\/i> <img loading=\"lazy\" decoding=\"async\" width=\"16\" height=\"16\" alt=\"Loading\" src=\"https:\/\/reperes-astro.fr\/%77%70%2d%63%6f%6e%74%65%6e%74\/plugins\/page-views-count\/ajax-loader-2x.gif\" border=0 \/><\/p><div class=\"pvc_clear\"><\/div>","protected":false},"excerpt":{"rendered":"<p>JANVIER Samedi 3 BRICOLAGES mardi 10 intervention \u00e0 l&rsquo;EREA de CREVECOEUR Mercredi 11 R\u00e9union au mus\u00e9e de VENDEUIL CAPLY pour pr\u00e9parer&#46;&#46;&#46;<\/p>\n<div class=\"pvc_clear\"><\/div>\n<p id=\"pvc_stats_11306\" class=\"pvc_stats all  \" data-element-id=\"11306\" style=\"\"><i class=\"pvc-stats-icon medium\" aria-hidden=\"true\"><svg aria-hidden=\"true\" focusable=\"false\" data-prefix=\"far\" data-icon=\"chart-bar\" role=\"img\" xmlns=\"http:\/\/www.w3.org\/2000\/svg\" viewBox=\"0 0 512 512\" class=\"svg-inline--fa fa-chart-bar fa-w-16 fa-2x\"><path fill=\"currentColor\" d=\"M396.8 352h22.4c6.4 0 12.8-6.4 12.8-12.8V108.8c0-6.4-6.4-12.8-12.8-12.8h-22.4c-6.4 0-12.8 6.4-12.8 12.8v230.4c0 6.4 6.4 12.8 12.8 12.8zm-192 0h22.4c6.4 0 12.8-6.4 12.8-12.8V140.8c0-6.4-6.4-12.8-12.8-12.8h-22.4c-6.4 0-12.8 6.4-12.8 12.8v198.4c0 6.4 6.4 12.8 12.8 12.8zm96 0h22.4c6.4 0 12.8-6.4 12.8-12.8V204.8c0-6.4-6.4-12.8-12.8-12.8h-22.4c-6.4 0-12.8 6.4-12.8 12.8v134.4c0 6.4 6.4 12.8 12.8 12.8zM496 400H48V80c0-8.84-7.16-16-16-16H16C7.16 64 0 71.16 0 80v336c0 17.67 14.33 32 32 32h464c8.84 0 16-7.16 16-16v-16c0-8.84-7.16-16-16-16zm-387.2-48h22.4c6.4 0 12.8-6.4 12.8-12.8v-70.4c0-6.4-6.4-12.8-12.8-12.8h-22.4c-6.4 0-12.8 6.4-12.8 12.8v70.4c0 6.4 6.4 12.8 12.8 12.8z\" class=\"\"><\/path><\/svg><\/i> <img loading=\"lazy\" decoding=\"async\" width=\"16\" height=\"16\" alt=\"Loading\" src=\"https:\/\/reperes-astro.fr\/%77%70%2d%63%6f%6e%74%65%6e%74\/plugins\/page-views-count\/ajax-loader-2x.gif\" border=0 \/><\/p>\n<div class=\"pvc_clear\"><\/div>\n","protected":false},"author":2,"featured_media":11313,"comment_status":"closed","ping_status":"closed","sticky":false,"template":"","format":"standard","meta":{"footnotes":""},"categories":[16],"tags":[],"class_list":["post-11306","post","type-post","status-publish","format-standard","has-post-thumbnail","hentry","category-actualites"],"a3_pvc":{"activated":true,"total_views":14,"today_views":0},"yoast_head":"<title>Ca s&#039;est pass\u00e9 \u00e0 REPERES du 1er janvier au 31 mars - Rep\u00e8res Astro<\/title>\n<meta name=\"robots\" content=\"index, follow, max-snippet:-1, max-image-preview:large, max-video-preview:-1\" \/>\n<link rel=\"canonical\" href=\"https:\/\/reperes-astro.fr\/ca-sest-passe-a-reperes-depuis-le-1er-janvier\/\" \/>\n<meta property=\"og:locale\" content=\"fr_FR\" \/>\n<meta property=\"og:type\" content=\"article\" \/>\n<meta property=\"og:title\" content=\"Ca s&#039;est pass\u00e9 \u00e0 REPERES du 1er janvier au 31 mars - Rep\u00e8res Astro\" \/>\n<meta property=\"og:description\" content=\"JANVIER Samedi 3 BRICOLAGES mardi 10 intervention \u00e0 l&rsquo;EREA de CREVECOEUR Mercredi 11 R\u00e9union au mus\u00e9e de VENDEUIL CAPLY pour pr\u00e9parer&#046;&#046;&#046;\" \/>\n<meta property=\"og:url\" content=\"https:\/\/reperes-astro.fr\/ca-sest-passe-a-reperes-depuis-le-1er-janvier\/\" \/>\n<meta property=\"og:site_name\" content=\"Rep\u00e8res Astro\" \/>\n<meta property=\"article:publisher\" content=\"https:\/\/www.facebook.com\/AssoReperesAstro\/?locale=fr_FRrplanetarium\" \/>\n<meta property=\"article:published_time\" content=\"2023-01-22T11:14:50+00:00\" \/>\n<meta property=\"article:modified_time\" content=\"2025-01-31T17:48:10+00:00\" \/>\n<meta property=\"og:image\" content=\"https:\/\/reperes-astro.fr\/%77%70%2d%63%6f%6e%74%65%6e%74\/uploads\/2023\/01\/2023-01-M42-AURORE-G-scaled.jpg\" \/>\n\t<meta property=\"og:image:width\" content=\"1981\" \/>\n\t<meta property=\"og:image:height\" content=\"2560\" \/>\n\t<meta property=\"og:image:type\" content=\"image\/jpeg\" \/>\n<meta name=\"author\" content=\"Claude Grimaud\" \/>\n<meta name=\"twitter:card\" content=\"summary_large_image\" \/>\n<meta name=\"twitter:label1\" content=\"\u00c9crit par\" \/>\n\t<meta name=\"twitter:data1\" content=\"Claude Grimaud\" \/>\n\t<meta name=\"twitter:label2\" content=\"Dur\u00e9e de lecture estim\u00e9e\" \/>\n\t<meta name=\"twitter:data2\" content=\"5 minutes\" \/>\n<script type=\"application\/ld+json\" class=\"yoast-schema-graph\">{\"@context\":\"https:\\\/\\\/schema.org\",\"@graph\":[{\"@type\":\"Article\",\"@id\":\"https:\\\/\\\/reperes-astro.fr\\\/ca-sest-passe-a-reperes-depuis-le-1er-janvier\\\/#article\",\"isPartOf\":{\"@id\":\"https:\\\/\\\/reperes-astro.fr\\\/ca-sest-passe-a-reperes-depuis-le-1er-janvier\\\/\"},\"author\":{\"name\":\"Claude Grimaud\",\"@id\":\"https:\\\/\\\/reperes-astro.fr\\\/#\\\/schema\\\/person\\\/df305cef14844cc5dc8a7927e48142cd\"},\"headline\":\"Ca s&rsquo;est pass\u00e9 \u00e0 REPERES du 1er janvier au 31 mars\",\"datePublished\":\"2023-01-22T11:14:50+00:00\",\"dateModified\":\"2025-01-31T17:48:10+00:00\",\"mainEntityOfPage\":{\"@id\":\"https:\\\/\\\/reperes-astro.fr\\\/ca-sest-passe-a-reperes-depuis-le-1er-janvier\\\/\"},\"wordCount\":1000,\"publisher\":{\"@id\":\"https:\\\/\\\/reperes-astro.fr\\\/#organization\"},\"image\":{\"@id\":\"https:\\\/\\\/reperes-astro.fr\\\/ca-sest-passe-a-reperes-depuis-le-1er-janvier\\\/#primaryimage\"},\"thumbnailUrl\":\"https:\\\/\\\/reperes-astro.fr\\\/%77%70%2d%63%6f%6e%74%65%6e%74\\\/uploads\\\/2023\\\/01\\\/2023-01-M42-AURORE-G-scaled.jpg\",\"articleSection\":[\"Actualit\u00e9s\"],\"inLanguage\":\"fr-FR\"},{\"@type\":\"WebPage\",\"@id\":\"https:\\\/\\\/reperes-astro.fr\\\/ca-sest-passe-a-reperes-depuis-le-1er-janvier\\\/\",\"url\":\"https:\\\/\\\/reperes-astro.fr\\\/ca-sest-passe-a-reperes-depuis-le-1er-janvier\\\/\",\"name\":\"Ca s'est pass\u00e9 \u00e0 REPERES du 1er janvier au 31 mars - Rep\u00e8res Astro\",\"isPartOf\":{\"@id\":\"https:\\\/\\\/reperes-astro.fr\\\/#website\"},\"primaryImageOfPage\":{\"@id\":\"https:\\\/\\\/reperes-astro.fr\\\/ca-sest-passe-a-reperes-depuis-le-1er-janvier\\\/#primaryimage\"},\"image\":{\"@id\":\"https:\\\/\\\/reperes-astro.fr\\\/ca-sest-passe-a-reperes-depuis-le-1er-janvier\\\/#primaryimage\"},\"thumbnailUrl\":\"https:\\\/\\\/reperes-astro.fr\\\/%77%70%2d%63%6f%6e%74%65%6e%74\\\/uploads\\\/2023\\\/01\\\/2023-01-M42-AURORE-G-scaled.jpg\",\"datePublished\":\"2023-01-22T11:14:50+00:00\",\"dateModified\":\"2025-01-31T17:48:10+00:00\",\"breadcrumb\":{\"@id\":\"https:\\\/\\\/reperes-astro.fr\\\/ca-sest-passe-a-reperes-depuis-le-1er-janvier\\\/#breadcrumb\"},\"inLanguage\":\"fr-FR\",\"potentialAction\":[{\"@type\":\"ReadAction\",\"target\":[\"https:\\\/\\\/reperes-astro.fr\\\/ca-sest-passe-a-reperes-depuis-le-1er-janvier\\\/\"]}]},{\"@type\":\"ImageObject\",\"inLanguage\":\"fr-FR\",\"@id\":\"https:\\\/\\\/reperes-astro.fr\\\/ca-sest-passe-a-reperes-depuis-le-1er-janvier\\\/#primaryimage\",\"url\":\"https:\\\/\\\/reperes-astro.fr\\\/%77%70%2d%63%6f%6e%74%65%6e%74\\\/uploads\\\/2023\\\/01\\\/2023-01-M42-AURORE-G-scaled.jpg\",\"contentUrl\":\"https:\\\/\\\/reperes-astro.fr\\\/%77%70%2d%63%6f%6e%74%65%6e%74\\\/uploads\\\/2023\\\/01\\\/2023-01-M42-AURORE-G-scaled.jpg\",\"width\":1981,\"height\":2560},{\"@type\":\"BreadcrumbList\",\"@id\":\"https:\\\/\\\/reperes-astro.fr\\\/ca-sest-passe-a-reperes-depuis-le-1er-janvier\\\/#breadcrumb\",\"itemListElement\":[{\"@type\":\"ListItem\",\"position\":1,\"name\":\"Accueil\",\"item\":\"https:\\\/\\\/reperes-astro.fr\\\/\"},{\"@type\":\"ListItem\",\"position\":2,\"name\":\"Ca s&#8217;est pass\u00e9 \u00e0 REPERES du 1er janvier au 31 mars\"}]},{\"@type\":\"WebSite\",\"@id\":\"https:\\\/\\\/reperes-astro.fr\\\/#website\",\"url\":\"https:\\\/\\\/reperes-astro.fr\\\/\",\"name\":\"Rep\u00e8res Astro\",\"description\":\"&quot;Heureux soient les f\u00eal\u00e9s, car ils laisseront passer la lumi\u00e8re.&quot; Michel Audiard\",\"publisher\":{\"@id\":\"https:\\\/\\\/reperes-astro.fr\\\/#organization\"},\"potentialAction\":[{\"@type\":\"SearchAction\",\"target\":{\"@type\":\"EntryPoint\",\"urlTemplate\":\"https:\\\/\\\/reperes-astro.fr\\\/?s={search_term_string}\"},\"query-input\":{\"@type\":\"PropertyValueSpecification\",\"valueRequired\":true,\"valueName\":\"search_term_string\"}}],\"inLanguage\":\"fr-FR\"},{\"@type\":\"Organization\",\"@id\":\"https:\\\/\\\/reperes-astro.fr\\\/#organization\",\"name\":\"Rep\u00e8res Astro\",\"url\":\"https:\\\/\\\/reperes-astro.fr\\\/\",\"logo\":{\"@type\":\"ImageObject\",\"inLanguage\":\"fr-FR\",\"@id\":\"https:\\\/\\\/reperes-astro.fr\\\/#\\\/schema\\\/logo\\\/image\\\/\",\"url\":\"https:\\\/\\\/reperes-astro.fr\\\/%77%70%2d%63%6f%6e%74%65%6e%74\\\/uploads\\\/2014\\\/01\\\/logo-reperes1.jpg\",\"contentUrl\":\"https:\\\/\\\/reperes-astro.fr\\\/%77%70%2d%63%6f%6e%74%65%6e%74\\\/uploads\\\/2014\\\/01\\\/logo-reperes1.jpg\",\"width\":510,\"height\":510,\"caption\":\"Rep\u00e8res Astro\"},\"image\":{\"@id\":\"https:\\\/\\\/reperes-astro.fr\\\/#\\\/schema\\\/logo\\\/image\\\/\"},\"sameAs\":[\"https:\\\/\\\/www.facebook.com\\\/AssoReperesAstro\\\/?locale=fr_FRrplanetarium\"]},{\"@type\":\"Person\",\"@id\":\"https:\\\/\\\/reperes-astro.fr\\\/#\\\/schema\\\/person\\\/df305cef14844cc5dc8a7927e48142cd\",\"name\":\"Claude Grimaud\",\"url\":\"https:\\\/\\\/reperes-astro.fr\\\/author\\\/claude\\\/\"}]}<\/script>","yoast_head_json":{"title":"Ca s'est pass\u00e9 \u00e0 REPERES du 1er janvier au 31 mars - Rep\u00e8res Astro","robots":{"index":"index","follow":"follow","max-snippet":"max-snippet:-1","max-image-preview":"max-image-preview:large","max-video-preview":"max-video-preview:-1"},"canonical":"https:\/\/reperes-astro.fr\/ca-sest-passe-a-reperes-depuis-le-1er-janvier\/","og_locale":"fr_FR","og_type":"article","og_title":"Ca s'est pass\u00e9 \u00e0 REPERES du 1er janvier au 31 mars - Rep\u00e8res Astro","og_description":"JANVIER Samedi 3 BRICOLAGES mardi 10 intervention \u00e0 l&rsquo;EREA de CREVECOEUR Mercredi 11 R\u00e9union au mus\u00e9e de VENDEUIL CAPLY pour pr\u00e9parer&#46;&#46;&#46;","og_url":"https:\/\/reperes-astro.fr\/ca-sest-passe-a-reperes-depuis-le-1er-janvier\/","og_site_name":"Rep\u00e8res Astro","article_publisher":"https:\/\/www.facebook.com\/AssoReperesAstro\/?locale=fr_FRrplanetarium","article_published_time":"2023-01-22T11:14:50+00:00","article_modified_time":"2025-01-31T17:48:10+00:00","og_image":[{"width":1981,"height":2560,"url":"https:\/\/reperes-astro.fr\/%77%70%2d%63%6f%6e%74%65%6e%74\/uploads\/2023\/01\/2023-01-M42-AURORE-G-scaled.jpg","type":"image\/jpeg"}],"author":"Claude Grimaud","twitter_card":"summary_large_image","twitter_misc":{"\u00c9crit par":"Claude Grimaud","Dur\u00e9e de lecture estim\u00e9e":"5 minutes"},"schema":{"@context":"https:\/\/schema.org","@graph":[{"@type":"Article","@id":"https:\/\/reperes-astro.fr\/ca-sest-passe-a-reperes-depuis-le-1er-janvier\/#article","isPartOf":{"@id":"https:\/\/reperes-astro.fr\/ca-sest-passe-a-reperes-depuis-le-1er-janvier\/"},"author":{"name":"Claude Grimaud","@id":"https:\/\/reperes-astro.fr\/#\/schema\/person\/df305cef14844cc5dc8a7927e48142cd"},"headline":"Ca s&rsquo;est pass\u00e9 \u00e0 REPERES du 1er janvier au 31 mars","datePublished":"2023-01-22T11:14:50+00:00","dateModified":"2025-01-31T17:48:10+00:00","mainEntityOfPage":{"@id":"https:\/\/reperes-astro.fr\/ca-sest-passe-a-reperes-depuis-le-1er-janvier\/"},"wordCount":1000,"publisher":{"@id":"https:\/\/reperes-astro.fr\/#organization"},"image":{"@id":"https:\/\/reperes-astro.fr\/ca-sest-passe-a-reperes-depuis-le-1er-janvier\/#primaryimage"},"thumbnailUrl":"https:\/\/reperes-astro.fr\/%77%70%2d%63%6f%6e%74%65%6e%74\/uploads\/2023\/01\/2023-01-M42-AURORE-G-scaled.jpg","articleSection":["Actualit\u00e9s"],"inLanguage":"fr-FR"},{"@type":"WebPage","@id":"https:\/\/reperes-astro.fr\/ca-sest-passe-a-reperes-depuis-le-1er-janvier\/","url":"https:\/\/reperes-astro.fr\/ca-sest-passe-a-reperes-depuis-le-1er-janvier\/","name":"Ca s'est pass\u00e9 \u00e0 REPERES du 1er janvier au 31 mars - Rep\u00e8res Astro","isPartOf":{"@id":"https:\/\/reperes-astro.fr\/#website"},"primaryImageOfPage":{"@id":"https:\/\/reperes-astro.fr\/ca-sest-passe-a-reperes-depuis-le-1er-janvier\/#primaryimage"},"image":{"@id":"https:\/\/reperes-astro.fr\/ca-sest-passe-a-reperes-depuis-le-1er-janvier\/#primaryimage"},"thumbnailUrl":"https:\/\/reperes-astro.fr\/%77%70%2d%63%6f%6e%74%65%6e%74\/uploads\/2023\/01\/2023-01-M42-AURORE-G-scaled.jpg","datePublished":"2023-01-22T11:14:50+00:00","dateModified":"2025-01-31T17:48:10+00:00","breadcrumb":{"@id":"https:\/\/reperes-astro.fr\/ca-sest-passe-a-reperes-depuis-le-1er-janvier\/#breadcrumb"},"inLanguage":"fr-FR","potentialAction":[{"@type":"ReadAction","target":["https:\/\/reperes-astro.fr\/ca-sest-passe-a-reperes-depuis-le-1er-janvier\/"]}]},{"@type":"ImageObject","inLanguage":"fr-FR","@id":"https:\/\/reperes-astro.fr\/ca-sest-passe-a-reperes-depuis-le-1er-janvier\/#primaryimage","url":"https:\/\/reperes-astro.fr\/%77%70%2d%63%6f%6e%74%65%6e%74\/uploads\/2023\/01\/2023-01-M42-AURORE-G-scaled.jpg","contentUrl":"https:\/\/reperes-astro.fr\/%77%70%2d%63%6f%6e%74%65%6e%74\/uploads\/2023\/01\/2023-01-M42-AURORE-G-scaled.jpg","width":1981,"height":2560},{"@type":"BreadcrumbList","@id":"https:\/\/reperes-astro.fr\/ca-sest-passe-a-reperes-depuis-le-1er-janvier\/#breadcrumb","itemListElement":[{"@type":"ListItem","position":1,"name":"Accueil","item":"https:\/\/reperes-astro.fr\/"},{"@type":"ListItem","position":2,"name":"Ca s&#8217;est pass\u00e9 \u00e0 REPERES du 1er janvier au 31 mars"}]},{"@type":"WebSite","@id":"https:\/\/reperes-astro.fr\/#website","url":"https:\/\/reperes-astro.fr\/","name":"Rep\u00e8res Astro","description":"&quot;Heureux soient les f\u00eal\u00e9s, car ils laisseront passer la lumi\u00e8re.&quot; Michel Audiard","publisher":{"@id":"https:\/\/reperes-astro.fr\/#organization"},"potentialAction":[{"@type":"SearchAction","target":{"@type":"EntryPoint","urlTemplate":"https:\/\/reperes-astro.fr\/?s={search_term_string}"},"query-input":{"@type":"PropertyValueSpecification","valueRequired":true,"valueName":"search_term_string"}}],"inLanguage":"fr-FR"},{"@type":"Organization","@id":"https:\/\/reperes-astro.fr\/#organization","name":"Rep\u00e8res Astro","url":"https:\/\/reperes-astro.fr\/","logo":{"@type":"ImageObject","inLanguage":"fr-FR","@id":"https:\/\/reperes-astro.fr\/#\/schema\/logo\/image\/","url":"https:\/\/reperes-astro.fr\/%77%70%2d%63%6f%6e%74%65%6e%74\/uploads\/2014\/01\/logo-reperes1.jpg","contentUrl":"https:\/\/reperes-astro.fr\/%77%70%2d%63%6f%6e%74%65%6e%74\/uploads\/2014\/01\/logo-reperes1.jpg","width":510,"height":510,"caption":"Rep\u00e8res Astro"},"image":{"@id":"https:\/\/reperes-astro.fr\/#\/schema\/logo\/image\/"},"sameAs":["https:\/\/www.facebook.com\/AssoReperesAstro\/?locale=fr_FRrplanetarium"]},{"@type":"Person","@id":"https:\/\/reperes-astro.fr\/#\/schema\/person\/df305cef14844cc5dc8a7927e48142cd","name":"Claude Grimaud","url":"https:\/\/reperes-astro.fr\/author\/claude\/"}]}},"_links":{"self":[{"href":"https:\/\/reperes-astro.fr\/%77%70%2d%6a%73%6f%6e\/wp\/v2\/posts\/11306","targetHints":{"allow":["GET"]}}],"collection":[{"href":"https:\/\/reperes-astro.fr\/%77%70%2d%6a%73%6f%6e\/wp\/v2\/posts"}],"about":[{"href":"https:\/\/reperes-astro.fr\/%77%70%2d%6a%73%6f%6e\/wp\/v2\/types\/post"}],"author":[{"embeddable":true,"href":"https:\/\/reperes-astro.fr\/%77%70%2d%6a%73%6f%6e\/wp\/v2\/users\/2"}],"replies":[{"embeddable":true,"href":"https:\/\/reperes-astro.fr\/%77%70%2d%6a%73%6f%6e\/wp\/v2\/comments?post=11306"}],"version-history":[{"count":0,"href":"https:\/\/reperes-astro.fr\/%77%70%2d%6a%73%6f%6e\/wp\/v2\/posts\/11306\/revisions"}],"wp:featuredmedia":[{"embeddable":true,"href":"https:\/\/reperes-astro.fr\/%77%70%2d%6a%73%6f%6e\/wp\/v2\/media\/11313"}],"wp:attachment":[{"href":"https:\/\/reperes-astro.fr\/%77%70%2d%6a%73%6f%6e\/wp\/v2\/media?parent=11306"}],"wp:term":[{"taxonomy":"category","embeddable":true,"href":"https:\/\/reperes-astro.fr\/%77%70%2d%6a%73%6f%6e\/wp\/v2\/categories?post=11306"},{"taxonomy":"post_tag","embeddable":true,"href":"https:\/\/reperes-astro.fr\/%77%70%2d%6a%73%6f%6e\/wp\/v2\/tags?post=11306"}],"curies":[{"name":"wp","href":"https:\/\/api.w.org\/{rel}","templated":true}]}}