{"id":14011,"date":"2026-05-01T01:00:00","date_gmt":"2026-04-30T23:00:00","guid":{"rendered":"https:\/\/reperes-astro.fr\/?p=14011"},"modified":"2025-11-04T16:08:26","modified_gmt":"2025-11-04T15:08:26","slug":"les-pleiades-filles-datlas","status":"publish","type":"post","link":"https:\/\/reperes-astro.fr\/les-pleiades-filles-datlas\/","title":{"rendered":"Les Pl\u00e9iades, filles d\u2019Atlas"},"content":{"rendered":"<div class=\"wp-block-image is-style-default\">\n<figure class=\"aligncenter size-full\"><a href=\"https:\/\/reperes-astro.fr\/%77%70%2d%63%6f%6e%74%65%6e%74\/uploads\/2024\/09\/1_xOPWz1m0w_rzO4T6skQGJA.webp\"><img loading=\"lazy\" decoding=\"async\" width=\"554\" height=\"305\" src=\"https:\/\/reperes-astro.fr\/%77%70%2d%63%6f%6e%74%65%6e%74\/uploads\/2024\/09\/1_xOPWz1m0w_rzO4T6skQGJA.webp\" alt=\"Les Pl\u00e9iades filles d\u2019Atlas\" class=\"wp-image-14012\" srcset=\"https:\/\/reperes-astro.fr\/%77%70%2d%63%6f%6e%74%65%6e%74\/uploads\/2024\/09\/1_xOPWz1m0w_rzO4T6skQGJA.webp 554w, https:\/\/reperes-astro.fr\/%77%70%2d%63%6f%6e%74%65%6e%74\/uploads\/2024\/09\/1_xOPWz1m0w_rzO4T6skQGJA-300x165.webp 300w\" sizes=\"auto, (max-width: 554px) 100vw, 554px\" \/><\/a><figcaption class=\"wp-element-caption\">L\u2019amas des Pl\u00e9iades sur l\u2019\u00e9chine du Taureau (Atlas Alexander Jamieson).<\/figcaption><\/figure>\n<\/div>\n\n\n<p><\/p>\n\n\n\n<h2 class=\"wp-block-heading has-medium-font-size\" id=\"821b\"><strong>En r\u00e9sum\u00e9 :<\/strong><\/h2>\n\n\n\n<p id=\"40ba\">Les Pl\u00e9iades sont sept s\u0153urs qui ont \u00e9t\u00e9 mises au ciel ensemble pour former un amas d\u2019\u00e9toiles situ\u00e9 dans la constellation du Taureau, elles sont les filles de d\u2019Atlas, le fameux G\u00e9ant qui a combattu aux origines les premiers dieux olympiens. Puni par Zeus, il porte sur lui \u00e9ternellement la vo\u00fbte c\u00e9leste. D\u2019une union avec Pl\u00e9ion\u00e9, il e\u00fbt les Pl\u00e9iades, ainsi que les Hyades (un autre amas du Taureau) .<\/p>\n\n\n\n<p id=\"19ab\">D\u2019une grande beaut\u00e9, les Pl\u00e9iades eurent toutes comme compagnon des Dieux Olympiens, \u00e0 l\u2019exception de Merop\u00e9 qui s\u2019unit \u00e0 Sisyphe. Lors d\u2019un passage en B\u00e9otie, elles crois\u00e8rent Orion, qui tomba fou amoureux des sept s\u0153urs. Il les poursuivit de ses assiduit\u00e9s pendant plusieurs ann\u00e9es. Las de cette \u00e9ternelle fuite, elles furent transform\u00e9es d\u2019abord en colombes. Mais pris de piti\u00e9, Zeus les pla\u00e7a au ciel.<\/p>\n\n\n\n<h2 class=\"wp-block-heading has-medium-font-size\" id=\"e6f0\"><strong>L\u2019amas des Pl\u00e9iades en quelques mots<\/strong> :<\/h2>\n\n\n\n<p id=\"baa5\">Les Pl\u00e9iades (parfois La Pl\u00e9iade) se situent dans la constellation du Taureau et constituent la partie haute de son \u00e9chine. Elles sont juste en dessous de la constellation de Pers\u00e9e. Il s\u2019agit en fait des \u00e9toiles les plus visibles (de 4 \u00e0 10 selon les auteurs anciens) d\u2019un amas ouvert comprenant en tout quelques 2000 \u00e9toiles s\u00e9par\u00e9es de nous par 380 ann\u00e9es lumi\u00e8res. Cet amas figure en tant que tel dans le catalogue de Messier (M45). Il est ais\u00e9ment observable \u00e0 la jumelle et se situe au plus haut dans notre ciel en hiver.<\/p>\n\n\n\n<p id=\"109f\">Dans les \u00e9crits anciens, les Pl\u00e9iades sont une constellation \u00e0 part : <\/p>\n\n\n\n<blockquote class=\"wp-block-quote is-layout-flow wp-block-quote-is-layout-flow\">\n<p id=\"109f\">I<em>l y repr\u00e9senta toutes les constellations dont le Ciel se couronne : les Pl\u00e9iades, les Hyades, le vigoureux Orion, l\u2019Ourse, etc<\/em>.<\/p>\n<\/blockquote>\n\n\n\n<p class=\"has-text-align-right\" id=\"109f\"><strong>Hom\u00e8re, l\u2019Iliade, chant 18<\/strong><\/p>\n\n\n\n<p id=\"109f\">Elles le doivent au r\u00f4le important qu\u2019on leur a attribu\u00e9 au niveau des rythmes agricoles et de navigation.<\/p>\n\n\n\n<blockquote class=\"wp-block-quote is-layout-flow wp-block-quote-is-layout-flow\">\n<p id=\"109f\"><em>Au lever des Pl\u00e9iades, filles d\u2019Atlas, commencez la moisson, les semailles \u00e0 leur coucher. (\u2026) Souviens toi alors que, quand les Pl\u00e9iades, fuyant devant la force puissante d\u2019Orion, tombent dans la mer embrum\u00e9e, c\u2019est le moment o\u00f9 bouillonnent les souffles de tous les vents.<\/em><\/p>\n<\/blockquote>\n\n\n\n<p class=\"has-text-align-right\" id=\"109f\"><strong>H\u00e9siode, Les Travaux et les Jours<\/strong><\/p>\n\n\n\n<p id=\"109f\">Le lever \u00e9voqu\u00e9 par H\u00e9siode fait r\u00e9f\u00e9rence au lever h\u00e9liaque (moment o\u00f9 une \u00e9toile appara\u00eet juste avant que le soleil ne se l\u00e8ve).<\/p>\n\n\n\n<blockquote class=\"wp-block-quote is-layout-flow wp-block-quote-is-layout-flow\">\n<p id=\"109f\"><em>La Pl\u00e9iade r\u00e9v\u00e8le deux saisons, quand la douceur printani\u00e8re rappelle au laboureur son champ et quand survient l\u2019hiver, que les gens d\u2019exp\u00e9rience doivent \u00e9viter \u00e0 l\u2019abri du port.<\/em><\/p>\n<\/blockquote>\n\n\n\n<p class=\"has-text-align-right\" id=\"109f\"><strong>Germanicus, Les ph\u00e9nom\u00e8nes d\u2019Aratos<\/strong><\/p>\n\n\n\n<p id=\"10a4\">Mais au tournant de l\u2019\u00e8re chr\u00e9tienne, les Pl\u00e9iades sont progressivement int\u00e9gr\u00e9es \u00e0 la constellation du Taureau (Hygin). Dans l\u2019Almageste de Ptol\u00e9m\u00e9e, les \u00e9toiles composant La Pl\u00e9iade (trois seulement) sont d\u00e9crites au niveau de la constellation du Taureau.<\/p>\n\n\n<div class=\"wp-block-image\">\n<figure class=\"aligncenter size-full is-resized\"><a href=\"https:\/\/reperes-astro.fr\/%77%70%2d%63%6f%6e%74%65%6e%74\/uploads\/2028\/01\/1_r2-Y5lAhEeesPHP-3S_WeQ.webp\"><img loading=\"lazy\" decoding=\"async\" width=\"720\" height=\"794\" src=\"https:\/\/reperes-astro.fr\/%77%70%2d%63%6f%6e%74%65%6e%74\/uploads\/2028\/01\/1_r2-Y5lAhEeesPHP-3S_WeQ.webp\" alt=\"\" class=\"wp-image-14015\" style=\"width:630px\" srcset=\"https:\/\/reperes-astro.fr\/%77%70%2d%63%6f%6e%74%65%6e%74\/uploads\/2028\/01\/1_r2-Y5lAhEeesPHP-3S_WeQ.webp 720w, https:\/\/reperes-astro.fr\/%77%70%2d%63%6f%6e%74%65%6e%74\/uploads\/2028\/01\/1_r2-Y5lAhEeesPHP-3S_WeQ-272x300.webp 272w\" sizes=\"auto, (max-width: 720px) 100vw, 720px\" \/><\/a><figcaption class=\"wp-element-caption\">Les sept Pl\u00e9iades (Aratea de Leyde).<\/figcaption><\/figure>\n<\/div>\n\n\n<p><\/p>\n\n\n\n<h2 class=\"wp-block-heading has-medium-font-size\" id=\"cd4d\"><strong>Ce qu\u2019en disent les auteurs grecs et latins<\/strong> :<\/h2>\n\n\n\n<blockquote class=\"wp-block-quote is-layout-flow wp-block-quote-is-layout-flow\">\n<p id=\"a7f4\"><em>Elles sont pourtant renomm\u00e9es chez les hommes comme les \u00e9toiles aux sept voies, bien que six seulement se montrent \u00e0 nos yeux. (\u2026) Et on les d\u00e9signe ouvertement sous sept noms : Alcyon\u00e9, M\u00e9rop\u00e9, C\u00e9laeno, Electre, Sterop\u00e9, Tayg\u00e9t\u00e9 et la v\u00e9n\u00e9rable Maia.<\/em><\/p>\n<\/blockquote>\n\n\n\n<p class=\"has-text-align-right\" id=\"a7f4\"><strong>Aratos de Soles. Ph\u00e9nom\u00e8nes.<\/strong><\/p>\n\n\n\n<blockquote class=\"wp-block-quote is-layout-flow wp-block-quote-is-layout-flow\">\n<p id=\"120e\"><em>Elle (la Pl\u00e9iade) est constitu\u00e9e par un amas de sept \u00e9toiles, dont on raconte qu\u2019elles sont les filles d\u2019Atlas, raison pour laquelle on l\u2019appelle aussi Heptast\u00e8re (celle qui a sept \u00e9toiles).<\/em><\/p>\n<\/blockquote>\n\n\n\n<p class=\"has-text-align-right\" id=\"120e\"><strong>Eratosth\u00e8ne de Cyr\u00e8ne. Catast\u00e9rismes.<\/strong><\/p>\n\n\n\n<blockquote class=\"wp-block-quote is-layout-flow wp-block-quote-is-layout-flow\">\n<p id=\"8a43\"><em>Pour ces Pleiades, les anciens astronomes les ont repr\u00e9sent\u00e9es \u00e0 l\u2019\u00e9cart du Taureau. Elles sont les filles d\u2019Atlas et de Pl\u00e9ion\u00e9.<\/em><\/p>\n<\/blockquote>\n\n\n\n<p class=\"has-text-align-right\" id=\"8a43\"><strong>Hygin. L\u2019Astronomie.<\/strong><\/p>\n\n\n\n<blockquote class=\"wp-block-quote is-layout-flow wp-block-quote-is-layout-flow\">\n<p id=\"3684\"><em>Un espace fort exigu les maintient toutes group\u00e9es ; toutes , malgr\u00e9 leur terne flambeau, sont signal\u00e9es par la lumi\u00e8re proche d\u2019une constellation ardente : car dolent est l\u2019\u00e9clat de ces s\u0153urs, astres trop peu brillants pour rayonner de flammes d\u2019or.<\/em><\/p>\n<\/blockquote>\n\n\n\n<p class=\"has-text-align-right\" id=\"3684\"><strong>Avi\u00e9nus. Les Ph\u00e9nom\u00e8nes d\u2019Aratos.<\/strong><\/p>\n\n\n<div class=\"wp-block-image\">\n<figure class=\"aligncenter size-full is-resized\"><a href=\"https:\/\/reperes-astro.fr\/%77%70%2d%63%6f%6e%74%65%6e%74\/uploads\/2028\/01\/1_gdRr3z0lR_iLgBpz5EBbug.webp\"><img loading=\"lazy\" decoding=\"async\" width=\"720\" height=\"470\" src=\"https:\/\/reperes-astro.fr\/%77%70%2d%63%6f%6e%74%65%6e%74\/uploads\/2028\/01\/1_gdRr3z0lR_iLgBpz5EBbug.webp\" alt=\"\" class=\"wp-image-14016\" style=\"width:630px\" srcset=\"https:\/\/reperes-astro.fr\/%77%70%2d%63%6f%6e%74%65%6e%74\/uploads\/2028\/01\/1_gdRr3z0lR_iLgBpz5EBbug.webp 720w, https:\/\/reperes-astro.fr\/%77%70%2d%63%6f%6e%74%65%6e%74\/uploads\/2028\/01\/1_gdRr3z0lR_iLgBpz5EBbug-300x196.webp 300w\" sizes=\"auto, (max-width: 720px) 100vw, 720px\" \/><\/a><figcaption class=\"wp-element-caption\">Les Pl\u00e9iades, Elihu Vedder, 1885.<\/figcaption><\/figure>\n<\/div>\n\n\n<p><\/p>\n\n\n\n<h2 class=\"wp-block-heading has-medium-font-size\" id=\"af94\"><strong>Filles d\u2019Atlas fuyant Orion :<\/strong><\/h2>\n\n\n\n<p id=\"70e3\">Le fait est couramment admis chez tous les auteurs des mythologies grecque et romaine : les Pl\u00e9iades sont les filles d\u2019Atlas (fils du titan Japet et Clym\u00e8ne) et de Pl\u00e9ion\u00e9, oc\u00e9anide (fille du titan Oc\u00e9an et de la titanide Th\u00e9tys).<\/p>\n\n\n\n<blockquote class=\"wp-block-quote is-layout-flow wp-block-quote-is-layout-flow\">\n<p id=\"70e3\"><em>Elles ont pour p\u00e8re le porteur du ciel<\/em>.<\/p>\n<\/blockquote>\n\n\n\n<p class=\"has-text-align-right\" id=\"70e3\"><strong>Germanicus<\/strong><\/p>\n\n\n\n<p id=\"70e3\">Seul Hygin \u00e9met des variantes \u00e0 cette ascendance, parlant de Hyas et B\u00e9otia.<\/p>\n\n\n\n<p id=\"acad\">Elles sont donc sept ayant eu des relations amoureuses avec des dieux olympiens, \u00e0 l\u2019exception de M\u00e9rop\u00e9. Trois vont s\u2019unir \u00e0 Zeus : Electre qui enfanta Dardanos (les textes parlent plut\u00f4t d\u2019un viol); Tayg\u00e9t\u00e9 donna naissance \u00e0 Lac\u00e9daemon et Maia, <\/p>\n\n\n\n<blockquote class=\"wp-block-quote is-layout-flow wp-block-quote-is-layout-flow\">\n<p id=\"acad\"><em>Fameuse par le dieu qu\u2019elle enfanta<\/em>.<\/p>\n<\/blockquote>\n\n\n\n<p class=\"has-text-align-right\" id=\"acad\"><strong>Avi\u00e9nus, faisant r\u00e9f\u00e9rence \u00e0 Mercure-Herm\u00e8s.<\/strong><\/p>\n\n\n\n<p id=\"acad\">Deux vont avoir Pos\u00e9idon comme amant : C\u00e9laeno, de qui elle aura un fils, Lycos et Alcyone, qui deviendra la m\u00e8re d\u2019Hyfri\u00e9e, d\u2019Hyp\u00e9renor et d\u2019Ethusa. Sterop\u00e9 va, quant \u00e0 elle, succomber aux charmes d\u2019Ar\u00e9s, avec qui elle aura Oenomaos, roi de Pise. La septi\u00e8me Pl\u00e9iade, M\u00e9rop\u00e9, va, contrairement \u00e0 ses s\u0153urs, \u00e9pouser un mortel, le fameux Sysiphe, condamn\u00e9 par Zeus \u00e0 faire rouler ind\u00e9finiment un rocher au sommet d\u2019une colline. Ensemble, ils auront un fils, Glaucos.<\/p>\n\n\n\n<h2 class=\"wp-block-heading\"><\/h2>\n\n\n\n<p id=\"2aad\">Si les Pl\u00e9iades sont au ciel, c\u2019est en raison de leur triste sort. Elles sont les compagnes d\u2019Artemis, d\u00e9esse de la nature et de la chasse. Et lors d\u2019une chasse en B\u00e9otie, elles vont croiser la route d\u2019Orion, g\u00e9ant et grand chasseur. Ce dernier se prend d\u2019un amour fou pour les Pl\u00e9iades et leur m\u00e8re, Pl\u00e9ion\u00e9. Il les poursuit de ses assiduit\u00e9s durant plusieurs ann\u00e9es (cinq ou sept selon les versions). Pour lui \u00e9chapper, les Pl\u00e9iades se transforment en colombes. Attrist\u00e9 de leur sort, Zeus d\u00e9cide alors de les placer au ciel. Mais \u00e0 la mort d\u2019Orion, Zeus, \u00e0 la demande d\u2019Art\u00e9mis, le pla\u00e7a \u00e9galement dans le ciel, non loin des Pl\u00e9iades (pas tr\u00e8s sympa pour elles!) :<\/p>\n\n\n\n<blockquote class=\"wp-block-quote is-layout-flow wp-block-quote-is-layout-flow\">\n<p id=\"2aad\"><em>Orion semble encore les poursuivre dans leur fuite jusqu\u2019au couchant.<\/em><\/p>\n<\/blockquote>\n\n\n\n<p class=\"has-text-align-right\" id=\"2aad\"><strong>Hygin.<\/strong><\/p>\n\n\n\n<p id=\"581e\">A noter qu\u2019une autre variante a \u00e9t\u00e9 donn\u00e9e par Hygin pour expliquer leur positionnement au ciel. Afflig\u00e9s par la mort de leur fr\u00e8re Hyas \u00e0 la suite d\u2019une chasse au lion, les Hyades d\u00e9cident de se suicider. Les Pl\u00e9iades, s\u0153urs de Hyas et des Hyades, les suivent dans ce tragique destin. Zeus d\u00e9cida alors de placer les Hyades et les Pl\u00e9iades au ciel.<\/p>\n\n\n<div class=\"wp-block-image\">\n<figure class=\"aligncenter size-large is-resized\"><a href=\"https:\/\/reperes-astro.fr\/%77%70%2d%63%6f%6e%74%65%6e%74\/uploads\/2028\/01\/1_IbGXldwXT2pvGn2t7OZSww.webp\"><img loading=\"lazy\" decoding=\"async\" width=\"1024\" height=\"565\" src=\"https:\/\/reperes-astro.fr\/%77%70%2d%63%6f%6e%74%65%6e%74\/uploads\/2028\/01\/1_IbGXldwXT2pvGn2t7OZSww-1024x565.webp\" alt=\"\" class=\"wp-image-14017\" style=\"width:630px\" srcset=\"https:\/\/reperes-astro.fr\/%77%70%2d%63%6f%6e%74%65%6e%74\/uploads\/2028\/01\/1_IbGXldwXT2pvGn2t7OZSww-1024x565.webp 1024w, https:\/\/reperes-astro.fr\/%77%70%2d%63%6f%6e%74%65%6e%74\/uploads\/2028\/01\/1_IbGXldwXT2pvGn2t7OZSww-300x166.webp 300w, https:\/\/reperes-astro.fr\/%77%70%2d%63%6f%6e%74%65%6e%74\/uploads\/2028\/01\/1_IbGXldwXT2pvGn2t7OZSww-768x424.webp 768w, https:\/\/reperes-astro.fr\/%77%70%2d%63%6f%6e%74%65%6e%74\/uploads\/2028\/01\/1_IbGXldwXT2pvGn2t7OZSww.webp 1293w\" sizes=\"auto, (max-width: 1024px) 100vw, 1024px\" \/><\/a><figcaption class=\"wp-element-caption\">Les Pl\u00e9iades montant au ciel (John Flaxman, 1755\u20131826).<\/figcaption><\/figure>\n<\/div>\n\n\n<p><\/p>\n\n\n\n<h2 class=\"wp-block-heading has-medium-font-size\" id=\"fe8c\"><strong>Six ou sept ?<\/strong><\/h2>\n\n\n\n<p id=\"ce2a\">C\u2019est le myst\u00e8re qui entoure cet amas d\u2019\u00e9toiles : on dit bien partout que les les Pl\u00e9iades sont sept. Mais on dit \u00e9galement par ailleurs que seules six \u00e9toiles sont nettement visibles.<\/p>\n\n\n\n<blockquote class=\"wp-block-quote is-layout-flow wp-block-quote-is-layout-flow\">\n<p id=\"ce2a\"><em>On les dit au nombre de sept, mais personne ne peut en voir plus de six.<\/em><\/p>\n<\/blockquote>\n\n\n\n<p class=\"has-text-align-right\" id=\"ce2a\"><strong>Hygin<\/strong><\/p>\n\n\n\n<blockquote class=\"wp-block-quote is-layout-flow wp-block-quote-is-layout-flow\">\n<p id=\"ce2a\"><em>On n\u2019en voit pourtant pas sept, mais seulement six.<\/em><\/p>\n<\/blockquote>\n\n\n\n<p class=\"has-text-align-right\" id=\"ce2a\"><strong>Eratosth\u00e8ne<\/strong><\/p>\n\n\n\n<p id=\"ce2a\">Le myst\u00e8re de la disparition de cette septi\u00e8me \u00e9toile est d\u2019autant plus surprenant que, rien dans la magnitude des \u00e9toiles les plus brillantes de cet amas permet d\u2019en isoler une plus que l\u2019autre. Techniquement, l\u2019\u0153il nu permet m\u00eame d\u2019en distinguer neuf, d\u2019une magnitude allant de 2,8 \u00e0 5,4 : 16, 17, 19, 20, 21\u201322 (une double), 23, 27, 28 et h (Tau). Dans les catalogues des noms d\u2019\u00e9toiles, pour arriver \u00e0 9, on a ajout\u00e9 aux noms des sept Pl\u00e9iades, ceux de leur parent (Atlas et Pl\u00e9ion\u00e9).<\/p>\n\n\n\n<p id=\"853d\">Alors d\u2019o\u00f9 vient cette fameuse septi\u00e8me \u00e9toile subitement devenue invisible ? S\u2019agirait il d\u2019un r\u00e9el ph\u00e9nom\u00e8ne astronomique (la brillance d\u2019une \u00e9toile peut p\u00e2lir subitement) ou d\u2019une interpr\u00e9tation purement mythologique ? Sur ce dernier point, les auteurs anciens nous donnent deux explications. La premi\u00e8re serait li\u00e9e \u00e0 M\u00e9rop\u00e9, dont l\u2019\u00e9clat serait moindre en raison du fait qu\u2019elle a \u00e9pous\u00e9 un mortel :<\/p>\n\n\n\n<blockquote class=\"wp-block-quote is-layout-flow wp-block-quote-is-layout-flow\">\n<p id=\"853d\"><em>mais pour avoir \u00e9pous\u00e9 un mortel, son \u00e9toile est sans \u00e9clat.<\/em><\/p>\n<\/blockquote>\n\n\n\n<p class=\"has-text-align-right\" id=\"853d\"><strong>Hygin<\/strong><\/p>\n\n\n\n<p id=\"853d\">La deuxi\u00e8me serait li\u00e9e \u00e0 Electre. Qui, \u00e0 la suite de l\u2019incendie de Troie l\u2019Id\u00e9enne, est :<\/p>\n\n\n\n<blockquote class=\"wp-block-quote is-layout-flow wp-block-quote-is-layout-flow\">\n<p id=\"853d\"><em>endeuill\u00e9e par les nombreux morts de sa race.<\/em><\/p>\n<\/blockquote>\n\n\n\n<p class=\"has-text-align-right\" id=\"853d\"><strong>Avi\u00e9nus<\/strong><\/p>\n\n\n\n<p id=\"853d\">Elle se retire alors de l\u2019obscurit\u00e9 et :<\/p>\n\n\n\n<blockquote class=\"wp-block-quote is-layout-flow wp-block-quote-is-layout-flow\">\n<p id=\"853d\"><em>voile d\u2019affreux nuages son disque d\u00e9sol\u00e9, si bien que sa t\u00eate est le plus souvent envelopp\u00e9e d\u2019obscures t\u00e9n\u00e8bres.<\/em><\/p>\n<\/blockquote>\n\n\n\n<p class=\"has-text-align-right\" id=\"853d\"><strong>Avi\u00e9nus<\/strong><\/p>\n\n\n\n<p id=\"853d\">De mani\u00e8re all\u00e9gorique, Electre r\u00e9appara\u00eetrait ici ou l\u00e0 sous forme de com\u00e8te voire d\u2019\u00e9toile isol\u00e9e (Cor Carolis?). L\u00e0 encore si l\u2019explication po\u00e9tique est s\u00e9duisante, la confrontation \u00e0 la r\u00e9alit\u00e9 l\u2019est moins : les brillances de M\u00e9rop\u00e9 et d\u2019Electre sont comparables aux autres \u00e9toiles visibles de l\u2019amas M45.<\/p>\n\n\n<div class=\"wp-block-image\">\n<figure class=\"aligncenter size-full\"><a href=\"https:\/\/reperes-astro.fr\/%77%70%2d%63%6f%6e%74%65%6e%74\/uploads\/2028\/01\/1_SjmViK47Rt79yCQ6ANiXFA.webp\"><img loading=\"lazy\" decoding=\"async\" width=\"220\" height=\"467\" src=\"https:\/\/reperes-astro.fr\/%77%70%2d%63%6f%6e%74%65%6e%74\/uploads\/2028\/01\/1_SjmViK47Rt79yCQ6ANiXFA.webp\" alt=\"Les Pl\u00e9iades filles d\u2019Atlas\" class=\"wp-image-14018\" srcset=\"https:\/\/reperes-astro.fr\/%77%70%2d%63%6f%6e%74%65%6e%74\/uploads\/2028\/01\/1_SjmViK47Rt79yCQ6ANiXFA.webp 220w, https:\/\/reperes-astro.fr\/%77%70%2d%63%6f%6e%74%65%6e%74\/uploads\/2028\/01\/1_SjmViK47Rt79yCQ6ANiXFA-141x300.webp 141w\" sizes=\"auto, (max-width: 220px) 100vw, 220px\" \/><\/a><figcaption class=\"wp-element-caption\">William Bouguereau, L\u2019\u00c9toile perdue, 1884 (repr\u00e9sentant M\u00e9rop\u00e9).<\/figcaption><\/figure>\n<\/div>\n\n\n<p><\/p>\n\n\n\n<h2 class=\"wp-block-heading has-medium-font-size\" id=\"a565\"><strong>Pour en savoir plus<\/strong> :<\/h2>\n\n\n\n<ul class=\"wp-block-list\">\n<li><em>Encyclop\u00e9die du Ciel. sous la direction d\u2019Arnaud Zucker (<a href=\"https:\/\/www.amazon.fr\/LEncyclop%C3%A9die-du-ciel-Arnaud-ZUCKER\/dp\/2221097904\">\u00c9d. Bouquins<\/a>)<\/em><\/li>\n\n\n\n<li><em>Eratosth\u00e8ne \u2014 Le Ciel. Mythe et Histoires des constellations. Sous la direction de Pascal Charvet (<a href=\"https:\/\/www.amazon.fr\/ciel-Mythes-histoire-constellations\/dp\/2841111059\">Ed. du Nil<\/a>)<\/em><\/li>\n\n\n\n<li><em>Ph\u00e9nom\u00e8nes. Aratos (<a href=\"https:\/\/www.lesbelleslettres.com\/livre\/9782251010205\/les-phenomenes-d-aratos\">\u00c9d. Belles Lettres<\/a>)<\/em><\/li>\n\n\n\n<li><em>Catast\u00e9rismes. Eratosth\u00e8ne de Cyr\u00e8ne (<a href=\"https:\/\/www.lesbelleslettres.com\/contributeur\/eratosthene-de-cyrene\">\u00c9d. Belles Lettres<\/a>)<\/em><\/li>\n\n\n\n<li><em>L\u2019Astronomie. Hygin (<a href=\"https:\/\/www.lesbelleslettres.com\/livre\/9782251013213\/l-astronomie\">\u00c9d. Belles Lettres<\/a>)<\/em><\/li>\n\n\n\n<li><em>Les ph\u00e9nom\u00e8nes d\u2019Aratos. Germanicus (<a href=\"https:\/\/www.lesbelleslettres.com\/livre\/9782251010977\/les-phenomenes-d-aratos\">\u00c9d. Belles Lettres<\/a>)<\/em><\/li>\n\n\n\n<li><em>Les ph\u00e9nom\u00e8nes d\u2019Aratos. Avi\u00e9nus (<a href=\"https:\/\/www.lesbelleslettres.com\/livre\/9782251010205\/les-phenomenes-d-aratos\">\u00c9d. Belles Lettres<\/a>)<\/em><\/li>\n<\/ul>\n\n\n\n<p class=\"has-text-align-right\">Ecrit par Jean Paul Meyronneinc.<\/p>\n\n\n\n<div class=\"wp-block-columns is-layout-flex wp-container-core-columns-is-layout-9d6595d7 wp-block-columns-is-layout-flex\">\n<div class=\"wp-block-column is-layout-flow wp-block-column-is-layout-flow\"><\/div>\n\n\n\n<div class=\"wp-block-column is-layout-flow wp-block-column-is-layout-flow\">\n<hr class=\"wp-block-separator has-alpha-channel-opacity\"\/>\n<\/div>\n\n\n\n<div class=\"wp-block-column is-layout-flow wp-block-column-is-layout-flow\"><\/div>\n<\/div>\n<div class=\"pvc_clear\"><\/div><p id=\"pvc_stats_14011\" class=\"pvc_stats all  \" data-element-id=\"14011\" style=\"\"><i class=\"pvc-stats-icon medium\" aria-hidden=\"true\"><svg aria-hidden=\"true\" focusable=\"false\" data-prefix=\"far\" data-icon=\"chart-bar\" role=\"img\" xmlns=\"http:\/\/www.w3.org\/2000\/svg\" viewBox=\"0 0 512 512\" class=\"svg-inline--fa fa-chart-bar fa-w-16 fa-2x\"><path fill=\"currentColor\" d=\"M396.8 352h22.4c6.4 0 12.8-6.4 12.8-12.8V108.8c0-6.4-6.4-12.8-12.8-12.8h-22.4c-6.4 0-12.8 6.4-12.8 12.8v230.4c0 6.4 6.4 12.8 12.8 12.8zm-192 0h22.4c6.4 0 12.8-6.4 12.8-12.8V140.8c0-6.4-6.4-12.8-12.8-12.8h-22.4c-6.4 0-12.8 6.4-12.8 12.8v198.4c0 6.4 6.4 12.8 12.8 12.8zm96 0h22.4c6.4 0 12.8-6.4 12.8-12.8V204.8c0-6.4-6.4-12.8-12.8-12.8h-22.4c-6.4 0-12.8 6.4-12.8 12.8v134.4c0 6.4 6.4 12.8 12.8 12.8zM496 400H48V80c0-8.84-7.16-16-16-16H16C7.16 64 0 71.16 0 80v336c0 17.67 14.33 32 32 32h464c8.84 0 16-7.16 16-16v-16c0-8.84-7.16-16-16-16zm-387.2-48h22.4c6.4 0 12.8-6.4 12.8-12.8v-70.4c0-6.4-6.4-12.8-12.8-12.8h-22.4c-6.4 0-12.8 6.4-12.8 12.8v70.4c0 6.4 6.4 12.8 12.8 12.8z\" class=\"\"><\/path><\/svg><\/i> <img loading=\"lazy\" decoding=\"async\" width=\"16\" height=\"16\" alt=\"Loading\" src=\"https:\/\/reperes-astro.fr\/%77%70%2d%63%6f%6e%74%65%6e%74\/plugins\/page-views-count\/ajax-loader-2x.gif\" border=0 \/><\/p><div class=\"pvc_clear\"><\/div>","protected":false},"excerpt":{"rendered":"<p>En r\u00e9sum\u00e9 : Les Pl\u00e9iades sont sept s\u0153urs qui ont \u00e9t\u00e9 mises au ciel ensemble pour former un amas d\u2019\u00e9toiles situ\u00e9&#46;&#46;&#46;<\/p>\n<div class=\"pvc_clear\"><\/div>\n<p id=\"pvc_stats_14011\" class=\"pvc_stats all  \" data-element-id=\"14011\" style=\"\"><i class=\"pvc-stats-icon medium\" aria-hidden=\"true\"><svg aria-hidden=\"true\" focusable=\"false\" data-prefix=\"far\" data-icon=\"chart-bar\" role=\"img\" xmlns=\"http:\/\/www.w3.org\/2000\/svg\" viewBox=\"0 0 512 512\" class=\"svg-inline--fa fa-chart-bar fa-w-16 fa-2x\"><path fill=\"currentColor\" d=\"M396.8 352h22.4c6.4 0 12.8-6.4 12.8-12.8V108.8c0-6.4-6.4-12.8-12.8-12.8h-22.4c-6.4 0-12.8 6.4-12.8 12.8v230.4c0 6.4 6.4 12.8 12.8 12.8zm-192 0h22.4c6.4 0 12.8-6.4 12.8-12.8V140.8c0-6.4-6.4-12.8-12.8-12.8h-22.4c-6.4 0-12.8 6.4-12.8 12.8v198.4c0 6.4 6.4 12.8 12.8 12.8zm96 0h22.4c6.4 0 12.8-6.4 12.8-12.8V204.8c0-6.4-6.4-12.8-12.8-12.8h-22.4c-6.4 0-12.8 6.4-12.8 12.8v134.4c0 6.4 6.4 12.8 12.8 12.8zM496 400H48V80c0-8.84-7.16-16-16-16H16C7.16 64 0 71.16 0 80v336c0 17.67 14.33 32 32 32h464c8.84 0 16-7.16 16-16v-16c0-8.84-7.16-16-16-16zm-387.2-48h22.4c6.4 0 12.8-6.4 12.8-12.8v-70.4c0-6.4-6.4-12.8-12.8-12.8h-22.4c-6.4 0-12.8 6.4-12.8 12.8v70.4c0 6.4 6.4 12.8 12.8 12.8z\" class=\"\"><\/path><\/svg><\/i> <img loading=\"lazy\" decoding=\"async\" width=\"16\" height=\"16\" alt=\"Loading\" src=\"https:\/\/reperes-astro.fr\/%77%70%2d%63%6f%6e%74%65%6e%74\/plugins\/page-views-count\/ajax-loader-2x.gif\" border=0 \/><\/p>\n<div class=\"pvc_clear\"><\/div>\n","protected":false},"author":13,"featured_media":14012,"comment_status":"closed","ping_status":"closed","sticky":false,"template":"","format":"standard","meta":{"footnotes":""},"categories":[96],"tags":[],"class_list":["post-14011","post","type-post","status-publish","format-standard","has-post-thumbnail","hentry","category-mythologie"],"a3_pvc":{"activated":true,"total_views":0,"today_views":0},"yoast_head":"<title>Les Pl\u00e9iades filles d&#039;Atlas - Rep\u00e8res Astro<\/title>\n<meta name=\"description\" content=\"Les Pl\u00e9iades sont sept s\u0153urs, filles d&#039;Atlas, qui ont \u00e9t\u00e9 mises au ciel pour former un amas d\u2019\u00e9toiles dans la constellation du Taureau.\" \/>\n<meta name=\"robots\" content=\"index, follow, max-snippet:-1, max-image-preview:large, max-video-preview:-1\" \/>\n<link rel=\"canonical\" href=\"https:\/\/reperes-astro.fr\/les-pleiades-filles-datlas\/\" \/>\n<meta property=\"og:locale\" content=\"fr_FR\" \/>\n<meta property=\"og:type\" content=\"article\" \/>\n<meta property=\"og:title\" content=\"Les Pl\u00e9iades filles d&#039;Atlas - Rep\u00e8res Astro\" \/>\n<meta property=\"og:description\" content=\"Les Pl\u00e9iades sont sept s\u0153urs, filles d&#039;Atlas, qui ont \u00e9t\u00e9 mises au ciel pour former un amas d\u2019\u00e9toiles dans la constellation du Taureau.\" \/>\n<meta property=\"og:url\" content=\"https:\/\/reperes-astro.fr\/les-pleiades-filles-datlas\/\" \/>\n<meta property=\"og:site_name\" content=\"Rep\u00e8res Astro\" \/>\n<meta property=\"article:publisher\" content=\"https:\/\/www.facebook.com\/AssoReperesAstro\/?locale=fr_FRrplanetarium\" \/>\n<meta property=\"article:published_time\" content=\"2026-04-30T23:00:00+00:00\" \/>\n<meta property=\"og:image\" content=\"https:\/\/reperes-astro.fr\/%77%70%2d%63%6f%6e%74%65%6e%74\/uploads\/2024\/09\/1_xOPWz1m0w_rzO4T6skQGJA.webp\" \/>\n\t<meta property=\"og:image:width\" content=\"554\" \/>\n\t<meta property=\"og:image:height\" content=\"305\" \/>\n\t<meta property=\"og:image:type\" content=\"image\/webp\" \/>\n<meta name=\"author\" content=\"Jean Paul Meyronneinc\" \/>\n<meta name=\"twitter:card\" content=\"summary_large_image\" \/>\n<meta name=\"twitter:label1\" content=\"\u00c9crit par\" \/>\n\t<meta name=\"twitter:data1\" content=\"Jean Paul Meyronneinc\" \/>\n\t<meta name=\"twitter:label2\" content=\"Dur\u00e9e de lecture estim\u00e9e\" \/>\n\t<meta name=\"twitter:data2\" content=\"8 minutes\" \/>\n<script type=\"application\/ld+json\" class=\"yoast-schema-graph\">{\"@context\":\"https:\\\/\\\/schema.org\",\"@graph\":[{\"@type\":\"Article\",\"@id\":\"https:\\\/\\\/reperes-astro.fr\\\/les-pleiades-filles-datlas\\\/#article\",\"isPartOf\":{\"@id\":\"https:\\\/\\\/reperes-astro.fr\\\/les-pleiades-filles-datlas\\\/\"},\"author\":{\"name\":\"Jean Paul Meyronneinc\",\"@id\":\"https:\\\/\\\/reperes-astro.fr\\\/#\\\/schema\\\/person\\\/67c426604bfec9b80f8f85abf4bf6766\"},\"headline\":\"Les Pl\u00e9iades, filles d\u2019Atlas\",\"datePublished\":\"2026-04-30T23:00:00+00:00\",\"mainEntityOfPage\":{\"@id\":\"https:\\\/\\\/reperes-astro.fr\\\/les-pleiades-filles-datlas\\\/\"},\"wordCount\":1615,\"publisher\":{\"@id\":\"https:\\\/\\\/reperes-astro.fr\\\/#organization\"},\"image\":{\"@id\":\"https:\\\/\\\/reperes-astro.fr\\\/les-pleiades-filles-datlas\\\/#primaryimage\"},\"thumbnailUrl\":\"https:\\\/\\\/reperes-astro.fr\\\/%77%70%2d%63%6f%6e%74%65%6e%74\\\/uploads\\\/2024\\\/09\\\/1_xOPWz1m0w_rzO4T6skQGJA.webp\",\"articleSection\":[\"Mythologie\"],\"inLanguage\":\"fr-FR\"},{\"@type\":\"WebPage\",\"@id\":\"https:\\\/\\\/reperes-astro.fr\\\/les-pleiades-filles-datlas\\\/\",\"url\":\"https:\\\/\\\/reperes-astro.fr\\\/les-pleiades-filles-datlas\\\/\",\"name\":\"Les Pl\u00e9iades filles d'Atlas - Rep\u00e8res Astro\",\"isPartOf\":{\"@id\":\"https:\\\/\\\/reperes-astro.fr\\\/#website\"},\"primaryImageOfPage\":{\"@id\":\"https:\\\/\\\/reperes-astro.fr\\\/les-pleiades-filles-datlas\\\/#primaryimage\"},\"image\":{\"@id\":\"https:\\\/\\\/reperes-astro.fr\\\/les-pleiades-filles-datlas\\\/#primaryimage\"},\"thumbnailUrl\":\"https:\\\/\\\/reperes-astro.fr\\\/%77%70%2d%63%6f%6e%74%65%6e%74\\\/uploads\\\/2024\\\/09\\\/1_xOPWz1m0w_rzO4T6skQGJA.webp\",\"datePublished\":\"2026-04-30T23:00:00+00:00\",\"description\":\"Les Pl\u00e9iades sont sept s\u0153urs, filles d'Atlas, qui ont \u00e9t\u00e9 mises au ciel pour former un amas d\u2019\u00e9toiles dans la constellation du Taureau.\",\"breadcrumb\":{\"@id\":\"https:\\\/\\\/reperes-astro.fr\\\/les-pleiades-filles-datlas\\\/#breadcrumb\"},\"inLanguage\":\"fr-FR\",\"potentialAction\":[{\"@type\":\"ReadAction\",\"target\":[\"https:\\\/\\\/reperes-astro.fr\\\/les-pleiades-filles-datlas\\\/\"]}]},{\"@type\":\"ImageObject\",\"inLanguage\":\"fr-FR\",\"@id\":\"https:\\\/\\\/reperes-astro.fr\\\/les-pleiades-filles-datlas\\\/#primaryimage\",\"url\":\"https:\\\/\\\/reperes-astro.fr\\\/%77%70%2d%63%6f%6e%74%65%6e%74\\\/uploads\\\/2024\\\/09\\\/1_xOPWz1m0w_rzO4T6skQGJA.webp\",\"contentUrl\":\"https:\\\/\\\/reperes-astro.fr\\\/%77%70%2d%63%6f%6e%74%65%6e%74\\\/uploads\\\/2024\\\/09\\\/1_xOPWz1m0w_rzO4T6skQGJA.webp\",\"width\":554,\"height\":305},{\"@type\":\"BreadcrumbList\",\"@id\":\"https:\\\/\\\/reperes-astro.fr\\\/les-pleiades-filles-datlas\\\/#breadcrumb\",\"itemListElement\":[{\"@type\":\"ListItem\",\"position\":1,\"name\":\"Accueil\",\"item\":\"https:\\\/\\\/reperes-astro.fr\\\/\"},{\"@type\":\"ListItem\",\"position\":2,\"name\":\"Les Pl\u00e9iades, filles d\u2019Atlas\"}]},{\"@type\":\"WebSite\",\"@id\":\"https:\\\/\\\/reperes-astro.fr\\\/#website\",\"url\":\"https:\\\/\\\/reperes-astro.fr\\\/\",\"name\":\"Rep\u00e8res Astro\",\"description\":\"&quot;Heureux soient les f\u00eal\u00e9s, car ils laisseront passer la lumi\u00e8re.&quot; Michel Audiard\",\"publisher\":{\"@id\":\"https:\\\/\\\/reperes-astro.fr\\\/#organization\"},\"potentialAction\":[{\"@type\":\"SearchAction\",\"target\":{\"@type\":\"EntryPoint\",\"urlTemplate\":\"https:\\\/\\\/reperes-astro.fr\\\/?s={search_term_string}\"},\"query-input\":{\"@type\":\"PropertyValueSpecification\",\"valueRequired\":true,\"valueName\":\"search_term_string\"}}],\"inLanguage\":\"fr-FR\"},{\"@type\":\"Organization\",\"@id\":\"https:\\\/\\\/reperes-astro.fr\\\/#organization\",\"name\":\"Rep\u00e8res Astro\",\"url\":\"https:\\\/\\\/reperes-astro.fr\\\/\",\"logo\":{\"@type\":\"ImageObject\",\"inLanguage\":\"fr-FR\",\"@id\":\"https:\\\/\\\/reperes-astro.fr\\\/#\\\/schema\\\/logo\\\/image\\\/\",\"url\":\"https:\\\/\\\/reperes-astro.fr\\\/%77%70%2d%63%6f%6e%74%65%6e%74\\\/uploads\\\/2014\\\/01\\\/logo-reperes1.jpg\",\"contentUrl\":\"https:\\\/\\\/reperes-astro.fr\\\/%77%70%2d%63%6f%6e%74%65%6e%74\\\/uploads\\\/2014\\\/01\\\/logo-reperes1.jpg\",\"width\":510,\"height\":510,\"caption\":\"Rep\u00e8res Astro\"},\"image\":{\"@id\":\"https:\\\/\\\/reperes-astro.fr\\\/#\\\/schema\\\/logo\\\/image\\\/\"},\"sameAs\":[\"https:\\\/\\\/www.facebook.com\\\/AssoReperesAstro\\\/?locale=fr_FRrplanetarium\"]},{\"@type\":\"Person\",\"@id\":\"https:\\\/\\\/reperes-astro.fr\\\/#\\\/schema\\\/person\\\/67c426604bfec9b80f8f85abf4bf6766\",\"name\":\"Jean Paul Meyronneinc\",\"url\":\"https:\\\/\\\/reperes-astro.fr\\\/author\\\/jean-paul-meyronneinc\\\/\"}]}<\/script>","yoast_head_json":{"title":"Les Pl\u00e9iades filles d'Atlas - Rep\u00e8res Astro","description":"Les Pl\u00e9iades sont sept s\u0153urs, filles d'Atlas, qui ont \u00e9t\u00e9 mises au ciel pour former un amas d\u2019\u00e9toiles dans la constellation du Taureau.","robots":{"index":"index","follow":"follow","max-snippet":"max-snippet:-1","max-image-preview":"max-image-preview:large","max-video-preview":"max-video-preview:-1"},"canonical":"https:\/\/reperes-astro.fr\/les-pleiades-filles-datlas\/","og_locale":"fr_FR","og_type":"article","og_title":"Les Pl\u00e9iades filles d'Atlas - Rep\u00e8res Astro","og_description":"Les Pl\u00e9iades sont sept s\u0153urs, filles d'Atlas, qui ont \u00e9t\u00e9 mises au ciel pour former un amas d\u2019\u00e9toiles dans la constellation du Taureau.","og_url":"https:\/\/reperes-astro.fr\/les-pleiades-filles-datlas\/","og_site_name":"Rep\u00e8res Astro","article_publisher":"https:\/\/www.facebook.com\/AssoReperesAstro\/?locale=fr_FRrplanetarium","article_published_time":"2026-04-30T23:00:00+00:00","og_image":[{"width":554,"height":305,"url":"https:\/\/reperes-astro.fr\/%77%70%2d%63%6f%6e%74%65%6e%74\/uploads\/2024\/09\/1_xOPWz1m0w_rzO4T6skQGJA.webp","type":"image\/webp"}],"author":"Jean Paul Meyronneinc","twitter_card":"summary_large_image","twitter_misc":{"\u00c9crit par":"Jean Paul Meyronneinc","Dur\u00e9e de lecture estim\u00e9e":"8 minutes"},"schema":{"@context":"https:\/\/schema.org","@graph":[{"@type":"Article","@id":"https:\/\/reperes-astro.fr\/les-pleiades-filles-datlas\/#article","isPartOf":{"@id":"https:\/\/reperes-astro.fr\/les-pleiades-filles-datlas\/"},"author":{"name":"Jean Paul Meyronneinc","@id":"https:\/\/reperes-astro.fr\/#\/schema\/person\/67c426604bfec9b80f8f85abf4bf6766"},"headline":"Les Pl\u00e9iades, filles d\u2019Atlas","datePublished":"2026-04-30T23:00:00+00:00","mainEntityOfPage":{"@id":"https:\/\/reperes-astro.fr\/les-pleiades-filles-datlas\/"},"wordCount":1615,"publisher":{"@id":"https:\/\/reperes-astro.fr\/#organization"},"image":{"@id":"https:\/\/reperes-astro.fr\/les-pleiades-filles-datlas\/#primaryimage"},"thumbnailUrl":"https:\/\/reperes-astro.fr\/%77%70%2d%63%6f%6e%74%65%6e%74\/uploads\/2024\/09\/1_xOPWz1m0w_rzO4T6skQGJA.webp","articleSection":["Mythologie"],"inLanguage":"fr-FR"},{"@type":"WebPage","@id":"https:\/\/reperes-astro.fr\/les-pleiades-filles-datlas\/","url":"https:\/\/reperes-astro.fr\/les-pleiades-filles-datlas\/","name":"Les Pl\u00e9iades filles d'Atlas - Rep\u00e8res Astro","isPartOf":{"@id":"https:\/\/reperes-astro.fr\/#website"},"primaryImageOfPage":{"@id":"https:\/\/reperes-astro.fr\/les-pleiades-filles-datlas\/#primaryimage"},"image":{"@id":"https:\/\/reperes-astro.fr\/les-pleiades-filles-datlas\/#primaryimage"},"thumbnailUrl":"https:\/\/reperes-astro.fr\/%77%70%2d%63%6f%6e%74%65%6e%74\/uploads\/2024\/09\/1_xOPWz1m0w_rzO4T6skQGJA.webp","datePublished":"2026-04-30T23:00:00+00:00","description":"Les Pl\u00e9iades sont sept s\u0153urs, filles d'Atlas, qui ont \u00e9t\u00e9 mises au ciel pour former un amas d\u2019\u00e9toiles dans la constellation du Taureau.","breadcrumb":{"@id":"https:\/\/reperes-astro.fr\/les-pleiades-filles-datlas\/#breadcrumb"},"inLanguage":"fr-FR","potentialAction":[{"@type":"ReadAction","target":["https:\/\/reperes-astro.fr\/les-pleiades-filles-datlas\/"]}]},{"@type":"ImageObject","inLanguage":"fr-FR","@id":"https:\/\/reperes-astro.fr\/les-pleiades-filles-datlas\/#primaryimage","url":"https:\/\/reperes-astro.fr\/%77%70%2d%63%6f%6e%74%65%6e%74\/uploads\/2024\/09\/1_xOPWz1m0w_rzO4T6skQGJA.webp","contentUrl":"https:\/\/reperes-astro.fr\/%77%70%2d%63%6f%6e%74%65%6e%74\/uploads\/2024\/09\/1_xOPWz1m0w_rzO4T6skQGJA.webp","width":554,"height":305},{"@type":"BreadcrumbList","@id":"https:\/\/reperes-astro.fr\/les-pleiades-filles-datlas\/#breadcrumb","itemListElement":[{"@type":"ListItem","position":1,"name":"Accueil","item":"https:\/\/reperes-astro.fr\/"},{"@type":"ListItem","position":2,"name":"Les Pl\u00e9iades, filles d\u2019Atlas"}]},{"@type":"WebSite","@id":"https:\/\/reperes-astro.fr\/#website","url":"https:\/\/reperes-astro.fr\/","name":"Rep\u00e8res Astro","description":"&quot;Heureux soient les f\u00eal\u00e9s, car ils laisseront passer la lumi\u00e8re.&quot; Michel Audiard","publisher":{"@id":"https:\/\/reperes-astro.fr\/#organization"},"potentialAction":[{"@type":"SearchAction","target":{"@type":"EntryPoint","urlTemplate":"https:\/\/reperes-astro.fr\/?s={search_term_string}"},"query-input":{"@type":"PropertyValueSpecification","valueRequired":true,"valueName":"search_term_string"}}],"inLanguage":"fr-FR"},{"@type":"Organization","@id":"https:\/\/reperes-astro.fr\/#organization","name":"Rep\u00e8res Astro","url":"https:\/\/reperes-astro.fr\/","logo":{"@type":"ImageObject","inLanguage":"fr-FR","@id":"https:\/\/reperes-astro.fr\/#\/schema\/logo\/image\/","url":"https:\/\/reperes-astro.fr\/%77%70%2d%63%6f%6e%74%65%6e%74\/uploads\/2014\/01\/logo-reperes1.jpg","contentUrl":"https:\/\/reperes-astro.fr\/%77%70%2d%63%6f%6e%74%65%6e%74\/uploads\/2014\/01\/logo-reperes1.jpg","width":510,"height":510,"caption":"Rep\u00e8res Astro"},"image":{"@id":"https:\/\/reperes-astro.fr\/#\/schema\/logo\/image\/"},"sameAs":["https:\/\/www.facebook.com\/AssoReperesAstro\/?locale=fr_FRrplanetarium"]},{"@type":"Person","@id":"https:\/\/reperes-astro.fr\/#\/schema\/person\/67c426604bfec9b80f8f85abf4bf6766","name":"Jean Paul Meyronneinc","url":"https:\/\/reperes-astro.fr\/author\/jean-paul-meyronneinc\/"}]}},"_links":{"self":[{"href":"https:\/\/reperes-astro.fr\/%77%70%2d%6a%73%6f%6e\/wp\/v2\/posts\/14011","targetHints":{"allow":["GET"]}}],"collection":[{"href":"https:\/\/reperes-astro.fr\/%77%70%2d%6a%73%6f%6e\/wp\/v2\/posts"}],"about":[{"href":"https:\/\/reperes-astro.fr\/%77%70%2d%6a%73%6f%6e\/wp\/v2\/types\/post"}],"author":[{"embeddable":true,"href":"https:\/\/reperes-astro.fr\/%77%70%2d%6a%73%6f%6e\/wp\/v2\/users\/13"}],"replies":[{"embeddable":true,"href":"https:\/\/reperes-astro.fr\/%77%70%2d%6a%73%6f%6e\/wp\/v2\/comments?post=14011"}],"version-history":[{"count":1,"href":"https:\/\/reperes-astro.fr\/%77%70%2d%6a%73%6f%6e\/wp\/v2\/posts\/14011\/revisions"}],"predecessor-version":[{"id":22826,"href":"https:\/\/reperes-astro.fr\/%77%70%2d%6a%73%6f%6e\/wp\/v2\/posts\/14011\/revisions\/22826"}],"wp:featuredmedia":[{"embeddable":true,"href":"https:\/\/reperes-astro.fr\/%77%70%2d%6a%73%6f%6e\/wp\/v2\/media\/14012"}],"wp:attachment":[{"href":"https:\/\/reperes-astro.fr\/%77%70%2d%6a%73%6f%6e\/wp\/v2\/media?parent=14011"}],"wp:term":[{"taxonomy":"category","embeddable":true,"href":"https:\/\/reperes-astro.fr\/%77%70%2d%6a%73%6f%6e\/wp\/v2\/categories?post=14011"},{"taxonomy":"post_tag","embeddable":true,"href":"https:\/\/reperes-astro.fr\/%77%70%2d%6a%73%6f%6e\/wp\/v2\/tags?post=14011"}],"curies":[{"name":"wp","href":"https:\/\/api.w.org\/{rel}","templated":true}]}}