{"id":14992,"date":"2024-11-11T12:22:37","date_gmt":"2024-11-11T11:22:37","guid":{"rendered":"https:\/\/reperes-astro.fr\/?p=14992"},"modified":"2025-01-31T19:09:12","modified_gmt":"2025-01-31T18:09:12","slug":"les-nouveautes-de-siril-1-4-0","status":"publish","type":"post","link":"https:\/\/reperes-astro.fr\/les-nouveautes-de-siril-1-4-0\/","title":{"rendered":"Les nouveaut\u00e9s de SIRIL 1.4.0"},"content":{"rendered":"\n<div class=\"wp-block-columns are-vertically-aligned-center is-layout-flex wp-container-core-columns-is-layout-9d6595d7 wp-block-columns-is-layout-flex\">\n<div class=\"wp-block-column is-vertically-aligned-center is-layout-flow wp-block-column-is-layout-flow\" style=\"flex-basis:33.33%\"><div class=\"wp-block-image\">\n<figure class=\"aligncenter size-full is-resized\"><a href=\"https:\/\/reperes-astro.fr\/%77%70%2d%63%6f%6e%74%65%6e%74\/uploads\/2024\/11\/free_astro.siril_.svg\"><img decoding=\"async\" src=\"https:\/\/reperes-astro.fr\/%77%70%2d%63%6f%6e%74%65%6e%74\/uploads\/2024\/11\/free_astro.siril_.svg\" alt=\"logo siril 1.4.0\" class=\"wp-image-15001\" style=\"object-fit:cover;width:263px;height:auto\"\/><\/a><\/figure>\n<\/div><\/div>\n\n\n\n<div class=\"wp-block-column is-vertically-aligned-center is-layout-flow wp-block-column-is-layout-flow\" style=\"flex-basis:66.66%\">\n<p><strong>A l\u2019occasion des Rencontres du Ciel et de l\u2019Espace de 2024, Cyril Richard a pr\u00e9sent\u00e9 le 9 novembre 2024 et en avant-premi\u00e8re les nouveaut\u00e9s de la version 1.4.0 de SIRIL, logiciel gratuit et open source pour l\u2019empilement et aussi le traitement des images astronomiques.<\/strong><\/p>\n<\/div>\n<\/div>\n\n\n\n<p><\/p>\n\n\n\n<p>D&rsquo;ailleurs la plupart des photos produites par les membres de l&rsquo;Association Rep\u00e8res sont r\u00e9alis\u00e9es avec ce logiciel. Vous pouvez en voir quelques unes en <a href=\"https:\/\/reperes-astro.fr\/dernieres-productions-membres-doctobre-2024\/\">cliquant ici<\/a> ou bien <a href=\"https:\/\/reperes-astro.fr\/dernieres-productions-membres-septembre-2024\/\">l\u00e0<\/a>.<\/p>\n\n\n\n<div class=\"wp-block-columns is-layout-flex wp-container-core-columns-is-layout-9d6595d7 wp-block-columns-is-layout-flex\">\n<div class=\"wp-block-column is-layout-flow wp-block-column-is-layout-flow\" style=\"flex-basis:25%\"><\/div>\n\n\n\n<div class=\"wp-block-column is-layout-flow wp-block-column-is-layout-flow\" style=\"flex-basis:50%\">\n<hr class=\"wp-block-separator has-alpha-channel-opacity\"\/>\n<\/div>\n\n\n\n<div class=\"wp-block-column is-layout-flow wp-block-column-is-layout-flow\" style=\"flex-basis:25%\"><\/div>\n<\/div>\n\n\n\n<p><em><strong>Par Axel Guillerand<\/strong><\/em>.<\/p>\n\n\n\n<p>La date de sortie n\u2019est pas encore connue, car l\u2019\u00e9quipe veut prendre le temps de corriger \u00e0 l\u2019avance tous les bugs possibles.<\/p>\n\n\n\n<p>Cette version remplacera alors la branche 1.2 actuellement en cours, et disponible <a href=\"https:\/\/siril.org\/fr\/download\/\" target=\"_blank\" rel=\"noreferrer noopener\">ici<\/a>.<\/p>\n\n\n\n<p>Tout d&rsquo;abord, il y aura beaucoup d\u2019am\u00e9liorations, dont la majeure partie ne sera pas n\u00e9cessairement apparente pour les utilisateurs.<\/p>\n\n\n\n<p>Premi\u00e8rement, citons juste, pour l\u2019interface, une restructuration du menu \u00ab&nbsp;traitement des images&nbsp;\u00bb, l\u2019ajout d\u2019un nouveau menu \u00ab&nbsp;outils&nbsp;\u00bb, une refonte des onglets \u00ab&nbsp;alignement&nbsp;\u00bb et \u00ab&nbsp;empilement&nbsp;\u00bb.<\/p>\n\n\n\n<div class=\"wp-block-columns is-layout-flex wp-container-core-columns-is-layout-9d6595d7 wp-block-columns-is-layout-flex\">\n<div class=\"wp-block-column is-layout-flow wp-block-column-is-layout-flow\" style=\"flex-basis:25%\"><\/div>\n\n\n\n<div class=\"wp-block-column is-layout-flow wp-block-column-is-layout-flow\" style=\"flex-basis:50%\">\n<hr class=\"wp-block-separator has-alpha-channel-opacity\"\/>\n<\/div>\n\n\n\n<div class=\"wp-block-column is-layout-flow wp-block-column-is-layout-flow\" style=\"flex-basis:25%\"><\/div>\n<\/div>\n\n\n\n<h2 class=\"wp-block-heading has-medium-font-size\"><strong><span style=\"text-decoration: underline;\">Les nouveaut\u00e9s Siril 1.4.0<\/span><\/strong> :<\/h2>\n\n\n\n<p>Dans le d\u00e9tail, on signalera,&nbsp;sans \u00eatre exhaustif :<\/p>\n\n\n\n<ul class=\"wp-block-list\">\n<li>L\u2019apparition du format \u00ab&nbsp;JpegXL&nbsp;\u00bb, permettant des sauvegardes en Jpeg \u00e0 32 bits.<\/li>\n<\/ul>\n\n\n\n<ul class=\"wp-block-list\">\n<li>La lecture par Siril du format \u00ab&nbsp;XISF&nbsp;\u00bb utilis\u00e9 par Pixinsight, et propre \u00e0 ce logiciel. Mais pour le traitement et la sauvegarde, Siril reste fid\u00e8le au format universel \u00ab&nbsp;Fits&nbsp;\u00bb.<\/li>\n<\/ul>\n\n\n\n<ul class=\"wp-block-list\">\n<li>Une gestion des couleurs qui int\u00e8gre l\u2019espace colorim\u00e9trique CE 1931. Le plus proche possible de notre \u0153il, que chacun pourra surtout param\u00e9trer \u00e0 sa guise dans le menu \u00ab&nbsp;outils&nbsp;\u00bb.<\/li>\n<\/ul>\n\n\n\n<ul class=\"wp-block-list\">\n<li>L\u2019outil de g\u00e9n\u00e9ration de graphiques, qui sera int\u00e9gr\u00e9 au logiciel et non plus sous forme de module externe. On pourra donc param\u00e9trer ses graphes (par exemple, un profil de spectre) et exporter les donn\u00e9es, soit en presse-papier ou photo (png), ou en vectoriel (svg) ou en donn\u00e9es brutes (csv).<\/li>\n<\/ul>\n\n\n\n<ul class=\"wp-block-list\">\n<li>Un nouveau \u00ab&nbsp;d\u00e9p\u00f4t de scripts&nbsp;\u00bb sera aussi int\u00e9gr\u00e9 sous forme de bo\u00eete de dialogue. Cela vous permettra d\u2019activer simplement celui de votre choix, et non plus en le t\u00e9l\u00e9chargeant individuellement depuis le web, et ce sans attendre une mise \u00e0 jour de Siril.<\/li>\n<\/ul>\n\n\n\n<ul class=\"wp-block-list\">\n<li>Un nouvel \u00e9talonnage des couleurs, pas par astrom\u00e9trie ou en manuel, mais par spectrophotom\u00e9trie (SPCC). C\u2019est \u00e0 dire le profil spectral de votre sujet, lequel tiendra maintenant compte de vos filtres et de votre capteur (\u00e0 choisir dans une liste d\u00e9roulante).<\/li>\n<\/ul>\n\n\n\n<p>Cet \u00e9talonnage se basera sur les donn\u00e9es du <a href=\"https:\/\/fr.wikipedia.org\/wiki\/Gaia_(satellite)\" target=\"_blank\" rel=\"noreferrer noopener\">Satellite Gaia<\/a> avec un voyant vert\/jaune\/rouge indiquant leur degr\u00e9 de disponibilit\u00e9.<\/p>\n\n\n\n<div class=\"wp-block-columns is-layout-flex wp-container-core-columns-is-layout-9d6595d7 wp-block-columns-is-layout-flex\">\n<div class=\"wp-block-column is-layout-flow wp-block-column-is-layout-flow\" style=\"flex-basis:25%\"><\/div>\n\n\n\n<div class=\"wp-block-column is-layout-flow wp-block-column-is-layout-flow\" style=\"flex-basis:50%\">\n<hr class=\"wp-block-separator has-alpha-channel-opacity\"\/>\n<\/div>\n\n\n\n<div class=\"wp-block-column is-layout-flow wp-block-column-is-layout-flow\" style=\"flex-basis:25%\"><\/div>\n<\/div>\n\n\n\n<h2 class=\"wp-block-heading has-medium-font-size\"><strong><span style=\"text-decoration: underline;\">Et ce n&rsquo;est pas tout<\/span><\/strong> :<\/h2>\n\n\n\n<ul class=\"wp-block-list\">\n<li>Un nouveau drizzle (quand vous \u00eates un peu sous-\u00e9chantillonn\u00e9), dit \u00ab&nbsp;drizzle CFA&nbsp;\u00bb. Pour les cam\u00e9ras couleurs ou les prises de vue \u00e0 l\u2019APN, permettant d\u2019obtenir un bruit moins granuleux et plus facile \u00e0 r\u00e9duire en Photoshop ou Gimp ou autres.<\/li>\n<\/ul>\n\n\n\n<ul class=\"wp-block-list\">\n<li>Une possibilit\u00e9 de param\u00e9trer la souris \u00e0 sa guise. Sp\u00e9cialement pour les personnes en situation de handicap ne pouvant faire \u00ab\u00a0ctrl+touche+clic\u00a0\u00bb par exemple.<\/li>\n<\/ul>\n\n\n\n<ul class=\"wp-block-list\">\n<li>L\u2019int\u00e9gration compl\u00e8te de <a href=\"https:\/\/graxpert.com\/\" target=\"_blank\" rel=\"noreferrer noopener\">GraXpert<\/a> dans Siril.<\/li>\n<\/ul>\n\n\n\n<ul class=\"wp-block-list\">\n<li>Un nouveau filtre de d\u00e9bruitage express, avec pr\u00e9servation des contours (\u00ab&nbsp;Edge Preserving Filter&nbsp;\u00bb).<\/li>\n<\/ul>\n\n\n\n<ul class=\"wp-block-list\">\n<li>Un filtre de suppression des franges violettes.<\/li>\n<\/ul>\n\n\n\n<ul class=\"wp-block-list\">\n<li>Une gestion de la distorsion des images grand champ. Permettant ainsi d\u2019obtenir une astrom\u00e9trie de votre photo sans aucun d\u00e9calage ou risque d\u2019erreur.<\/li>\n<\/ul>\n\n\n\n<ul class=\"wp-block-list\">\n<li>L\u2019assemblage automatique des mosa\u00efques avec normalisation des recouvrements, pour lisser les fonds de ciel en un temps tr\u00e8s court.<\/li>\n<\/ul>\n\n\n\n<div class=\"wp-block-columns is-layout-flex wp-container-core-columns-is-layout-9d6595d7 wp-block-columns-is-layout-flex\">\n<div class=\"wp-block-column is-layout-flow wp-block-column-is-layout-flow\" style=\"flex-basis:25%\"><\/div>\n\n\n\n<div class=\"wp-block-column is-layout-flow wp-block-column-is-layout-flow\" style=\"flex-basis:50%\">\n<hr class=\"wp-block-separator has-alpha-channel-opacity\"\/>\n<\/div>\n\n\n\n<div class=\"wp-block-column is-layout-flow wp-block-column-is-layout-flow\" style=\"flex-basis:25%\"><\/div>\n<\/div>\n\n\n\n<p><\/p>\n<div class=\"pvc_clear\"><\/div><p id=\"pvc_stats_14992\" class=\"pvc_stats all  \" data-element-id=\"14992\" style=\"\"><i class=\"pvc-stats-icon medium\" aria-hidden=\"true\"><svg aria-hidden=\"true\" focusable=\"false\" data-prefix=\"far\" data-icon=\"chart-bar\" role=\"img\" xmlns=\"http:\/\/www.w3.org\/2000\/svg\" viewBox=\"0 0 512 512\" class=\"svg-inline--fa fa-chart-bar fa-w-16 fa-2x\"><path fill=\"currentColor\" d=\"M396.8 352h22.4c6.4 0 12.8-6.4 12.8-12.8V108.8c0-6.4-6.4-12.8-12.8-12.8h-22.4c-6.4 0-12.8 6.4-12.8 12.8v230.4c0 6.4 6.4 12.8 12.8 12.8zm-192 0h22.4c6.4 0 12.8-6.4 12.8-12.8V140.8c0-6.4-6.4-12.8-12.8-12.8h-22.4c-6.4 0-12.8 6.4-12.8 12.8v198.4c0 6.4 6.4 12.8 12.8 12.8zm96 0h22.4c6.4 0 12.8-6.4 12.8-12.8V204.8c0-6.4-6.4-12.8-12.8-12.8h-22.4c-6.4 0-12.8 6.4-12.8 12.8v134.4c0 6.4 6.4 12.8 12.8 12.8zM496 400H48V80c0-8.84-7.16-16-16-16H16C7.16 64 0 71.16 0 80v336c0 17.67 14.33 32 32 32h464c8.84 0 16-7.16 16-16v-16c0-8.84-7.16-16-16-16zm-387.2-48h22.4c6.4 0 12.8-6.4 12.8-12.8v-70.4c0-6.4-6.4-12.8-12.8-12.8h-22.4c-6.4 0-12.8 6.4-12.8 12.8v70.4c0 6.4 6.4 12.8 12.8 12.8z\" class=\"\"><\/path><\/svg><\/i> <img loading=\"lazy\" decoding=\"async\" width=\"16\" height=\"16\" alt=\"Loading\" src=\"https:\/\/reperes-astro.fr\/%77%70%2d%63%6f%6e%74%65%6e%74\/plugins\/page-views-count\/ajax-loader-2x.gif\" border=0 \/><\/p><div class=\"pvc_clear\"><\/div>","protected":false},"excerpt":{"rendered":"<p>A l\u2019occasion des Rencontres du Ciel et de l\u2019Espace de 2024, Cyril Richard a pr\u00e9sent\u00e9 le 9 novembre 2024 et en&#46;&#46;&#46;<\/p>\n<div class=\"pvc_clear\"><\/div>\n<p id=\"pvc_stats_14992\" class=\"pvc_stats all  \" data-element-id=\"14992\" style=\"\"><i class=\"pvc-stats-icon medium\" aria-hidden=\"true\"><svg aria-hidden=\"true\" focusable=\"false\" data-prefix=\"far\" data-icon=\"chart-bar\" role=\"img\" xmlns=\"http:\/\/www.w3.org\/2000\/svg\" viewBox=\"0 0 512 512\" class=\"svg-inline--fa fa-chart-bar fa-w-16 fa-2x\"><path fill=\"currentColor\" d=\"M396.8 352h22.4c6.4 0 12.8-6.4 12.8-12.8V108.8c0-6.4-6.4-12.8-12.8-12.8h-22.4c-6.4 0-12.8 6.4-12.8 12.8v230.4c0 6.4 6.4 12.8 12.8 12.8zm-192 0h22.4c6.4 0 12.8-6.4 12.8-12.8V140.8c0-6.4-6.4-12.8-12.8-12.8h-22.4c-6.4 0-12.8 6.4-12.8 12.8v198.4c0 6.4 6.4 12.8 12.8 12.8zm96 0h22.4c6.4 0 12.8-6.4 12.8-12.8V204.8c0-6.4-6.4-12.8-12.8-12.8h-22.4c-6.4 0-12.8 6.4-12.8 12.8v134.4c0 6.4 6.4 12.8 12.8 12.8zM496 400H48V80c0-8.84-7.16-16-16-16H16C7.16 64 0 71.16 0 80v336c0 17.67 14.33 32 32 32h464c8.84 0 16-7.16 16-16v-16c0-8.84-7.16-16-16-16zm-387.2-48h22.4c6.4 0 12.8-6.4 12.8-12.8v-70.4c0-6.4-6.4-12.8-12.8-12.8h-22.4c-6.4 0-12.8 6.4-12.8 12.8v70.4c0 6.4 6.4 12.8 12.8 12.8z\" class=\"\"><\/path><\/svg><\/i> <img loading=\"lazy\" decoding=\"async\" width=\"16\" height=\"16\" alt=\"Loading\" src=\"https:\/\/reperes-astro.fr\/%77%70%2d%63%6f%6e%74%65%6e%74\/plugins\/page-views-count\/ajax-loader-2x.gif\" border=0 \/><\/p>\n<div class=\"pvc_clear\"><\/div>\n","protected":false},"author":14,"featured_media":15007,"comment_status":"closed","ping_status":"closed","sticky":false,"template":"","format":"standard","meta":{"footnotes":""},"categories":[98],"tags":[],"class_list":["post-14992","post","type-post","status-publish","format-standard","has-post-thumbnail","hentry","category-logiciel"],"a3_pvc":{"activated":true,"total_views":97,"today_views":0},"yoast_head":"<title>Les nouveaut\u00e9s de SIRIL 1.4.0 - Rep\u00e8res Astro<\/title>\n<meta name=\"description\" content=\"Lors des Rencontres du Ciel et de l\u2019Espace de 2024, Cyril Richard a pr\u00e9sent\u00e9 en avant-premi\u00e8re les nouveaut\u00e9s de la version 1.4.0 de SIRIL.\" \/>\n<meta name=\"robots\" content=\"index, follow, max-snippet:-1, max-image-preview:large, max-video-preview:-1\" \/>\n<link rel=\"canonical\" href=\"https:\/\/reperes-astro.fr\/les-nouveautes-de-siril-1-4-0\/\" \/>\n<meta property=\"og:locale\" content=\"fr_FR\" \/>\n<meta property=\"og:type\" content=\"article\" \/>\n<meta property=\"og:title\" content=\"Les nouveaut\u00e9s de SIRIL 1.4.0 - Rep\u00e8res Astro\" \/>\n<meta property=\"og:description\" content=\"Lors des Rencontres du Ciel et de l\u2019Espace de 2024, Cyril Richard a pr\u00e9sent\u00e9 en avant-premi\u00e8re les nouveaut\u00e9s de la version 1.4.0 de SIRIL.\" \/>\n<meta property=\"og:url\" content=\"https:\/\/reperes-astro.fr\/les-nouveautes-de-siril-1-4-0\/\" \/>\n<meta property=\"og:site_name\" content=\"Rep\u00e8res Astro\" \/>\n<meta property=\"article:publisher\" content=\"https:\/\/www.facebook.com\/AssoReperesAstro\/?locale=fr_FRrplanetarium\" \/>\n<meta property=\"article:published_time\" content=\"2024-11-11T11:22:37+00:00\" \/>\n<meta property=\"article:modified_time\" content=\"2025-01-31T18:09:12+00:00\" \/>\n<meta property=\"og:image\" content=\"https:\/\/reperes-astro.fr\/%77%70%2d%63%6f%6e%74%65%6e%74\/uploads\/2024\/11\/free_astro.siril_-e1731327990141.png\" \/>\n\t<meta property=\"og:image:width\" content=\"532\" \/>\n\t<meta property=\"og:image:height\" content=\"215\" \/>\n\t<meta property=\"og:image:type\" content=\"image\/png\" \/>\n<meta name=\"author\" content=\"Axel Guillerand\" \/>\n<meta name=\"twitter:card\" content=\"summary_large_image\" \/>\n<meta name=\"twitter:label1\" content=\"\u00c9crit par\" \/>\n\t<meta name=\"twitter:data1\" content=\"Axel Guillerand\" \/>\n\t<meta name=\"twitter:label2\" content=\"Dur\u00e9e de lecture estim\u00e9e\" \/>\n\t<meta name=\"twitter:data2\" content=\"4 minutes\" \/>\n<script type=\"application\/ld+json\" class=\"yoast-schema-graph\">{\"@context\":\"https:\\\/\\\/schema.org\",\"@graph\":[{\"@type\":\"Article\",\"@id\":\"https:\\\/\\\/reperes-astro.fr\\\/les-nouveautes-de-siril-1-4-0\\\/#article\",\"isPartOf\":{\"@id\":\"https:\\\/\\\/reperes-astro.fr\\\/les-nouveautes-de-siril-1-4-0\\\/\"},\"author\":{\"name\":\"Axel Guillerand\",\"@id\":\"https:\\\/\\\/reperes-astro.fr\\\/#\\\/schema\\\/person\\\/63a42a145e25940d630b542b05dc9b3e\"},\"headline\":\"Les nouveaut\u00e9s de SIRIL 1.4.0\",\"datePublished\":\"2024-11-11T11:22:37+00:00\",\"dateModified\":\"2025-01-31T18:09:12+00:00\",\"mainEntityOfPage\":{\"@id\":\"https:\\\/\\\/reperes-astro.fr\\\/les-nouveautes-de-siril-1-4-0\\\/\"},\"wordCount\":607,\"publisher\":{\"@id\":\"https:\\\/\\\/reperes-astro.fr\\\/#organization\"},\"image\":{\"@id\":\"https:\\\/\\\/reperes-astro.fr\\\/les-nouveautes-de-siril-1-4-0\\\/#primaryimage\"},\"thumbnailUrl\":\"https:\\\/\\\/reperes-astro.fr\\\/%77%70%2d%63%6f%6e%74%65%6e%74\\\/uploads\\\/2024\\\/11\\\/free_astro.siril_-e1731327990141.png\",\"articleSection\":[\"Logiciel\"],\"inLanguage\":\"fr-FR\"},{\"@type\":\"WebPage\",\"@id\":\"https:\\\/\\\/reperes-astro.fr\\\/les-nouveautes-de-siril-1-4-0\\\/\",\"url\":\"https:\\\/\\\/reperes-astro.fr\\\/les-nouveautes-de-siril-1-4-0\\\/\",\"name\":\"Les nouveaut\u00e9s de SIRIL 1.4.0 - Rep\u00e8res Astro\",\"isPartOf\":{\"@id\":\"https:\\\/\\\/reperes-astro.fr\\\/#website\"},\"primaryImageOfPage\":{\"@id\":\"https:\\\/\\\/reperes-astro.fr\\\/les-nouveautes-de-siril-1-4-0\\\/#primaryimage\"},\"image\":{\"@id\":\"https:\\\/\\\/reperes-astro.fr\\\/les-nouveautes-de-siril-1-4-0\\\/#primaryimage\"},\"thumbnailUrl\":\"https:\\\/\\\/reperes-astro.fr\\\/%77%70%2d%63%6f%6e%74%65%6e%74\\\/uploads\\\/2024\\\/11\\\/free_astro.siril_-e1731327990141.png\",\"datePublished\":\"2024-11-11T11:22:37+00:00\",\"dateModified\":\"2025-01-31T18:09:12+00:00\",\"description\":\"Lors des Rencontres du Ciel et de l\u2019Espace de 2024, Cyril Richard a pr\u00e9sent\u00e9 en avant-premi\u00e8re les nouveaut\u00e9s de la version 1.4.0 de SIRIL.\",\"breadcrumb\":{\"@id\":\"https:\\\/\\\/reperes-astro.fr\\\/les-nouveautes-de-siril-1-4-0\\\/#breadcrumb\"},\"inLanguage\":\"fr-FR\",\"potentialAction\":[{\"@type\":\"ReadAction\",\"target\":[\"https:\\\/\\\/reperes-astro.fr\\\/les-nouveautes-de-siril-1-4-0\\\/\"]}]},{\"@type\":\"ImageObject\",\"inLanguage\":\"fr-FR\",\"@id\":\"https:\\\/\\\/reperes-astro.fr\\\/les-nouveautes-de-siril-1-4-0\\\/#primaryimage\",\"url\":\"https:\\\/\\\/reperes-astro.fr\\\/%77%70%2d%63%6f%6e%74%65%6e%74\\\/uploads\\\/2024\\\/11\\\/free_astro.siril_-e1731327990141.png\",\"contentUrl\":\"https:\\\/\\\/reperes-astro.fr\\\/%77%70%2d%63%6f%6e%74%65%6e%74\\\/uploads\\\/2024\\\/11\\\/free_astro.siril_-e1731327990141.png\",\"width\":532,\"height\":215},{\"@type\":\"BreadcrumbList\",\"@id\":\"https:\\\/\\\/reperes-astro.fr\\\/les-nouveautes-de-siril-1-4-0\\\/#breadcrumb\",\"itemListElement\":[{\"@type\":\"ListItem\",\"position\":1,\"name\":\"Accueil\",\"item\":\"https:\\\/\\\/reperes-astro.fr\\\/\"},{\"@type\":\"ListItem\",\"position\":2,\"name\":\"Les nouveaut\u00e9s de SIRIL 1.4.0\"}]},{\"@type\":\"WebSite\",\"@id\":\"https:\\\/\\\/reperes-astro.fr\\\/#website\",\"url\":\"https:\\\/\\\/reperes-astro.fr\\\/\",\"name\":\"Rep\u00e8res Astro\",\"description\":\"&quot;Heureux soient les f\u00eal\u00e9s, car ils laisseront passer la lumi\u00e8re.&quot; Michel Audiard\",\"publisher\":{\"@id\":\"https:\\\/\\\/reperes-astro.fr\\\/#organization\"},\"potentialAction\":[{\"@type\":\"SearchAction\",\"target\":{\"@type\":\"EntryPoint\",\"urlTemplate\":\"https:\\\/\\\/reperes-astro.fr\\\/?s={search_term_string}\"},\"query-input\":{\"@type\":\"PropertyValueSpecification\",\"valueRequired\":true,\"valueName\":\"search_term_string\"}}],\"inLanguage\":\"fr-FR\"},{\"@type\":\"Organization\",\"@id\":\"https:\\\/\\\/reperes-astro.fr\\\/#organization\",\"name\":\"Rep\u00e8res Astro\",\"url\":\"https:\\\/\\\/reperes-astro.fr\\\/\",\"logo\":{\"@type\":\"ImageObject\",\"inLanguage\":\"fr-FR\",\"@id\":\"https:\\\/\\\/reperes-astro.fr\\\/#\\\/schema\\\/logo\\\/image\\\/\",\"url\":\"https:\\\/\\\/reperes-astro.fr\\\/%77%70%2d%63%6f%6e%74%65%6e%74\\\/uploads\\\/2014\\\/01\\\/logo-reperes1.jpg\",\"contentUrl\":\"https:\\\/\\\/reperes-astro.fr\\\/%77%70%2d%63%6f%6e%74%65%6e%74\\\/uploads\\\/2014\\\/01\\\/logo-reperes1.jpg\",\"width\":510,\"height\":510,\"caption\":\"Rep\u00e8res Astro\"},\"image\":{\"@id\":\"https:\\\/\\\/reperes-astro.fr\\\/#\\\/schema\\\/logo\\\/image\\\/\"},\"sameAs\":[\"https:\\\/\\\/www.facebook.com\\\/AssoReperesAstro\\\/?locale=fr_FRrplanetarium\"]},{\"@type\":\"Person\",\"@id\":\"https:\\\/\\\/reperes-astro.fr\\\/#\\\/schema\\\/person\\\/63a42a145e25940d630b542b05dc9b3e\",\"name\":\"Axel Guillerand\",\"url\":\"https:\\\/\\\/reperes-astro.fr\\\/author\\\/axel-guillerand\\\/\"}]}<\/script>","yoast_head_json":{"title":"Les nouveaut\u00e9s de SIRIL 1.4.0 - Rep\u00e8res Astro","description":"Lors des Rencontres du Ciel et de l\u2019Espace de 2024, Cyril Richard a pr\u00e9sent\u00e9 en avant-premi\u00e8re les nouveaut\u00e9s de la version 1.4.0 de SIRIL.","robots":{"index":"index","follow":"follow","max-snippet":"max-snippet:-1","max-image-preview":"max-image-preview:large","max-video-preview":"max-video-preview:-1"},"canonical":"https:\/\/reperes-astro.fr\/les-nouveautes-de-siril-1-4-0\/","og_locale":"fr_FR","og_type":"article","og_title":"Les nouveaut\u00e9s de SIRIL 1.4.0 - Rep\u00e8res Astro","og_description":"Lors des Rencontres du Ciel et de l\u2019Espace de 2024, Cyril Richard a pr\u00e9sent\u00e9 en avant-premi\u00e8re les nouveaut\u00e9s de la version 1.4.0 de SIRIL.","og_url":"https:\/\/reperes-astro.fr\/les-nouveautes-de-siril-1-4-0\/","og_site_name":"Rep\u00e8res Astro","article_publisher":"https:\/\/www.facebook.com\/AssoReperesAstro\/?locale=fr_FRrplanetarium","article_published_time":"2024-11-11T11:22:37+00:00","article_modified_time":"2025-01-31T18:09:12+00:00","og_image":[{"width":532,"height":215,"url":"https:\/\/reperes-astro.fr\/%77%70%2d%63%6f%6e%74%65%6e%74\/uploads\/2024\/11\/free_astro.siril_-e1731327990141.png","type":"image\/png"}],"author":"Axel Guillerand","twitter_card":"summary_large_image","twitter_misc":{"\u00c9crit par":"Axel Guillerand","Dur\u00e9e de lecture estim\u00e9e":"4 minutes"},"schema":{"@context":"https:\/\/schema.org","@graph":[{"@type":"Article","@id":"https:\/\/reperes-astro.fr\/les-nouveautes-de-siril-1-4-0\/#article","isPartOf":{"@id":"https:\/\/reperes-astro.fr\/les-nouveautes-de-siril-1-4-0\/"},"author":{"name":"Axel Guillerand","@id":"https:\/\/reperes-astro.fr\/#\/schema\/person\/63a42a145e25940d630b542b05dc9b3e"},"headline":"Les nouveaut\u00e9s de SIRIL 1.4.0","datePublished":"2024-11-11T11:22:37+00:00","dateModified":"2025-01-31T18:09:12+00:00","mainEntityOfPage":{"@id":"https:\/\/reperes-astro.fr\/les-nouveautes-de-siril-1-4-0\/"},"wordCount":607,"publisher":{"@id":"https:\/\/reperes-astro.fr\/#organization"},"image":{"@id":"https:\/\/reperes-astro.fr\/les-nouveautes-de-siril-1-4-0\/#primaryimage"},"thumbnailUrl":"https:\/\/reperes-astro.fr\/%77%70%2d%63%6f%6e%74%65%6e%74\/uploads\/2024\/11\/free_astro.siril_-e1731327990141.png","articleSection":["Logiciel"],"inLanguage":"fr-FR"},{"@type":"WebPage","@id":"https:\/\/reperes-astro.fr\/les-nouveautes-de-siril-1-4-0\/","url":"https:\/\/reperes-astro.fr\/les-nouveautes-de-siril-1-4-0\/","name":"Les nouveaut\u00e9s de SIRIL 1.4.0 - Rep\u00e8res Astro","isPartOf":{"@id":"https:\/\/reperes-astro.fr\/#website"},"primaryImageOfPage":{"@id":"https:\/\/reperes-astro.fr\/les-nouveautes-de-siril-1-4-0\/#primaryimage"},"image":{"@id":"https:\/\/reperes-astro.fr\/les-nouveautes-de-siril-1-4-0\/#primaryimage"},"thumbnailUrl":"https:\/\/reperes-astro.fr\/%77%70%2d%63%6f%6e%74%65%6e%74\/uploads\/2024\/11\/free_astro.siril_-e1731327990141.png","datePublished":"2024-11-11T11:22:37+00:00","dateModified":"2025-01-31T18:09:12+00:00","description":"Lors des Rencontres du Ciel et de l\u2019Espace de 2024, Cyril Richard a pr\u00e9sent\u00e9 en avant-premi\u00e8re les nouveaut\u00e9s de la version 1.4.0 de SIRIL.","breadcrumb":{"@id":"https:\/\/reperes-astro.fr\/les-nouveautes-de-siril-1-4-0\/#breadcrumb"},"inLanguage":"fr-FR","potentialAction":[{"@type":"ReadAction","target":["https:\/\/reperes-astro.fr\/les-nouveautes-de-siril-1-4-0\/"]}]},{"@type":"ImageObject","inLanguage":"fr-FR","@id":"https:\/\/reperes-astro.fr\/les-nouveautes-de-siril-1-4-0\/#primaryimage","url":"https:\/\/reperes-astro.fr\/%77%70%2d%63%6f%6e%74%65%6e%74\/uploads\/2024\/11\/free_astro.siril_-e1731327990141.png","contentUrl":"https:\/\/reperes-astro.fr\/%77%70%2d%63%6f%6e%74%65%6e%74\/uploads\/2024\/11\/free_astro.siril_-e1731327990141.png","width":532,"height":215},{"@type":"BreadcrumbList","@id":"https:\/\/reperes-astro.fr\/les-nouveautes-de-siril-1-4-0\/#breadcrumb","itemListElement":[{"@type":"ListItem","position":1,"name":"Accueil","item":"https:\/\/reperes-astro.fr\/"},{"@type":"ListItem","position":2,"name":"Les nouveaut\u00e9s de SIRIL 1.4.0"}]},{"@type":"WebSite","@id":"https:\/\/reperes-astro.fr\/#website","url":"https:\/\/reperes-astro.fr\/","name":"Rep\u00e8res Astro","description":"&quot;Heureux soient les f\u00eal\u00e9s, car ils laisseront passer la lumi\u00e8re.&quot; Michel Audiard","publisher":{"@id":"https:\/\/reperes-astro.fr\/#organization"},"potentialAction":[{"@type":"SearchAction","target":{"@type":"EntryPoint","urlTemplate":"https:\/\/reperes-astro.fr\/?s={search_term_string}"},"query-input":{"@type":"PropertyValueSpecification","valueRequired":true,"valueName":"search_term_string"}}],"inLanguage":"fr-FR"},{"@type":"Organization","@id":"https:\/\/reperes-astro.fr\/#organization","name":"Rep\u00e8res Astro","url":"https:\/\/reperes-astro.fr\/","logo":{"@type":"ImageObject","inLanguage":"fr-FR","@id":"https:\/\/reperes-astro.fr\/#\/schema\/logo\/image\/","url":"https:\/\/reperes-astro.fr\/%77%70%2d%63%6f%6e%74%65%6e%74\/uploads\/2014\/01\/logo-reperes1.jpg","contentUrl":"https:\/\/reperes-astro.fr\/%77%70%2d%63%6f%6e%74%65%6e%74\/uploads\/2014\/01\/logo-reperes1.jpg","width":510,"height":510,"caption":"Rep\u00e8res Astro"},"image":{"@id":"https:\/\/reperes-astro.fr\/#\/schema\/logo\/image\/"},"sameAs":["https:\/\/www.facebook.com\/AssoReperesAstro\/?locale=fr_FRrplanetarium"]},{"@type":"Person","@id":"https:\/\/reperes-astro.fr\/#\/schema\/person\/63a42a145e25940d630b542b05dc9b3e","name":"Axel Guillerand","url":"https:\/\/reperes-astro.fr\/author\/axel-guillerand\/"}]}},"_links":{"self":[{"href":"https:\/\/reperes-astro.fr\/%77%70%2d%6a%73%6f%6e\/wp\/v2\/posts\/14992","targetHints":{"allow":["GET"]}}],"collection":[{"href":"https:\/\/reperes-astro.fr\/%77%70%2d%6a%73%6f%6e\/wp\/v2\/posts"}],"about":[{"href":"https:\/\/reperes-astro.fr\/%77%70%2d%6a%73%6f%6e\/wp\/v2\/types\/post"}],"author":[{"embeddable":true,"href":"https:\/\/reperes-astro.fr\/%77%70%2d%6a%73%6f%6e\/wp\/v2\/users\/14"}],"replies":[{"embeddable":true,"href":"https:\/\/reperes-astro.fr\/%77%70%2d%6a%73%6f%6e\/wp\/v2\/comments?post=14992"}],"version-history":[{"count":0,"href":"https:\/\/reperes-astro.fr\/%77%70%2d%6a%73%6f%6e\/wp\/v2\/posts\/14992\/revisions"}],"wp:featuredmedia":[{"embeddable":true,"href":"https:\/\/reperes-astro.fr\/%77%70%2d%6a%73%6f%6e\/wp\/v2\/media\/15007"}],"wp:attachment":[{"href":"https:\/\/reperes-astro.fr\/%77%70%2d%6a%73%6f%6e\/wp\/v2\/media?parent=14992"}],"wp:term":[{"taxonomy":"category","embeddable":true,"href":"https:\/\/reperes-astro.fr\/%77%70%2d%6a%73%6f%6e\/wp\/v2\/categories?post=14992"},{"taxonomy":"post_tag","embeddable":true,"href":"https:\/\/reperes-astro.fr\/%77%70%2d%6a%73%6f%6e\/wp\/v2\/tags?post=14992"}],"curies":[{"name":"wp","href":"https:\/\/api.w.org\/{rel}","templated":true}]}}