{"id":185,"date":"2012-10-24T11:04:33","date_gmt":"2012-10-24T09:04:33","guid":{"rendered":"http:\/\/reperes-astro.fr\/?p=185"},"modified":"2025-01-14T18:07:17","modified_gmt":"2025-01-14T17:07:17","slug":"le-dernier-voyage-de-la-navette-endeavour-et-la-situtation-des-autres-navettes","status":"publish","type":"post","link":"https:\/\/reperes-astro.fr\/le-dernier-voyage-de-la-navette-endeavour-et-la-situtation-des-autres-navettes\/","title":{"rendered":"Le dernier voyage de la navette Endeavour et la situation des autres navettes"},"content":{"rendered":"\n<p>Depuis l&rsquo;arr\u00eat du programme des navettes spatiales, la NASA a attribu\u00e9 les diff\u00e9rentes navettes \u00e0 des institutions scientifiques am\u00e9ricaines de premier plan.<\/p>\n\n\n\n<p>&#8211; Atlantis est expos\u00e9e au <a title=\"Kennedy Space Center Visitor Complex\" href=\"http:\/\/en.wikipedia.org\/wiki\/Kennedy_Space_Center_Visitor_Complex\">Centre spatial Kennedy<\/a> \u00e0 Cap Canaveral, en Floride, \u00e0 c\u00f4t\u00e9 de son pas de lancement.<\/p>\n\n\n\n<p>&#8211; Discovery a \u00e9t\u00e9 offerte au <a title=\"National Air and Space Museum\" href=\"http:\/\/en.wikipedia.org\/wiki\/National_Air_and_Space_Museum\">mus\u00e9e de l&rsquo;Air et de l&rsquo;Espace<\/a> du&nbsp;<a title=\"Smithsonian Institution\" href=\"http:\/\/en.wikipedia.org\/wiki\/Smithsonian_Institution\">Smithsonian<\/a> en Virginie, pr\u00e8s de Washington, D.C.&nbsp; le 19 avril 2012. Le transport a \u00e9t\u00e9 effectu\u00e9 par le biais d&rsquo;un Boeing 747 escort\u00e9 par un T-38 Talon de la NASA. Le 747 et la navette ont effectu\u00e9 un survol d&rsquo;honneur de la capitale am\u00e9ricaine.<\/p>\n\n\n\n<p>&#8211; Endeavour se trouve d\u00e9sormais au <a title=\"California Science Center\" href=\"http:\/\/en.wikipedia.org\/wiki\/California_Science_Center\">California Science Center<\/a>, depuis le 14 octobre 2012. Elle a travers\u00e9 une partie de la ville gr\u00e2ce \u00e0 un engin sp\u00e9cialement con\u00e7u. Cette travers\u00e9e a \u00e9t\u00e9 suivie et film\u00e9e par une foule immense.<\/p>\n\n\n\n<p>&#8211; Enterprise, qui \u00e9tait au Smithsonian, a \u00e9t\u00e9 d\u00e9plac\u00e9e au <a title=\"Intrepid Sea-Air-Space Museum\" href=\"http:\/\/en.wikipedia.org\/wiki\/Intrepid_Sea-Air-Space_Museum\">Intrepid Sea-Air-Space Museum<\/a> \u00e0 New York, du fait de l&rsquo;arriv\u00e9e de Discovery.<\/p>\n\n\n\n<p>&#8211; Explorer, une maquette grandeur nature dont il est possible de visiter l&rsquo;int\u00e9rieur et qui se trouvait au centre spatial Kennedy est maintenant \u00e0 Houston, au Texas, au <a title=\"Johnson Space Center\" href=\"http:\/\/en.wikipedia.org\/wiki\/Johnson_Space_Center\">Johnson Space Center<\/a>.<\/p>\n\n\n\n<p><\/p>\n<div class=\"pvc_clear\"><\/div><p id=\"pvc_stats_185\" class=\"pvc_stats all  \" data-element-id=\"185\" style=\"\"><i class=\"pvc-stats-icon medium\" aria-hidden=\"true\"><svg aria-hidden=\"true\" focusable=\"false\" data-prefix=\"far\" data-icon=\"chart-bar\" role=\"img\" xmlns=\"http:\/\/www.w3.org\/2000\/svg\" viewBox=\"0 0 512 512\" class=\"svg-inline--fa fa-chart-bar fa-w-16 fa-2x\"><path fill=\"currentColor\" d=\"M396.8 352h22.4c6.4 0 12.8-6.4 12.8-12.8V108.8c0-6.4-6.4-12.8-12.8-12.8h-22.4c-6.4 0-12.8 6.4-12.8 12.8v230.4c0 6.4 6.4 12.8 12.8 12.8zm-192 0h22.4c6.4 0 12.8-6.4 12.8-12.8V140.8c0-6.4-6.4-12.8-12.8-12.8h-22.4c-6.4 0-12.8 6.4-12.8 12.8v198.4c0 6.4 6.4 12.8 12.8 12.8zm96 0h22.4c6.4 0 12.8-6.4 12.8-12.8V204.8c0-6.4-6.4-12.8-12.8-12.8h-22.4c-6.4 0-12.8 6.4-12.8 12.8v134.4c0 6.4 6.4 12.8 12.8 12.8zM496 400H48V80c0-8.84-7.16-16-16-16H16C7.16 64 0 71.16 0 80v336c0 17.67 14.33 32 32 32h464c8.84 0 16-7.16 16-16v-16c0-8.84-7.16-16-16-16zm-387.2-48h22.4c6.4 0 12.8-6.4 12.8-12.8v-70.4c0-6.4-6.4-12.8-12.8-12.8h-22.4c-6.4 0-12.8 6.4-12.8 12.8v70.4c0 6.4 6.4 12.8 12.8 12.8z\" class=\"\"><\/path><\/svg><\/i> <img loading=\"lazy\" decoding=\"async\" width=\"16\" height=\"16\" alt=\"Loading\" src=\"https:\/\/reperes-astro.fr\/%77%70%2d%63%6f%6e%74%65%6e%74\/plugins\/page-views-count\/ajax-loader-2x.gif\" border=0 \/><\/p><div class=\"pvc_clear\"><\/div>","protected":false},"excerpt":{"rendered":"<p>Depuis l&rsquo;arr\u00eat du programme des navettes spatiales, la NASA a attribu\u00e9 les diff\u00e9rentes navettes \u00e0 des institutions scientifiques am\u00e9ricaines de premier&#46;&#46;&#46;<\/p>\n<div class=\"pvc_clear\"><\/div>\n<p id=\"pvc_stats_185\" class=\"pvc_stats all  \" data-element-id=\"185\" style=\"\"><i class=\"pvc-stats-icon medium\" aria-hidden=\"true\"><svg aria-hidden=\"true\" focusable=\"false\" data-prefix=\"far\" data-icon=\"chart-bar\" role=\"img\" xmlns=\"http:\/\/www.w3.org\/2000\/svg\" viewBox=\"0 0 512 512\" class=\"svg-inline--fa fa-chart-bar fa-w-16 fa-2x\"><path fill=\"currentColor\" d=\"M396.8 352h22.4c6.4 0 12.8-6.4 12.8-12.8V108.8c0-6.4-6.4-12.8-12.8-12.8h-22.4c-6.4 0-12.8 6.4-12.8 12.8v230.4c0 6.4 6.4 12.8 12.8 12.8zm-192 0h22.4c6.4 0 12.8-6.4 12.8-12.8V140.8c0-6.4-6.4-12.8-12.8-12.8h-22.4c-6.4 0-12.8 6.4-12.8 12.8v198.4c0 6.4 6.4 12.8 12.8 12.8zm96 0h22.4c6.4 0 12.8-6.4 12.8-12.8V204.8c0-6.4-6.4-12.8-12.8-12.8h-22.4c-6.4 0-12.8 6.4-12.8 12.8v134.4c0 6.4 6.4 12.8 12.8 12.8zM496 400H48V80c0-8.84-7.16-16-16-16H16C7.16 64 0 71.16 0 80v336c0 17.67 14.33 32 32 32h464c8.84 0 16-7.16 16-16v-16c0-8.84-7.16-16-16-16zm-387.2-48h22.4c6.4 0 12.8-6.4 12.8-12.8v-70.4c0-6.4-6.4-12.8-12.8-12.8h-22.4c-6.4 0-12.8 6.4-12.8 12.8v70.4c0 6.4 6.4 12.8 12.8 12.8z\" class=\"\"><\/path><\/svg><\/i> <img loading=\"lazy\" decoding=\"async\" width=\"16\" height=\"16\" alt=\"Loading\" src=\"https:\/\/reperes-astro.fr\/%77%70%2d%63%6f%6e%74%65%6e%74\/plugins\/page-views-count\/ajax-loader-2x.gif\" border=0 \/><\/p>\n<div class=\"pvc_clear\"><\/div>\n","protected":false},"author":6,"featured_media":11764,"comment_status":"closed","ping_status":"closed","sticky":false,"template":"","format":"standard","meta":{"footnotes":""},"categories":[103,102,5],"tags":[],"class_list":["post-185","post","type-post","status-publish","format-standard","has-post-thumbnail","hentry","category-archives-reperes-astro-2012","category-archives-reperes-astro","category-documentation"],"a3_pvc":{"activated":true,"total_views":14,"today_views":0},"yoast_head":"<title>Le dernier voyage de la navette Endeavour et la situation des autres navettes - Rep\u00e8res Astro<\/title>\n<meta name=\"robots\" content=\"index, follow, max-snippet:-1, max-image-preview:large, max-video-preview:-1\" \/>\n<link rel=\"canonical\" href=\"https:\/\/reperes-astro.fr\/le-dernier-voyage-de-la-navette-endeavour-et-la-situtation-des-autres-navettes\/\" \/>\n<meta property=\"og:locale\" content=\"fr_FR\" \/>\n<meta property=\"og:type\" content=\"article\" \/>\n<meta property=\"og:title\" content=\"Le dernier voyage de la navette Endeavour et la situation des autres navettes - Rep\u00e8res Astro\" \/>\n<meta property=\"og:description\" content=\"Depuis l&rsquo;arr\u00eat du programme des navettes spatiales, la NASA a attribu\u00e9 les diff\u00e9rentes navettes \u00e0 des institutions scientifiques am\u00e9ricaines de premier&#046;&#046;&#046;\" \/>\n<meta property=\"og:url\" content=\"https:\/\/reperes-astro.fr\/le-dernier-voyage-de-la-navette-endeavour-et-la-situtation-des-autres-navettes\/\" \/>\n<meta property=\"og:site_name\" content=\"Rep\u00e8res Astro\" \/>\n<meta property=\"article:publisher\" content=\"https:\/\/www.facebook.com\/AssoReperesAstro\/?locale=fr_FRrplanetarium\" \/>\n<meta property=\"article:published_time\" content=\"2012-10-24T09:04:33+00:00\" \/>\n<meta property=\"article:modified_time\" content=\"2025-01-14T17:07:17+00:00\" \/>\n<meta property=\"og:image\" content=\"https:\/\/reperes-astro.fr\/%77%70%2d%63%6f%6e%74%65%6e%74\/uploads\/2012\/10\/440px-Endeavour_PadB.jpg\" \/>\n\t<meta property=\"og:image:width\" content=\"440\" \/>\n\t<meta property=\"og:image:height\" content=\"659\" \/>\n\t<meta property=\"og:image:type\" content=\"image\/jpeg\" \/>\n<meta name=\"author\" content=\"Maxence Delmotte\" \/>\n<meta name=\"twitter:card\" content=\"summary_large_image\" \/>\n<meta name=\"twitter:label1\" content=\"\u00c9crit par\" \/>\n\t<meta name=\"twitter:data1\" content=\"Maxence Delmotte\" \/>\n\t<meta name=\"twitter:label2\" content=\"Dur\u00e9e de lecture estim\u00e9e\" \/>\n\t<meta name=\"twitter:data2\" content=\"1 minute\" \/>\n<script type=\"application\/ld+json\" class=\"yoast-schema-graph\">{\"@context\":\"https:\\\/\\\/schema.org\",\"@graph\":[{\"@type\":\"Article\",\"@id\":\"https:\\\/\\\/reperes-astro.fr\\\/le-dernier-voyage-de-la-navette-endeavour-et-la-situtation-des-autres-navettes\\\/#article\",\"isPartOf\":{\"@id\":\"https:\\\/\\\/reperes-astro.fr\\\/le-dernier-voyage-de-la-navette-endeavour-et-la-situtation-des-autres-navettes\\\/\"},\"author\":{\"name\":\"Maxence Delmotte\",\"@id\":\"https:\\\/\\\/reperes-astro.fr\\\/#\\\/schema\\\/person\\\/f5b58eaefe61da413bd91263498f00f4\"},\"headline\":\"Le dernier voyage de la navette Endeavour et la situation des autres navettes\",\"datePublished\":\"2012-10-24T09:04:33+00:00\",\"dateModified\":\"2025-01-14T17:07:17+00:00\",\"mainEntityOfPage\":{\"@id\":\"https:\\\/\\\/reperes-astro.fr\\\/le-dernier-voyage-de-la-navette-endeavour-et-la-situtation-des-autres-navettes\\\/\"},\"wordCount\":220,\"publisher\":{\"@id\":\"https:\\\/\\\/reperes-astro.fr\\\/#organization\"},\"image\":{\"@id\":\"https:\\\/\\\/reperes-astro.fr\\\/le-dernier-voyage-de-la-navette-endeavour-et-la-situtation-des-autres-navettes\\\/#primaryimage\"},\"thumbnailUrl\":\"https:\\\/\\\/reperes-astro.fr\\\/%77%70%2d%63%6f%6e%74%65%6e%74\\\/uploads\\\/2012\\\/10\\\/440px-Endeavour_PadB.jpg\",\"articleSection\":[\"2012\",\"Archives\",\"Documentation\"],\"inLanguage\":\"fr-FR\"},{\"@type\":\"WebPage\",\"@id\":\"https:\\\/\\\/reperes-astro.fr\\\/le-dernier-voyage-de-la-navette-endeavour-et-la-situtation-des-autres-navettes\\\/\",\"url\":\"https:\\\/\\\/reperes-astro.fr\\\/le-dernier-voyage-de-la-navette-endeavour-et-la-situtation-des-autres-navettes\\\/\",\"name\":\"Le dernier voyage de la navette Endeavour et la situation des autres navettes - Rep\u00e8res Astro\",\"isPartOf\":{\"@id\":\"https:\\\/\\\/reperes-astro.fr\\\/#website\"},\"primaryImageOfPage\":{\"@id\":\"https:\\\/\\\/reperes-astro.fr\\\/le-dernier-voyage-de-la-navette-endeavour-et-la-situtation-des-autres-navettes\\\/#primaryimage\"},\"image\":{\"@id\":\"https:\\\/\\\/reperes-astro.fr\\\/le-dernier-voyage-de-la-navette-endeavour-et-la-situtation-des-autres-navettes\\\/#primaryimage\"},\"thumbnailUrl\":\"https:\\\/\\\/reperes-astro.fr\\\/%77%70%2d%63%6f%6e%74%65%6e%74\\\/uploads\\\/2012\\\/10\\\/440px-Endeavour_PadB.jpg\",\"datePublished\":\"2012-10-24T09:04:33+00:00\",\"dateModified\":\"2025-01-14T17:07:17+00:00\",\"breadcrumb\":{\"@id\":\"https:\\\/\\\/reperes-astro.fr\\\/le-dernier-voyage-de-la-navette-endeavour-et-la-situtation-des-autres-navettes\\\/#breadcrumb\"},\"inLanguage\":\"fr-FR\",\"potentialAction\":[{\"@type\":\"ReadAction\",\"target\":[\"https:\\\/\\\/reperes-astro.fr\\\/le-dernier-voyage-de-la-navette-endeavour-et-la-situtation-des-autres-navettes\\\/\"]}]},{\"@type\":\"ImageObject\",\"inLanguage\":\"fr-FR\",\"@id\":\"https:\\\/\\\/reperes-astro.fr\\\/le-dernier-voyage-de-la-navette-endeavour-et-la-situtation-des-autres-navettes\\\/#primaryimage\",\"url\":\"https:\\\/\\\/reperes-astro.fr\\\/%77%70%2d%63%6f%6e%74%65%6e%74\\\/uploads\\\/2012\\\/10\\\/440px-Endeavour_PadB.jpg\",\"contentUrl\":\"https:\\\/\\\/reperes-astro.fr\\\/%77%70%2d%63%6f%6e%74%65%6e%74\\\/uploads\\\/2012\\\/10\\\/440px-Endeavour_PadB.jpg\",\"width\":440,\"height\":659},{\"@type\":\"BreadcrumbList\",\"@id\":\"https:\\\/\\\/reperes-astro.fr\\\/le-dernier-voyage-de-la-navette-endeavour-et-la-situtation-des-autres-navettes\\\/#breadcrumb\",\"itemListElement\":[{\"@type\":\"ListItem\",\"position\":1,\"name\":\"Accueil\",\"item\":\"https:\\\/\\\/reperes-astro.fr\\\/\"},{\"@type\":\"ListItem\",\"position\":2,\"name\":\"Le dernier voyage de la navette Endeavour et la situation des autres navettes\"}]},{\"@type\":\"WebSite\",\"@id\":\"https:\\\/\\\/reperes-astro.fr\\\/#website\",\"url\":\"https:\\\/\\\/reperes-astro.fr\\\/\",\"name\":\"Rep\u00e8res Astro\",\"description\":\"&quot;Heureux soient les f\u00eal\u00e9s, car ils laisseront passer la lumi\u00e8re.&quot; Michel Audiard\",\"publisher\":{\"@id\":\"https:\\\/\\\/reperes-astro.fr\\\/#organization\"},\"potentialAction\":[{\"@type\":\"SearchAction\",\"target\":{\"@type\":\"EntryPoint\",\"urlTemplate\":\"https:\\\/\\\/reperes-astro.fr\\\/?s={search_term_string}\"},\"query-input\":{\"@type\":\"PropertyValueSpecification\",\"valueRequired\":true,\"valueName\":\"search_term_string\"}}],\"inLanguage\":\"fr-FR\"},{\"@type\":\"Organization\",\"@id\":\"https:\\\/\\\/reperes-astro.fr\\\/#organization\",\"name\":\"Rep\u00e8res Astro\",\"url\":\"https:\\\/\\\/reperes-astro.fr\\\/\",\"logo\":{\"@type\":\"ImageObject\",\"inLanguage\":\"fr-FR\",\"@id\":\"https:\\\/\\\/reperes-astro.fr\\\/#\\\/schema\\\/logo\\\/image\\\/\",\"url\":\"https:\\\/\\\/reperes-astro.fr\\\/%77%70%2d%63%6f%6e%74%65%6e%74\\\/uploads\\\/2014\\\/01\\\/logo-reperes1.jpg\",\"contentUrl\":\"https:\\\/\\\/reperes-astro.fr\\\/%77%70%2d%63%6f%6e%74%65%6e%74\\\/uploads\\\/2014\\\/01\\\/logo-reperes1.jpg\",\"width\":510,\"height\":510,\"caption\":\"Rep\u00e8res Astro\"},\"image\":{\"@id\":\"https:\\\/\\\/reperes-astro.fr\\\/#\\\/schema\\\/logo\\\/image\\\/\"},\"sameAs\":[\"https:\\\/\\\/www.facebook.com\\\/AssoReperesAstro\\\/?locale=fr_FRrplanetarium\"]},{\"@type\":\"Person\",\"@id\":\"https:\\\/\\\/reperes-astro.fr\\\/#\\\/schema\\\/person\\\/f5b58eaefe61da413bd91263498f00f4\",\"name\":\"Maxence Delmotte\",\"url\":\"https:\\\/\\\/reperes-astro.fr\\\/author\\\/maxence\\\/\"}]}<\/script>","yoast_head_json":{"title":"Le dernier voyage de la navette Endeavour et la situation des autres navettes - Rep\u00e8res Astro","robots":{"index":"index","follow":"follow","max-snippet":"max-snippet:-1","max-image-preview":"max-image-preview:large","max-video-preview":"max-video-preview:-1"},"canonical":"https:\/\/reperes-astro.fr\/le-dernier-voyage-de-la-navette-endeavour-et-la-situtation-des-autres-navettes\/","og_locale":"fr_FR","og_type":"article","og_title":"Le dernier voyage de la navette Endeavour et la situation des autres navettes - Rep\u00e8res Astro","og_description":"Depuis l&rsquo;arr\u00eat du programme des navettes spatiales, la NASA a attribu\u00e9 les diff\u00e9rentes navettes \u00e0 des institutions scientifiques am\u00e9ricaines de premier&#46;&#46;&#46;","og_url":"https:\/\/reperes-astro.fr\/le-dernier-voyage-de-la-navette-endeavour-et-la-situtation-des-autres-navettes\/","og_site_name":"Rep\u00e8res Astro","article_publisher":"https:\/\/www.facebook.com\/AssoReperesAstro\/?locale=fr_FRrplanetarium","article_published_time":"2012-10-24T09:04:33+00:00","article_modified_time":"2025-01-14T17:07:17+00:00","og_image":[{"width":440,"height":659,"url":"https:\/\/reperes-astro.fr\/%77%70%2d%63%6f%6e%74%65%6e%74\/uploads\/2012\/10\/440px-Endeavour_PadB.jpg","type":"image\/jpeg"}],"author":"Maxence Delmotte","twitter_card":"summary_large_image","twitter_misc":{"\u00c9crit par":"Maxence Delmotte","Dur\u00e9e de lecture estim\u00e9e":"1 minute"},"schema":{"@context":"https:\/\/schema.org","@graph":[{"@type":"Article","@id":"https:\/\/reperes-astro.fr\/le-dernier-voyage-de-la-navette-endeavour-et-la-situtation-des-autres-navettes\/#article","isPartOf":{"@id":"https:\/\/reperes-astro.fr\/le-dernier-voyage-de-la-navette-endeavour-et-la-situtation-des-autres-navettes\/"},"author":{"name":"Maxence Delmotte","@id":"https:\/\/reperes-astro.fr\/#\/schema\/person\/f5b58eaefe61da413bd91263498f00f4"},"headline":"Le dernier voyage de la navette Endeavour et la situation des autres navettes","datePublished":"2012-10-24T09:04:33+00:00","dateModified":"2025-01-14T17:07:17+00:00","mainEntityOfPage":{"@id":"https:\/\/reperes-astro.fr\/le-dernier-voyage-de-la-navette-endeavour-et-la-situtation-des-autres-navettes\/"},"wordCount":220,"publisher":{"@id":"https:\/\/reperes-astro.fr\/#organization"},"image":{"@id":"https:\/\/reperes-astro.fr\/le-dernier-voyage-de-la-navette-endeavour-et-la-situtation-des-autres-navettes\/#primaryimage"},"thumbnailUrl":"https:\/\/reperes-astro.fr\/%77%70%2d%63%6f%6e%74%65%6e%74\/uploads\/2012\/10\/440px-Endeavour_PadB.jpg","articleSection":["2012","Archives","Documentation"],"inLanguage":"fr-FR"},{"@type":"WebPage","@id":"https:\/\/reperes-astro.fr\/le-dernier-voyage-de-la-navette-endeavour-et-la-situtation-des-autres-navettes\/","url":"https:\/\/reperes-astro.fr\/le-dernier-voyage-de-la-navette-endeavour-et-la-situtation-des-autres-navettes\/","name":"Le dernier voyage de la navette Endeavour et la situation des autres navettes - Rep\u00e8res Astro","isPartOf":{"@id":"https:\/\/reperes-astro.fr\/#website"},"primaryImageOfPage":{"@id":"https:\/\/reperes-astro.fr\/le-dernier-voyage-de-la-navette-endeavour-et-la-situtation-des-autres-navettes\/#primaryimage"},"image":{"@id":"https:\/\/reperes-astro.fr\/le-dernier-voyage-de-la-navette-endeavour-et-la-situtation-des-autres-navettes\/#primaryimage"},"thumbnailUrl":"https:\/\/reperes-astro.fr\/%77%70%2d%63%6f%6e%74%65%6e%74\/uploads\/2012\/10\/440px-Endeavour_PadB.jpg","datePublished":"2012-10-24T09:04:33+00:00","dateModified":"2025-01-14T17:07:17+00:00","breadcrumb":{"@id":"https:\/\/reperes-astro.fr\/le-dernier-voyage-de-la-navette-endeavour-et-la-situtation-des-autres-navettes\/#breadcrumb"},"inLanguage":"fr-FR","potentialAction":[{"@type":"ReadAction","target":["https:\/\/reperes-astro.fr\/le-dernier-voyage-de-la-navette-endeavour-et-la-situtation-des-autres-navettes\/"]}]},{"@type":"ImageObject","inLanguage":"fr-FR","@id":"https:\/\/reperes-astro.fr\/le-dernier-voyage-de-la-navette-endeavour-et-la-situtation-des-autres-navettes\/#primaryimage","url":"https:\/\/reperes-astro.fr\/%77%70%2d%63%6f%6e%74%65%6e%74\/uploads\/2012\/10\/440px-Endeavour_PadB.jpg","contentUrl":"https:\/\/reperes-astro.fr\/%77%70%2d%63%6f%6e%74%65%6e%74\/uploads\/2012\/10\/440px-Endeavour_PadB.jpg","width":440,"height":659},{"@type":"BreadcrumbList","@id":"https:\/\/reperes-astro.fr\/le-dernier-voyage-de-la-navette-endeavour-et-la-situtation-des-autres-navettes\/#breadcrumb","itemListElement":[{"@type":"ListItem","position":1,"name":"Accueil","item":"https:\/\/reperes-astro.fr\/"},{"@type":"ListItem","position":2,"name":"Le dernier voyage de la navette Endeavour et la situation des autres navettes"}]},{"@type":"WebSite","@id":"https:\/\/reperes-astro.fr\/#website","url":"https:\/\/reperes-astro.fr\/","name":"Rep\u00e8res Astro","description":"&quot;Heureux soient les f\u00eal\u00e9s, car ils laisseront passer la lumi\u00e8re.&quot; Michel Audiard","publisher":{"@id":"https:\/\/reperes-astro.fr\/#organization"},"potentialAction":[{"@type":"SearchAction","target":{"@type":"EntryPoint","urlTemplate":"https:\/\/reperes-astro.fr\/?s={search_term_string}"},"query-input":{"@type":"PropertyValueSpecification","valueRequired":true,"valueName":"search_term_string"}}],"inLanguage":"fr-FR"},{"@type":"Organization","@id":"https:\/\/reperes-astro.fr\/#organization","name":"Rep\u00e8res Astro","url":"https:\/\/reperes-astro.fr\/","logo":{"@type":"ImageObject","inLanguage":"fr-FR","@id":"https:\/\/reperes-astro.fr\/#\/schema\/logo\/image\/","url":"https:\/\/reperes-astro.fr\/%77%70%2d%63%6f%6e%74%65%6e%74\/uploads\/2014\/01\/logo-reperes1.jpg","contentUrl":"https:\/\/reperes-astro.fr\/%77%70%2d%63%6f%6e%74%65%6e%74\/uploads\/2014\/01\/logo-reperes1.jpg","width":510,"height":510,"caption":"Rep\u00e8res Astro"},"image":{"@id":"https:\/\/reperes-astro.fr\/#\/schema\/logo\/image\/"},"sameAs":["https:\/\/www.facebook.com\/AssoReperesAstro\/?locale=fr_FRrplanetarium"]},{"@type":"Person","@id":"https:\/\/reperes-astro.fr\/#\/schema\/person\/f5b58eaefe61da413bd91263498f00f4","name":"Maxence Delmotte","url":"https:\/\/reperes-astro.fr\/author\/maxence\/"}]}},"_links":{"self":[{"href":"https:\/\/reperes-astro.fr\/%77%70%2d%6a%73%6f%6e\/wp\/v2\/posts\/185","targetHints":{"allow":["GET"]}}],"collection":[{"href":"https:\/\/reperes-astro.fr\/%77%70%2d%6a%73%6f%6e\/wp\/v2\/posts"}],"about":[{"href":"https:\/\/reperes-astro.fr\/%77%70%2d%6a%73%6f%6e\/wp\/v2\/types\/post"}],"author":[{"embeddable":true,"href":"https:\/\/reperes-astro.fr\/%77%70%2d%6a%73%6f%6e\/wp\/v2\/users\/6"}],"replies":[{"embeddable":true,"href":"https:\/\/reperes-astro.fr\/%77%70%2d%6a%73%6f%6e\/wp\/v2\/comments?post=185"}],"version-history":[{"count":0,"href":"https:\/\/reperes-astro.fr\/%77%70%2d%6a%73%6f%6e\/wp\/v2\/posts\/185\/revisions"}],"wp:featuredmedia":[{"embeddable":true,"href":"https:\/\/reperes-astro.fr\/%77%70%2d%6a%73%6f%6e\/wp\/v2\/media\/11764"}],"wp:attachment":[{"href":"https:\/\/reperes-astro.fr\/%77%70%2d%6a%73%6f%6e\/wp\/v2\/media?parent=185"}],"wp:term":[{"taxonomy":"category","embeddable":true,"href":"https:\/\/reperes-astro.fr\/%77%70%2d%6a%73%6f%6e\/wp\/v2\/categories?post=185"},{"taxonomy":"post_tag","embeddable":true,"href":"https:\/\/reperes-astro.fr\/%77%70%2d%6a%73%6f%6e\/wp\/v2\/tags?post=185"}],"curies":[{"name":"wp","href":"https:\/\/api.w.org\/{rel}","templated":true}]}}