{"id":20518,"date":"2025-08-20T15:21:11","date_gmt":"2025-08-20T13:21:11","guid":{"rendered":"https:\/\/reperes-astro.fr\/?p=20518"},"modified":"2025-08-22T16:33:57","modified_gmt":"2025-08-22T14:33:57","slug":"soiree-a-lobservatoire-du-15-aout-2025","status":"publish","type":"post","link":"https:\/\/reperes-astro.fr\/soiree-a-lobservatoire-du-15-aout-2025\/","title":{"rendered":"Soir\u00e9e \u00e0 l&rsquo;Observatoire du 15 Ao\u00fbt 2025"},"content":{"rendered":"\n<p>Apr\u00e8s l&rsquo;effervescence des nuits des \u00e9toiles, il \u00e9tait temps de revenir passer une soir\u00e9e \u00e0 l&rsquo;observatoire pour profiter de conditions m\u00e9t\u00e9orologiques cl\u00e9mentes le vendredi 15 Ao\u00fbt \u00e0 partir de 18h. La journ\u00e9e du 14 ayant permis de ranger la majeure partie du mat\u00e9riel, tout \u00e9tait fin pr\u00eat pour une ouverture aux membres de l&rsquo;Association.<\/p>\n\n\n\n<p>Pendant que Mohamed d\u00e9cide de continuer l&rsquo;installation de l&rsquo;exposition d&rsquo;astrophotographies \u00e0 l&rsquo;ext\u00e9rieur de l&rsquo;Observatoire, quelques petites protub\u00e9rances et filaments se laissent admirer \u00e0 la surface du Soleil avec la Lunt, jusqu&rsquo;\u00e0 ce que les b\u00e2timents voisins masquent notre \u00e9toile.<\/p>\n\n\n<div class=\"wp-block-image\">\n<figure class=\"aligncenter size-full is-resized\"><a href=\"https:\/\/reperes-astro.fr\/%77%70%2d%63%6f%6e%74%65%6e%74\/uploads\/2025\/08\/expo-photo.jpg\"><img loading=\"lazy\" decoding=\"async\" width=\"1000\" height=\"750\" src=\"https:\/\/reperes-astro.fr\/%77%70%2d%63%6f%6e%74%65%6e%74\/uploads\/2025\/08\/expo-photo.jpg\" alt=\"Soir\u00e9e \u00e0 l'observatoire du 15 Ao\u00fbt 2025\" class=\"wp-image-20519\" style=\"width:630px\" srcset=\"https:\/\/reperes-astro.fr\/%77%70%2d%63%6f%6e%74%65%6e%74\/uploads\/2025\/08\/expo-photo.jpg 1000w, https:\/\/reperes-astro.fr\/%77%70%2d%63%6f%6e%74%65%6e%74\/uploads\/2025\/08\/expo-photo-300x225.jpg 300w, https:\/\/reperes-astro.fr\/%77%70%2d%63%6f%6e%74%65%6e%74\/uploads\/2025\/08\/expo-photo-768x576.jpg 768w\" sizes=\"auto, (max-width: 1000px) 100vw, 1000px\" \/><\/a><\/figure>\n<\/div>\n\n\n<p><\/p>\n\n\n\n<p>Franck est bien d\u00e9cid\u00e9 \u00e0 utiliser son Dobson et la lunette Skywatcher 150 mm pour continuer d&rsquo;explorer le ciel profond et d\u00e9couvrir de nouveaux objets.<\/p>\n\n\n\n<p>Nous sommes ensuite rejoints par Geoffrey, sa femme et ses deux enfants qui auront le droit \u00e0 une visite de l&rsquo;observatoire, des diff\u00e9rents instruments et des maquettes que nous avons r\u00e9install\u00e9 dans la salle p\u00e9dagogique.<\/p>\n\n\n\n<p>Apr\u00e8s quelques \u00e9changes avec les enfants nous sommes s\u00fbrs que la rel\u00e8ve est assur\u00e9e car nous avons affaire \u00e0 de vrais astronomes en herbe (chez nous nous les surnommons <strong><a href=\"https:\/\/reperes-astro.fr\/category\/astromomes\/\">Astro\u2019m\u00f4mes<\/a><\/strong>). Ils participent aussi \u00e0 l\u2019installation des instruments, \u00e0 la mise en route du LX200 et de leur petite lunette sur l&rsquo;aire d&rsquo;observation alors que les premi\u00e8res \u00e9toiles commencent \u00e0 appara\u00eetre.<\/p>\n\n\n<div class=\"wp-block-image\">\n<figure class=\"aligncenter size-full is-resized\"><a href=\"https:\/\/reperes-astro.fr\/%77%70%2d%63%6f%6e%74%65%6e%74\/uploads\/2025\/08\/soiree-15-aout-2025.jpg\"><img loading=\"lazy\" decoding=\"async\" width=\"1000\" height=\"668\" src=\"https:\/\/reperes-astro.fr\/%77%70%2d%63%6f%6e%74%65%6e%74\/uploads\/2025\/08\/soiree-15-aout-2025.jpg\" alt=\"Soir\u00e9e \u00e0 l'observatoire du 15 Ao\u00fbt 2025\" class=\"wp-image-20520\" style=\"width:630px\" srcset=\"https:\/\/reperes-astro.fr\/%77%70%2d%63%6f%6e%74%65%6e%74\/uploads\/2025\/08\/soiree-15-aout-2025.jpg 1000w, https:\/\/reperes-astro.fr\/%77%70%2d%63%6f%6e%74%65%6e%74\/uploads\/2025\/08\/soiree-15-aout-2025-300x200.jpg 300w, https:\/\/reperes-astro.fr\/%77%70%2d%63%6f%6e%74%65%6e%74\/uploads\/2025\/08\/soiree-15-aout-2025-768x513.jpg 768w\" sizes=\"auto, (max-width: 1000px) 100vw, 1000px\" \/><\/a><\/figure>\n<\/div>\n\n\n<p><\/p>\n\n\n\n<p>Nous nous retrouvons donc avec une lunette 100 mm pour l&rsquo;astrophotographie, un Dobson de 250 mm et une lunette de 150 mm du c\u00f4t\u00e9 de Franck et Geoffrey testera son celestron C8 edge. Sans oublier le LX200 de 300 mm disponible pour les membres et qui a merveilleusement bien fonctionn\u00e9. Notons aussi la lunette de Eliott et Ethan qui nous nous a propos\u00e9 une description exhaustive de toutes les plan\u00e8tes du syst\u00e8me solaire avec les haut-parleurs pendant la soir\u00e9e.<\/p>\n\n\n<div class=\"wp-block-image\">\n<figure class=\"aligncenter size-full is-resized\"><a href=\"https:\/\/reperes-astro.fr\/%77%70%2d%63%6f%6e%74%65%6e%74\/uploads\/2025\/08\/soiree-15-aout-2025-1.jpg\"><img loading=\"lazy\" decoding=\"async\" width=\"668\" height=\"1000\" src=\"https:\/\/reperes-astro.fr\/%77%70%2d%63%6f%6e%74%65%6e%74\/uploads\/2025\/08\/soiree-15-aout-2025-1.jpg\" alt=\"Soir\u00e9e \u00e0 l'observatoire du 15 Ao\u00fbt 2025\" class=\"wp-image-20521\" style=\"width:630px\" srcset=\"https:\/\/reperes-astro.fr\/%77%70%2d%63%6f%6e%74%65%6e%74\/uploads\/2025\/08\/soiree-15-aout-2025-1.jpg 668w, https:\/\/reperes-astro.fr\/%77%70%2d%63%6f%6e%74%65%6e%74\/uploads\/2025\/08\/soiree-15-aout-2025-1-200x300.jpg 200w\" sizes=\"auto, (max-width: 668px) 100vw, 668px\" \/><\/a><\/figure>\n<\/div>\n\n\n<p><\/p>\n\n\n\n<p>Les observations d\u00e9butent avec quelques constellations au laser et \u00e0 l\u2019\u0153il nu, pour nous mettre en bouche, puis nous nous attaquons au ciel profond et observons p\u00eale-m\u00eale l\u2019amas globulaire d&rsquo;Hercule <strong><a href=\"https:\/\/fr.wikipedia.org\/wiki\/Amas_d%27Hercule\">M13<\/a><\/strong>, la galaxie d&rsquo;Androm\u00e8de <strong><a href=\"https:\/\/fr.wikipedia.org\/wiki\/Galaxie_d%27Androm%C3%A8de\">M31<\/a><\/strong>, la n\u00e9buleuse du balai de la sorci\u00e8re <strong><a href=\"https:\/\/fr.wikipedia.org\/wiki\/NGC_6960\">NGC6960<\/a><\/strong> dans la constellation du cygne qui se laisse timidement admirer dans le Dobson (du moins pour un des observateurs).<\/p>\n\n\n\n<p>Nous avons pouss\u00e9 les observations avec les enfants jusqu&rsquo;au lever de Saturne au-dessus de notre horizon, tr\u00e8s agr\u00e9able dans le LX200.<\/p>\n\n\n<div class=\"wp-block-image\">\n<figure class=\"aligncenter size-full is-resized\"><a href=\"https:\/\/reperes-astro.fr\/%77%70%2d%63%6f%6e%74%65%6e%74\/uploads\/2025\/08\/soiree-15-aout-2025-2.jpg\"><img loading=\"lazy\" decoding=\"async\" width=\"1000\" height=\"668\" src=\"https:\/\/reperes-astro.fr\/%77%70%2d%63%6f%6e%74%65%6e%74\/uploads\/2025\/08\/soiree-15-aout-2025-2.jpg\" alt=\"\" class=\"wp-image-20522\" style=\"width:630px\" srcset=\"https:\/\/reperes-astro.fr\/%77%70%2d%63%6f%6e%74%65%6e%74\/uploads\/2025\/08\/soiree-15-aout-2025-2.jpg 1000w, https:\/\/reperes-astro.fr\/%77%70%2d%63%6f%6e%74%65%6e%74\/uploads\/2025\/08\/soiree-15-aout-2025-2-300x200.jpg 300w, https:\/\/reperes-astro.fr\/%77%70%2d%63%6f%6e%74%65%6e%74\/uploads\/2025\/08\/soiree-15-aout-2025-2-768x513.jpg 768w\" sizes=\"auto, (max-width: 1000px) 100vw, 1000px\" \/><\/a><\/figure>\n<\/div>\n\n\n<p><\/p>\n\n\n\n<p>Entre toutes ces observations visuelles la n\u00e9buleuse du croissant NGC6888 est en train d&rsquo;\u00eatre photographi\u00e9e sur l&rsquo;\u00e9cran de l&rsquo;ordinateur. Et ci-dessous voil\u00e0 le r\u00e9sultat.<\/p>\n\n\n<div class=\"wp-block-image\">\n<figure class=\"aligncenter size-full is-resized\"><a href=\"https:\/\/reperes-astro.fr\/%77%70%2d%63%6f%6e%74%65%6e%74\/uploads\/2025\/08\/ngc6888-maxence.jpg\"><img loading=\"lazy\" decoding=\"async\" width=\"1000\" height=\"668\" src=\"https:\/\/reperes-astro.fr\/%77%70%2d%63%6f%6e%74%65%6e%74\/uploads\/2025\/08\/ngc6888-maxence.jpg\" alt=\"\" class=\"wp-image-20530\" style=\"width:630px\" srcset=\"https:\/\/reperes-astro.fr\/%77%70%2d%63%6f%6e%74%65%6e%74\/uploads\/2025\/08\/ngc6888-maxence.jpg 1000w, https:\/\/reperes-astro.fr\/%77%70%2d%63%6f%6e%74%65%6e%74\/uploads\/2025\/08\/ngc6888-maxence-300x200.jpg 300w, https:\/\/reperes-astro.fr\/%77%70%2d%63%6f%6e%74%65%6e%74\/uploads\/2025\/08\/ngc6888-maxence-768x513.jpg 768w\" sizes=\"auto, (max-width: 1000px) 100vw, 1000px\" \/><\/a><\/figure>\n<\/div>\n\n\n<p><\/p>\n\n\n\n<p>Au-dessus de l&rsquo;observatoire, la Voie lact\u00e9e est ais\u00e9ment discernable du moins jusqu&rsquo;\u00e0 ce que la Lune ne commence \u00e0 l&rsquo;\u00e9clipser.<\/p>\n\n\n\n<p>Nos Astro\u2019m\u00f4mes ont install\u00e9 leur camp sur l&rsquo;aire d&rsquo;observation \u00e0 c\u00f4t\u00e9 de leur instrument. Une couverture leur permet de profiter des temp\u00e9ratures estivales qui ne tarderont pas \u00e0 baisser au cours de la nuit. Il faudra n\u00e9anmoins se r\u00e9veiller pour d\u00e9monter le mat\u00e9riel avant d&rsquo;aller terminer sa nuit bien confortablement dans un lit (sans oublier un passage par la gazelle pour observer un lever de Lune au dessus des arbres).<\/p>\n\n\n<div class=\"wp-block-image\">\n<figure class=\"aligncenter size-full is-resized\"><a href=\"https:\/\/reperes-astro.fr\/%77%70%2d%63%6f%6e%74%65%6e%74\/uploads\/2025\/08\/soiree-15-aout-2025-3.jpg\"><img loading=\"lazy\" decoding=\"async\" width=\"668\" height=\"1000\" src=\"https:\/\/reperes-astro.fr\/%77%70%2d%63%6f%6e%74%65%6e%74\/uploads\/2025\/08\/soiree-15-aout-2025-3.jpg\" alt=\"Soir\u00e9e \u00e0 l'observatoire du 15 Ao\u00fbt 2025\" class=\"wp-image-20523\" style=\"width:630px\" srcset=\"https:\/\/reperes-astro.fr\/%77%70%2d%63%6f%6e%74%65%6e%74\/uploads\/2025\/08\/soiree-15-aout-2025-3.jpg 668w, https:\/\/reperes-astro.fr\/%77%70%2d%63%6f%6e%74%65%6e%74\/uploads\/2025\/08\/soiree-15-aout-2025-3-200x300.jpg 200w\" sizes=\"auto, (max-width: 668px) 100vw, 668px\" \/><\/a><\/figure>\n<\/div>\n\n\n<p><\/p>\n\n\n\n<p>Franck et Maxence resteront pour terminer leurs observations et leurs s\u00e9ances de photos, l&rsquo;Observatoire sera ferm\u00e9 \u00e0 4h30 du matin.<\/p>\n\n\n<div class=\"wp-block-image\">\n<figure class=\"aligncenter size-full is-resized\"><a href=\"https:\/\/reperes-astro.fr\/%77%70%2d%63%6f%6e%74%65%6e%74\/uploads\/2025\/08\/soiree-15-aout-2025-4.jpg\"><img loading=\"lazy\" decoding=\"async\" width=\"1000\" height=\"668\" src=\"https:\/\/reperes-astro.fr\/%77%70%2d%63%6f%6e%74%65%6e%74\/uploads\/2025\/08\/soiree-15-aout-2025-4.jpg\" alt=\"\" class=\"wp-image-20524\" style=\"width:630px\" srcset=\"https:\/\/reperes-astro.fr\/%77%70%2d%63%6f%6e%74%65%6e%74\/uploads\/2025\/08\/soiree-15-aout-2025-4.jpg 1000w, https:\/\/reperes-astro.fr\/%77%70%2d%63%6f%6e%74%65%6e%74\/uploads\/2025\/08\/soiree-15-aout-2025-4-300x200.jpg 300w, https:\/\/reperes-astro.fr\/%77%70%2d%63%6f%6e%74%65%6e%74\/uploads\/2025\/08\/soiree-15-aout-2025-4-768x513.jpg 768w\" sizes=\"auto, (max-width: 1000px) 100vw, 1000px\" \/><\/a><\/figure>\n<\/div><div class=\"pvc_clear\"><\/div><p id=\"pvc_stats_20518\" class=\"pvc_stats all  \" data-element-id=\"20518\" style=\"\"><i class=\"pvc-stats-icon medium\" aria-hidden=\"true\"><svg aria-hidden=\"true\" focusable=\"false\" data-prefix=\"far\" data-icon=\"chart-bar\" role=\"img\" xmlns=\"http:\/\/www.w3.org\/2000\/svg\" viewBox=\"0 0 512 512\" class=\"svg-inline--fa fa-chart-bar fa-w-16 fa-2x\"><path fill=\"currentColor\" d=\"M396.8 352h22.4c6.4 0 12.8-6.4 12.8-12.8V108.8c0-6.4-6.4-12.8-12.8-12.8h-22.4c-6.4 0-12.8 6.4-12.8 12.8v230.4c0 6.4 6.4 12.8 12.8 12.8zm-192 0h22.4c6.4 0 12.8-6.4 12.8-12.8V140.8c0-6.4-6.4-12.8-12.8-12.8h-22.4c-6.4 0-12.8 6.4-12.8 12.8v198.4c0 6.4 6.4 12.8 12.8 12.8zm96 0h22.4c6.4 0 12.8-6.4 12.8-12.8V204.8c0-6.4-6.4-12.8-12.8-12.8h-22.4c-6.4 0-12.8 6.4-12.8 12.8v134.4c0 6.4 6.4 12.8 12.8 12.8zM496 400H48V80c0-8.84-7.16-16-16-16H16C7.16 64 0 71.16 0 80v336c0 17.67 14.33 32 32 32h464c8.84 0 16-7.16 16-16v-16c0-8.84-7.16-16-16-16zm-387.2-48h22.4c6.4 0 12.8-6.4 12.8-12.8v-70.4c0-6.4-6.4-12.8-12.8-12.8h-22.4c-6.4 0-12.8 6.4-12.8 12.8v70.4c0 6.4 6.4 12.8 12.8 12.8z\" class=\"\"><\/path><\/svg><\/i> <img loading=\"lazy\" decoding=\"async\" width=\"16\" height=\"16\" alt=\"Loading\" src=\"https:\/\/reperes-astro.fr\/%77%70%2d%63%6f%6e%74%65%6e%74\/plugins\/page-views-count\/ajax-loader-2x.gif\" border=0 \/><\/p><div class=\"pvc_clear\"><\/div>","protected":false},"excerpt":{"rendered":"<p>Apr\u00e8s l&rsquo;effervescence des nuits des \u00e9toiles, il \u00e9tait temps de revenir passer une soir\u00e9e \u00e0 l&rsquo;observatoire pour profiter de conditions m\u00e9t\u00e9orologiques&#46;&#46;&#46;<\/p>\n<div class=\"pvc_clear\"><\/div>\n<p id=\"pvc_stats_20518\" class=\"pvc_stats all  \" data-element-id=\"20518\" style=\"\"><i class=\"pvc-stats-icon medium\" aria-hidden=\"true\"><svg aria-hidden=\"true\" focusable=\"false\" data-prefix=\"far\" data-icon=\"chart-bar\" role=\"img\" xmlns=\"http:\/\/www.w3.org\/2000\/svg\" viewBox=\"0 0 512 512\" class=\"svg-inline--fa fa-chart-bar fa-w-16 fa-2x\"><path fill=\"currentColor\" d=\"M396.8 352h22.4c6.4 0 12.8-6.4 12.8-12.8V108.8c0-6.4-6.4-12.8-12.8-12.8h-22.4c-6.4 0-12.8 6.4-12.8 12.8v230.4c0 6.4 6.4 12.8 12.8 12.8zm-192 0h22.4c6.4 0 12.8-6.4 12.8-12.8V140.8c0-6.4-6.4-12.8-12.8-12.8h-22.4c-6.4 0-12.8 6.4-12.8 12.8v198.4c0 6.4 6.4 12.8 12.8 12.8zm96 0h22.4c6.4 0 12.8-6.4 12.8-12.8V204.8c0-6.4-6.4-12.8-12.8-12.8h-22.4c-6.4 0-12.8 6.4-12.8 12.8v134.4c0 6.4 6.4 12.8 12.8 12.8zM496 400H48V80c0-8.84-7.16-16-16-16H16C7.16 64 0 71.16 0 80v336c0 17.67 14.33 32 32 32h464c8.84 0 16-7.16 16-16v-16c0-8.84-7.16-16-16-16zm-387.2-48h22.4c6.4 0 12.8-6.4 12.8-12.8v-70.4c0-6.4-6.4-12.8-12.8-12.8h-22.4c-6.4 0-12.8 6.4-12.8 12.8v70.4c0 6.4 6.4 12.8 12.8 12.8z\" class=\"\"><\/path><\/svg><\/i> <img loading=\"lazy\" decoding=\"async\" width=\"16\" height=\"16\" alt=\"Loading\" src=\"https:\/\/reperes-astro.fr\/%77%70%2d%63%6f%6e%74%65%6e%74\/plugins\/page-views-count\/ajax-loader-2x.gif\" border=0 \/><\/p>\n<div class=\"pvc_clear\"><\/div>\n","protected":false},"author":6,"featured_media":20520,"comment_status":"closed","ping_status":"closed","sticky":false,"template":"","format":"standard","meta":{"footnotes":""},"categories":[16,6],"tags":[],"class_list":["post-20518","post","type-post","status-publish","format-standard","has-post-thumbnail","hentry","category-actualites","category-vie-de-lassociation"],"a3_pvc":{"activated":true,"total_views":48,"today_views":0},"yoast_head":"<title>Soir\u00e9e \u00e0 l&#039;Observatoire du 15 Ao\u00fbt 2025 - Rep\u00e8res Astro<\/title>\n<meta name=\"description\" content=\"Il \u00e9tait temps de revenir passer une soir\u00e9e \u00e0 l&#039;observatoire et profiter de conditions m\u00e9t\u00e9o cl\u00e9mentes le vendredi 15 Ao\u00fbt \u00e0 partir de 18h.\" \/>\n<meta name=\"robots\" content=\"index, follow, max-snippet:-1, max-image-preview:large, max-video-preview:-1\" \/>\n<link rel=\"canonical\" href=\"https:\/\/reperes-astro.fr\/soiree-a-lobservatoire-du-15-aout-2025\/\" \/>\n<meta property=\"og:locale\" content=\"fr_FR\" \/>\n<meta property=\"og:type\" content=\"article\" \/>\n<meta property=\"og:title\" content=\"Soir\u00e9e \u00e0 l&#039;Observatoire du 15 Ao\u00fbt 2025 - Rep\u00e8res Astro\" \/>\n<meta property=\"og:description\" content=\"Il \u00e9tait temps de revenir passer une soir\u00e9e \u00e0 l&#039;observatoire et profiter de conditions m\u00e9t\u00e9o cl\u00e9mentes le vendredi 15 Ao\u00fbt \u00e0 partir de 18h.\" \/>\n<meta property=\"og:url\" content=\"https:\/\/reperes-astro.fr\/soiree-a-lobservatoire-du-15-aout-2025\/\" \/>\n<meta property=\"og:site_name\" content=\"Rep\u00e8res Astro\" \/>\n<meta property=\"article:publisher\" content=\"https:\/\/www.facebook.com\/AssoReperesAstro\/?locale=fr_FRrplanetarium\" \/>\n<meta property=\"article:published_time\" content=\"2025-08-20T13:21:11+00:00\" \/>\n<meta property=\"article:modified_time\" content=\"2025-08-22T14:33:57+00:00\" \/>\n<meta property=\"og:image\" content=\"https:\/\/reperes-astro.fr\/%77%70%2d%63%6f%6e%74%65%6e%74\/uploads\/2025\/08\/soiree-15-aout-2025.jpg\" \/>\n\t<meta property=\"og:image:width\" content=\"1000\" \/>\n\t<meta property=\"og:image:height\" content=\"668\" \/>\n\t<meta property=\"og:image:type\" content=\"image\/jpeg\" \/>\n<meta name=\"author\" content=\"Maxence Delmotte\" \/>\n<meta name=\"twitter:card\" content=\"summary_large_image\" \/>\n<meta name=\"twitter:label1\" content=\"\u00c9crit par\" \/>\n\t<meta name=\"twitter:data1\" content=\"Maxence Delmotte\" \/>\n\t<meta name=\"twitter:label2\" content=\"Dur\u00e9e de lecture estim\u00e9e\" \/>\n\t<meta name=\"twitter:data2\" content=\"3 minutes\" \/>\n<script type=\"application\/ld+json\" class=\"yoast-schema-graph\">{\"@context\":\"https:\\\/\\\/schema.org\",\"@graph\":[{\"@type\":\"Article\",\"@id\":\"https:\\\/\\\/reperes-astro.fr\\\/soiree-a-lobservatoire-du-15-aout-2025\\\/#article\",\"isPartOf\":{\"@id\":\"https:\\\/\\\/reperes-astro.fr\\\/soiree-a-lobservatoire-du-15-aout-2025\\\/\"},\"author\":{\"name\":\"Maxence Delmotte\",\"@id\":\"https:\\\/\\\/reperes-astro.fr\\\/#\\\/schema\\\/person\\\/f5b58eaefe61da413bd91263498f00f4\"},\"headline\":\"Soir\u00e9e \u00e0 l&rsquo;Observatoire du 15 Ao\u00fbt 2025\",\"datePublished\":\"2025-08-20T13:21:11+00:00\",\"dateModified\":\"2025-08-22T14:33:57+00:00\",\"mainEntityOfPage\":{\"@id\":\"https:\\\/\\\/reperes-astro.fr\\\/soiree-a-lobservatoire-du-15-aout-2025\\\/\"},\"wordCount\":574,\"publisher\":{\"@id\":\"https:\\\/\\\/reperes-astro.fr\\\/#organization\"},\"image\":{\"@id\":\"https:\\\/\\\/reperes-astro.fr\\\/soiree-a-lobservatoire-du-15-aout-2025\\\/#primaryimage\"},\"thumbnailUrl\":\"https:\\\/\\\/reperes-astro.fr\\\/%77%70%2d%63%6f%6e%74%65%6e%74\\\/uploads\\\/2025\\\/08\\\/soiree-15-aout-2025.jpg\",\"articleSection\":[\"Actualit\u00e9s\",\"Vie de l'association\"],\"inLanguage\":\"fr-FR\"},{\"@type\":\"WebPage\",\"@id\":\"https:\\\/\\\/reperes-astro.fr\\\/soiree-a-lobservatoire-du-15-aout-2025\\\/\",\"url\":\"https:\\\/\\\/reperes-astro.fr\\\/soiree-a-lobservatoire-du-15-aout-2025\\\/\",\"name\":\"Soir\u00e9e \u00e0 l'Observatoire du 15 Ao\u00fbt 2025 - Rep\u00e8res Astro\",\"isPartOf\":{\"@id\":\"https:\\\/\\\/reperes-astro.fr\\\/#website\"},\"primaryImageOfPage\":{\"@id\":\"https:\\\/\\\/reperes-astro.fr\\\/soiree-a-lobservatoire-du-15-aout-2025\\\/#primaryimage\"},\"image\":{\"@id\":\"https:\\\/\\\/reperes-astro.fr\\\/soiree-a-lobservatoire-du-15-aout-2025\\\/#primaryimage\"},\"thumbnailUrl\":\"https:\\\/\\\/reperes-astro.fr\\\/%77%70%2d%63%6f%6e%74%65%6e%74\\\/uploads\\\/2025\\\/08\\\/soiree-15-aout-2025.jpg\",\"datePublished\":\"2025-08-20T13:21:11+00:00\",\"dateModified\":\"2025-08-22T14:33:57+00:00\",\"description\":\"Il \u00e9tait temps de revenir passer une soir\u00e9e \u00e0 l'observatoire et profiter de conditions m\u00e9t\u00e9o cl\u00e9mentes le vendredi 15 Ao\u00fbt \u00e0 partir de 18h.\",\"breadcrumb\":{\"@id\":\"https:\\\/\\\/reperes-astro.fr\\\/soiree-a-lobservatoire-du-15-aout-2025\\\/#breadcrumb\"},\"inLanguage\":\"fr-FR\",\"potentialAction\":[{\"@type\":\"ReadAction\",\"target\":[\"https:\\\/\\\/reperes-astro.fr\\\/soiree-a-lobservatoire-du-15-aout-2025\\\/\"]}]},{\"@type\":\"ImageObject\",\"inLanguage\":\"fr-FR\",\"@id\":\"https:\\\/\\\/reperes-astro.fr\\\/soiree-a-lobservatoire-du-15-aout-2025\\\/#primaryimage\",\"url\":\"https:\\\/\\\/reperes-astro.fr\\\/%77%70%2d%63%6f%6e%74%65%6e%74\\\/uploads\\\/2025\\\/08\\\/soiree-15-aout-2025.jpg\",\"contentUrl\":\"https:\\\/\\\/reperes-astro.fr\\\/%77%70%2d%63%6f%6e%74%65%6e%74\\\/uploads\\\/2025\\\/08\\\/soiree-15-aout-2025.jpg\",\"width\":1000,\"height\":668},{\"@type\":\"BreadcrumbList\",\"@id\":\"https:\\\/\\\/reperes-astro.fr\\\/soiree-a-lobservatoire-du-15-aout-2025\\\/#breadcrumb\",\"itemListElement\":[{\"@type\":\"ListItem\",\"position\":1,\"name\":\"Accueil\",\"item\":\"https:\\\/\\\/reperes-astro.fr\\\/\"},{\"@type\":\"ListItem\",\"position\":2,\"name\":\"Soir\u00e9e \u00e0 l&rsquo;Observatoire du 15 Ao\u00fbt 2025\"}]},{\"@type\":\"WebSite\",\"@id\":\"https:\\\/\\\/reperes-astro.fr\\\/#website\",\"url\":\"https:\\\/\\\/reperes-astro.fr\\\/\",\"name\":\"Rep\u00e8res Astro\",\"description\":\"&quot;Heureux soient les f\u00eal\u00e9s, car ils laisseront passer la lumi\u00e8re.&quot; Michel Audiard\",\"publisher\":{\"@id\":\"https:\\\/\\\/reperes-astro.fr\\\/#organization\"},\"potentialAction\":[{\"@type\":\"SearchAction\",\"target\":{\"@type\":\"EntryPoint\",\"urlTemplate\":\"https:\\\/\\\/reperes-astro.fr\\\/?s={search_term_string}\"},\"query-input\":{\"@type\":\"PropertyValueSpecification\",\"valueRequired\":true,\"valueName\":\"search_term_string\"}}],\"inLanguage\":\"fr-FR\"},{\"@type\":\"Organization\",\"@id\":\"https:\\\/\\\/reperes-astro.fr\\\/#organization\",\"name\":\"Rep\u00e8res Astro\",\"url\":\"https:\\\/\\\/reperes-astro.fr\\\/\",\"logo\":{\"@type\":\"ImageObject\",\"inLanguage\":\"fr-FR\",\"@id\":\"https:\\\/\\\/reperes-astro.fr\\\/#\\\/schema\\\/logo\\\/image\\\/\",\"url\":\"https:\\\/\\\/reperes-astro.fr\\\/%77%70%2d%63%6f%6e%74%65%6e%74\\\/uploads\\\/2014\\\/01\\\/logo-reperes1.jpg\",\"contentUrl\":\"https:\\\/\\\/reperes-astro.fr\\\/%77%70%2d%63%6f%6e%74%65%6e%74\\\/uploads\\\/2014\\\/01\\\/logo-reperes1.jpg\",\"width\":510,\"height\":510,\"caption\":\"Rep\u00e8res Astro\"},\"image\":{\"@id\":\"https:\\\/\\\/reperes-astro.fr\\\/#\\\/schema\\\/logo\\\/image\\\/\"},\"sameAs\":[\"https:\\\/\\\/www.facebook.com\\\/AssoReperesAstro\\\/?locale=fr_FRrplanetarium\"]},{\"@type\":\"Person\",\"@id\":\"https:\\\/\\\/reperes-astro.fr\\\/#\\\/schema\\\/person\\\/f5b58eaefe61da413bd91263498f00f4\",\"name\":\"Maxence Delmotte\",\"url\":\"https:\\\/\\\/reperes-astro.fr\\\/author\\\/maxence\\\/\"}]}<\/script>","yoast_head_json":{"title":"Soir\u00e9e \u00e0 l'Observatoire du 15 Ao\u00fbt 2025 - Rep\u00e8res Astro","description":"Il \u00e9tait temps de revenir passer une soir\u00e9e \u00e0 l'observatoire et profiter de conditions m\u00e9t\u00e9o cl\u00e9mentes le vendredi 15 Ao\u00fbt \u00e0 partir de 18h.","robots":{"index":"index","follow":"follow","max-snippet":"max-snippet:-1","max-image-preview":"max-image-preview:large","max-video-preview":"max-video-preview:-1"},"canonical":"https:\/\/reperes-astro.fr\/soiree-a-lobservatoire-du-15-aout-2025\/","og_locale":"fr_FR","og_type":"article","og_title":"Soir\u00e9e \u00e0 l'Observatoire du 15 Ao\u00fbt 2025 - Rep\u00e8res Astro","og_description":"Il \u00e9tait temps de revenir passer une soir\u00e9e \u00e0 l'observatoire et profiter de conditions m\u00e9t\u00e9o cl\u00e9mentes le vendredi 15 Ao\u00fbt \u00e0 partir de 18h.","og_url":"https:\/\/reperes-astro.fr\/soiree-a-lobservatoire-du-15-aout-2025\/","og_site_name":"Rep\u00e8res Astro","article_publisher":"https:\/\/www.facebook.com\/AssoReperesAstro\/?locale=fr_FRrplanetarium","article_published_time":"2025-08-20T13:21:11+00:00","article_modified_time":"2025-08-22T14:33:57+00:00","og_image":[{"width":1000,"height":668,"url":"https:\/\/reperes-astro.fr\/%77%70%2d%63%6f%6e%74%65%6e%74\/uploads\/2025\/08\/soiree-15-aout-2025.jpg","type":"image\/jpeg"}],"author":"Maxence Delmotte","twitter_card":"summary_large_image","twitter_misc":{"\u00c9crit par":"Maxence Delmotte","Dur\u00e9e de lecture estim\u00e9e":"3 minutes"},"schema":{"@context":"https:\/\/schema.org","@graph":[{"@type":"Article","@id":"https:\/\/reperes-astro.fr\/soiree-a-lobservatoire-du-15-aout-2025\/#article","isPartOf":{"@id":"https:\/\/reperes-astro.fr\/soiree-a-lobservatoire-du-15-aout-2025\/"},"author":{"name":"Maxence Delmotte","@id":"https:\/\/reperes-astro.fr\/#\/schema\/person\/f5b58eaefe61da413bd91263498f00f4"},"headline":"Soir\u00e9e \u00e0 l&rsquo;Observatoire du 15 Ao\u00fbt 2025","datePublished":"2025-08-20T13:21:11+00:00","dateModified":"2025-08-22T14:33:57+00:00","mainEntityOfPage":{"@id":"https:\/\/reperes-astro.fr\/soiree-a-lobservatoire-du-15-aout-2025\/"},"wordCount":574,"publisher":{"@id":"https:\/\/reperes-astro.fr\/#organization"},"image":{"@id":"https:\/\/reperes-astro.fr\/soiree-a-lobservatoire-du-15-aout-2025\/#primaryimage"},"thumbnailUrl":"https:\/\/reperes-astro.fr\/%77%70%2d%63%6f%6e%74%65%6e%74\/uploads\/2025\/08\/soiree-15-aout-2025.jpg","articleSection":["Actualit\u00e9s","Vie de l'association"],"inLanguage":"fr-FR"},{"@type":"WebPage","@id":"https:\/\/reperes-astro.fr\/soiree-a-lobservatoire-du-15-aout-2025\/","url":"https:\/\/reperes-astro.fr\/soiree-a-lobservatoire-du-15-aout-2025\/","name":"Soir\u00e9e \u00e0 l'Observatoire du 15 Ao\u00fbt 2025 - Rep\u00e8res Astro","isPartOf":{"@id":"https:\/\/reperes-astro.fr\/#website"},"primaryImageOfPage":{"@id":"https:\/\/reperes-astro.fr\/soiree-a-lobservatoire-du-15-aout-2025\/#primaryimage"},"image":{"@id":"https:\/\/reperes-astro.fr\/soiree-a-lobservatoire-du-15-aout-2025\/#primaryimage"},"thumbnailUrl":"https:\/\/reperes-astro.fr\/%77%70%2d%63%6f%6e%74%65%6e%74\/uploads\/2025\/08\/soiree-15-aout-2025.jpg","datePublished":"2025-08-20T13:21:11+00:00","dateModified":"2025-08-22T14:33:57+00:00","description":"Il \u00e9tait temps de revenir passer une soir\u00e9e \u00e0 l'observatoire et profiter de conditions m\u00e9t\u00e9o cl\u00e9mentes le vendredi 15 Ao\u00fbt \u00e0 partir de 18h.","breadcrumb":{"@id":"https:\/\/reperes-astro.fr\/soiree-a-lobservatoire-du-15-aout-2025\/#breadcrumb"},"inLanguage":"fr-FR","potentialAction":[{"@type":"ReadAction","target":["https:\/\/reperes-astro.fr\/soiree-a-lobservatoire-du-15-aout-2025\/"]}]},{"@type":"ImageObject","inLanguage":"fr-FR","@id":"https:\/\/reperes-astro.fr\/soiree-a-lobservatoire-du-15-aout-2025\/#primaryimage","url":"https:\/\/reperes-astro.fr\/%77%70%2d%63%6f%6e%74%65%6e%74\/uploads\/2025\/08\/soiree-15-aout-2025.jpg","contentUrl":"https:\/\/reperes-astro.fr\/%77%70%2d%63%6f%6e%74%65%6e%74\/uploads\/2025\/08\/soiree-15-aout-2025.jpg","width":1000,"height":668},{"@type":"BreadcrumbList","@id":"https:\/\/reperes-astro.fr\/soiree-a-lobservatoire-du-15-aout-2025\/#breadcrumb","itemListElement":[{"@type":"ListItem","position":1,"name":"Accueil","item":"https:\/\/reperes-astro.fr\/"},{"@type":"ListItem","position":2,"name":"Soir\u00e9e \u00e0 l&rsquo;Observatoire du 15 Ao\u00fbt 2025"}]},{"@type":"WebSite","@id":"https:\/\/reperes-astro.fr\/#website","url":"https:\/\/reperes-astro.fr\/","name":"Rep\u00e8res Astro","description":"&quot;Heureux soient les f\u00eal\u00e9s, car ils laisseront passer la lumi\u00e8re.&quot; Michel Audiard","publisher":{"@id":"https:\/\/reperes-astro.fr\/#organization"},"potentialAction":[{"@type":"SearchAction","target":{"@type":"EntryPoint","urlTemplate":"https:\/\/reperes-astro.fr\/?s={search_term_string}"},"query-input":{"@type":"PropertyValueSpecification","valueRequired":true,"valueName":"search_term_string"}}],"inLanguage":"fr-FR"},{"@type":"Organization","@id":"https:\/\/reperes-astro.fr\/#organization","name":"Rep\u00e8res Astro","url":"https:\/\/reperes-astro.fr\/","logo":{"@type":"ImageObject","inLanguage":"fr-FR","@id":"https:\/\/reperes-astro.fr\/#\/schema\/logo\/image\/","url":"https:\/\/reperes-astro.fr\/%77%70%2d%63%6f%6e%74%65%6e%74\/uploads\/2014\/01\/logo-reperes1.jpg","contentUrl":"https:\/\/reperes-astro.fr\/%77%70%2d%63%6f%6e%74%65%6e%74\/uploads\/2014\/01\/logo-reperes1.jpg","width":510,"height":510,"caption":"Rep\u00e8res Astro"},"image":{"@id":"https:\/\/reperes-astro.fr\/#\/schema\/logo\/image\/"},"sameAs":["https:\/\/www.facebook.com\/AssoReperesAstro\/?locale=fr_FRrplanetarium"]},{"@type":"Person","@id":"https:\/\/reperes-astro.fr\/#\/schema\/person\/f5b58eaefe61da413bd91263498f00f4","name":"Maxence Delmotte","url":"https:\/\/reperes-astro.fr\/author\/maxence\/"}]}},"_links":{"self":[{"href":"https:\/\/reperes-astro.fr\/%77%70%2d%6a%73%6f%6e\/wp\/v2\/posts\/20518","targetHints":{"allow":["GET"]}}],"collection":[{"href":"https:\/\/reperes-astro.fr\/%77%70%2d%6a%73%6f%6e\/wp\/v2\/posts"}],"about":[{"href":"https:\/\/reperes-astro.fr\/%77%70%2d%6a%73%6f%6e\/wp\/v2\/types\/post"}],"author":[{"embeddable":true,"href":"https:\/\/reperes-astro.fr\/%77%70%2d%6a%73%6f%6e\/wp\/v2\/users\/6"}],"replies":[{"embeddable":true,"href":"https:\/\/reperes-astro.fr\/%77%70%2d%6a%73%6f%6e\/wp\/v2\/comments?post=20518"}],"version-history":[{"count":0,"href":"https:\/\/reperes-astro.fr\/%77%70%2d%6a%73%6f%6e\/wp\/v2\/posts\/20518\/revisions"}],"wp:featuredmedia":[{"embeddable":true,"href":"https:\/\/reperes-astro.fr\/%77%70%2d%6a%73%6f%6e\/wp\/v2\/media\/20520"}],"wp:attachment":[{"href":"https:\/\/reperes-astro.fr\/%77%70%2d%6a%73%6f%6e\/wp\/v2\/media?parent=20518"}],"wp:term":[{"taxonomy":"category","embeddable":true,"href":"https:\/\/reperes-astro.fr\/%77%70%2d%6a%73%6f%6e\/wp\/v2\/categories?post=20518"},{"taxonomy":"post_tag","embeddable":true,"href":"https:\/\/reperes-astro.fr\/%77%70%2d%6a%73%6f%6e\/wp\/v2\/tags?post=20518"}],"curies":[{"name":"wp","href":"https:\/\/api.w.org\/{rel}","templated":true}]}}