{"id":20775,"date":"2025-09-09T18:54:20","date_gmt":"2025-09-09T16:54:20","guid":{"rendered":"https:\/\/reperes-astro.fr\/?p=20775"},"modified":"2025-09-09T19:03:44","modified_gmt":"2025-09-09T17:03:44","slug":"le-command-module-cm-002-et-la-mission-a-004","status":"publish","type":"post","link":"https:\/\/reperes-astro.fr\/le-command-module-cm-002-et-la-mission-a-004\/","title":{"rendered":"Le Command Module CM-002 et la Mission A-004"},"content":{"rendered":"\n<p>Le <strong>Command Module CM-002<\/strong> et la <strong>Mission A-004 <\/strong>occupent une place importante dans les d\u00e9buts du programme spatial Apollo. Il s\u2019agissait du <strong>premier module de commande de production (Bloc I) <\/strong>\u00e0 \u00eatre lanc\u00e9 dans le cadre d\u2019un vol d\u2019essai. Contrairement aux maquettes ou aux capsules de test structurel utilis\u00e9es jusque-l\u00e0, CM-002 repr\u00e9sentait la premi\u00e8re v\u00e9ritable version du vaisseau Apollo apte \u00e0 valider en conditions r\u00e9elles les syst\u00e8mes de s\u00e9curit\u00e9 essentiels au futur vol habit\u00e9.<\/p>\n\n\n\n<h2 class=\"wp-block-heading has-medium-font-size\"><strong>La mission A-004<\/strong><\/h2>\n\n\n\n<p>Le 20 janvier 1966, CM-002 prit place au sommet d\u2019une fus\u00e9e <strong>Little Joe II<\/strong>, un petit lanceur sp\u00e9cialement d\u00e9velopp\u00e9 pour tester les syst\u00e8mes d\u2019\u00e9jection et de s\u00e9curit\u00e9 des capsules Apollo. Le vol, d\u00e9sign\u00e9 <strong>A-004<\/strong>, se d\u00e9roula depuis le <strong>White Sands Missile Range <\/strong>au Nouveau-Mexique.<\/p>\n\n\n<div class=\"wp-block-image\">\n<figure class=\"aligncenter size-full is-resized\"><a href=\"https:\/\/reperes-astro.fr\/%77%70%2d%63%6f%6e%74%65%6e%74\/uploads\/2025\/09\/little-jos-2.jpg\"><img loading=\"lazy\" decoding=\"async\" width=\"499\" height=\"665\" src=\"https:\/\/reperes-astro.fr\/%77%70%2d%63%6f%6e%74%65%6e%74\/uploads\/2025\/09\/little-jos-2.jpg\" alt=\"Command Module CM-002\" class=\"wp-image-20776\" style=\"width:400px\" srcset=\"https:\/\/reperes-astro.fr\/%77%70%2d%63%6f%6e%74%65%6e%74\/uploads\/2025\/09\/little-jos-2.jpg 499w, https:\/\/reperes-astro.fr\/%77%70%2d%63%6f%6e%74%65%6e%74\/uploads\/2025\/09\/little-jos-2-225x300.jpg 225w\" sizes=\"auto, (max-width: 499px) 100vw, 499px\" \/><\/a><\/figure>\n<\/div>\n\n\n<p><\/p>\n\n\n\n<p>L\u2019objectif principal \u00e9tait de v\u00e9rifier le fonctionnement du <strong>Launch Escape System(LES)<\/strong>, la tour de sauvetage \u00e0 fus\u00e9e install\u00e9e au-dessus de la capsule. Ce dispositif devait pouvoir arracher rapidement le module de commande de la fus\u00e9e en cas d\u2019explosion ou de dysfonctionnement du lanceur. Pour ce test, la fus\u00e9e Little Joe II simula une situation d\u2019urgence \u00e0 haute altitude : apr\u00e8s une ascension propuls\u00e9e, une instabilit\u00e9 intentionnelle fit basculer la fus\u00e9e, d\u00e9clenchant automatiquement le syst\u00e8me d\u2019\u00e9jection.<\/p>\n\n\n<div class=\"wp-block-image\">\n<figure class=\"aligncenter size-full\"><a href=\"https:\/\/reperes-astro.fr\/%77%70%2d%63%6f%6e%74%65%6e%74\/uploads\/2025\/09\/launch-escape-system.jpg\"><img loading=\"lazy\" decoding=\"async\" width=\"406\" height=\"512\" src=\"https:\/\/reperes-astro.fr\/%77%70%2d%63%6f%6e%74%65%6e%74\/uploads\/2025\/09\/launch-escape-system.jpg\" alt=\"\" class=\"wp-image-20777\" srcset=\"https:\/\/reperes-astro.fr\/%77%70%2d%63%6f%6e%74%65%6e%74\/uploads\/2025\/09\/launch-escape-system.jpg 406w, https:\/\/reperes-astro.fr\/%77%70%2d%63%6f%6e%74%65%6e%74\/uploads\/2025\/09\/launch-escape-system-238x300.jpg 238w\" sizes=\"auto, (max-width: 406px) 100vw, 406px\" \/><\/a><\/figure>\n<\/div>\n\n\n<p><\/p>\n\n\n\n<p>Le <strong>LES<\/strong> se s\u00e9para correctement du lanceur, emportant CM-002 loin de tout danger potentiel, puis lib\u00e9ra la capsule qui descendit sous parachutes. Ce vol confirma que les astronautes pourraient \u00eatre sauv\u00e9s m\u00eame dans une situation critique lors des premi\u00e8res secondes du lancement.<\/p>\n\n\n\n<h2 class=\"wp-block-heading has-medium-font-size\"><strong>Un jalon dans le programme Apollo<\/strong><\/h2>\n\n\n\n<p>La r\u00e9ussite de la mission A-004 valida non seulement le <strong>syst\u00e8me de sauvetage<\/strong>, mais aussi la <strong>solidit\u00e9 structurelle <\/strong>du Command Module Apollo en conditions r\u00e9elles. CM-002 fut ainsi un maillon essentiel de la campagne d\u2019essais qui permit \u00e0 la NASA d\u2019acqu\u00e9rir la confiance n\u00e9cessaire pour autoriser les premiers vols habit\u00e9s quelques ann\u00e9es plus tard.<\/p>\n\n\n\n<h2 class=\"wp-block-heading has-medium-font-size\"><strong>Une pi\u00e8ce de mus\u00e9e<\/strong><\/h2>\n\n\n\n<p>Apr\u00e8s sa r\u00e9cup\u00e9ration, CM-002 fut pr\u00e9serv\u00e9 et est aujourd\u2019hui expos\u00e9 au <strong><a href=\"https:\/\/www.cradleofaviation.org\/\">Cradle of Aviation Museum<\/a> <\/strong>\u00e0 Garden City, Long Island, New York. Les visiteurs peuvent y admirer cette capsule, t\u00e9moin direct des essais qui ont assur\u00e9 la s\u00e9curit\u00e9 des astronautes et pav\u00e9 la route vers la Lune.<\/p>\n\n\n<div class=\"wp-block-image\">\n<figure class=\"aligncenter size-large is-resized\"><a href=\"https:\/\/reperes-astro.fr\/%77%70%2d%63%6f%6e%74%65%6e%74\/uploads\/2025\/09\/cm-002.jpg\"><img loading=\"lazy\" decoding=\"async\" width=\"768\" height=\"1024\" src=\"https:\/\/reperes-astro.fr\/%77%70%2d%63%6f%6e%74%65%6e%74\/uploads\/2025\/09\/cm-002-768x1024.jpg\" alt=\"Command Module CM-002\" class=\"wp-image-20779\" style=\"width:400px\" srcset=\"https:\/\/reperes-astro.fr\/%77%70%2d%63%6f%6e%74%65%6e%74\/uploads\/2025\/09\/cm-002-768x1024.jpg 768w, https:\/\/reperes-astro.fr\/%77%70%2d%63%6f%6e%74%65%6e%74\/uploads\/2025\/09\/cm-002-225x300.jpg 225w, https:\/\/reperes-astro.fr\/%77%70%2d%63%6f%6e%74%65%6e%74\/uploads\/2025\/09\/cm-002.jpg 800w\" sizes=\"auto, (max-width: 768px) 100vw, 768px\" \/><\/a><figcaption class=\"wp-element-caption\">Simon Pierre posant devant le CM-002.<\/figcaption><\/figure>\n<\/div><div class=\"pvc_clear\"><\/div><p id=\"pvc_stats_20775\" class=\"pvc_stats all  \" data-element-id=\"20775\" style=\"\"><i class=\"pvc-stats-icon medium\" aria-hidden=\"true\"><svg aria-hidden=\"true\" focusable=\"false\" data-prefix=\"far\" data-icon=\"chart-bar\" role=\"img\" xmlns=\"http:\/\/www.w3.org\/2000\/svg\" viewBox=\"0 0 512 512\" class=\"svg-inline--fa fa-chart-bar fa-w-16 fa-2x\"><path fill=\"currentColor\" d=\"M396.8 352h22.4c6.4 0 12.8-6.4 12.8-12.8V108.8c0-6.4-6.4-12.8-12.8-12.8h-22.4c-6.4 0-12.8 6.4-12.8 12.8v230.4c0 6.4 6.4 12.8 12.8 12.8zm-192 0h22.4c6.4 0 12.8-6.4 12.8-12.8V140.8c0-6.4-6.4-12.8-12.8-12.8h-22.4c-6.4 0-12.8 6.4-12.8 12.8v198.4c0 6.4 6.4 12.8 12.8 12.8zm96 0h22.4c6.4 0 12.8-6.4 12.8-12.8V204.8c0-6.4-6.4-12.8-12.8-12.8h-22.4c-6.4 0-12.8 6.4-12.8 12.8v134.4c0 6.4 6.4 12.8 12.8 12.8zM496 400H48V80c0-8.84-7.16-16-16-16H16C7.16 64 0 71.16 0 80v336c0 17.67 14.33 32 32 32h464c8.84 0 16-7.16 16-16v-16c0-8.84-7.16-16-16-16zm-387.2-48h22.4c6.4 0 12.8-6.4 12.8-12.8v-70.4c0-6.4-6.4-12.8-12.8-12.8h-22.4c-6.4 0-12.8 6.4-12.8 12.8v70.4c0 6.4 6.4 12.8 12.8 12.8z\" class=\"\"><\/path><\/svg><\/i> <img loading=\"lazy\" decoding=\"async\" width=\"16\" height=\"16\" alt=\"Loading\" src=\"https:\/\/reperes-astro.fr\/%77%70%2d%63%6f%6e%74%65%6e%74\/plugins\/page-views-count\/ajax-loader-2x.gif\" border=0 \/><\/p><div class=\"pvc_clear\"><\/div>","protected":false},"excerpt":{"rendered":"<p>Le Command Module CM-002 et la Mission A-004 occupent une place importante dans les d\u00e9buts du programme spatial Apollo. Il s\u2019agissait&#46;&#46;&#46;<\/p>\n<div class=\"pvc_clear\"><\/div>\n<p id=\"pvc_stats_20775\" class=\"pvc_stats all  \" data-element-id=\"20775\" style=\"\"><i class=\"pvc-stats-icon medium\" aria-hidden=\"true\"><svg aria-hidden=\"true\" focusable=\"false\" data-prefix=\"far\" data-icon=\"chart-bar\" role=\"img\" xmlns=\"http:\/\/www.w3.org\/2000\/svg\" viewBox=\"0 0 512 512\" class=\"svg-inline--fa fa-chart-bar fa-w-16 fa-2x\"><path fill=\"currentColor\" d=\"M396.8 352h22.4c6.4 0 12.8-6.4 12.8-12.8V108.8c0-6.4-6.4-12.8-12.8-12.8h-22.4c-6.4 0-12.8 6.4-12.8 12.8v230.4c0 6.4 6.4 12.8 12.8 12.8zm-192 0h22.4c6.4 0 12.8-6.4 12.8-12.8V140.8c0-6.4-6.4-12.8-12.8-12.8h-22.4c-6.4 0-12.8 6.4-12.8 12.8v198.4c0 6.4 6.4 12.8 12.8 12.8zm96 0h22.4c6.4 0 12.8-6.4 12.8-12.8V204.8c0-6.4-6.4-12.8-12.8-12.8h-22.4c-6.4 0-12.8 6.4-12.8 12.8v134.4c0 6.4 6.4 12.8 12.8 12.8zM496 400H48V80c0-8.84-7.16-16-16-16H16C7.16 64 0 71.16 0 80v336c0 17.67 14.33 32 32 32h464c8.84 0 16-7.16 16-16v-16c0-8.84-7.16-16-16-16zm-387.2-48h22.4c6.4 0 12.8-6.4 12.8-12.8v-70.4c0-6.4-6.4-12.8-12.8-12.8h-22.4c-6.4 0-12.8 6.4-12.8 12.8v70.4c0 6.4 6.4 12.8 12.8 12.8z\" class=\"\"><\/path><\/svg><\/i> <img loading=\"lazy\" decoding=\"async\" width=\"16\" height=\"16\" alt=\"Loading\" src=\"https:\/\/reperes-astro.fr\/%77%70%2d%63%6f%6e%74%65%6e%74\/plugins\/page-views-count\/ajax-loader-2x.gif\" border=0 \/><\/p>\n<div class=\"pvc_clear\"><\/div>\n","protected":false},"author":11,"featured_media":20785,"comment_status":"closed","ping_status":"closed","sticky":false,"template":"","format":"standard","meta":{"footnotes":""},"categories":[63,49],"tags":[],"class_list":["post-20775","post","type-post","status-publish","format-standard","has-post-thumbnail","hentry","category-espace","category-informations-a-destination-des-enseignants-et-des-animateurs"],"a3_pvc":{"activated":true,"total_views":47,"today_views":0},"yoast_head":"<title>Le Command Module CM-002 et la Mission A-004 - Rep\u00e8res Astro<\/title>\n<meta name=\"description\" content=\"Le Command Module CM-002 et la Mission A-004 occupent une place importante dans les d\u00e9buts du programme spatial Apollo.\" \/>\n<meta name=\"robots\" content=\"index, follow, max-snippet:-1, max-image-preview:large, max-video-preview:-1\" \/>\n<link rel=\"canonical\" href=\"https:\/\/reperes-astro.fr\/le-command-module-cm-002-et-la-mission-a-004\/\" \/>\n<meta property=\"og:locale\" content=\"fr_FR\" \/>\n<meta property=\"og:type\" content=\"article\" \/>\n<meta property=\"og:title\" content=\"Le Command Module CM-002 et la Mission A-004 - Rep\u00e8res Astro\" \/>\n<meta property=\"og:description\" content=\"Le Command Module CM-002 et la Mission A-004 occupent une place importante dans les d\u00e9buts du programme spatial Apollo.\" \/>\n<meta property=\"og:url\" content=\"https:\/\/reperes-astro.fr\/le-command-module-cm-002-et-la-mission-a-004\/\" \/>\n<meta property=\"og:site_name\" content=\"Rep\u00e8res Astro\" \/>\n<meta property=\"article:publisher\" content=\"https:\/\/www.facebook.com\/AssoReperesAstro\/?locale=fr_FRrplanetarium\" \/>\n<meta property=\"article:published_time\" content=\"2025-09-09T16:54:20+00:00\" \/>\n<meta property=\"article:modified_time\" content=\"2025-09-09T17:03:44+00:00\" \/>\n<meta property=\"og:image\" content=\"https:\/\/reperes-astro.fr\/%77%70%2d%63%6f%6e%74%65%6e%74\/uploads\/2025\/09\/little-jos-2-thumbnail.webp\" \/>\n\t<meta property=\"og:image:width\" content=\"665\" \/>\n\t<meta property=\"og:image:height\" content=\"314\" \/>\n\t<meta property=\"og:image:type\" content=\"image\/webp\" \/>\n<meta name=\"author\" content=\"Franck\" \/>\n<meta name=\"twitter:card\" content=\"summary_large_image\" \/>\n<meta name=\"twitter:label1\" content=\"\u00c9crit par\" \/>\n\t<meta name=\"twitter:data1\" content=\"Franck\" \/>\n\t<meta name=\"twitter:label2\" content=\"Dur\u00e9e de lecture estim\u00e9e\" \/>\n\t<meta name=\"twitter:data2\" content=\"2 minutes\" \/>\n<script type=\"application\/ld+json\" class=\"yoast-schema-graph\">{\"@context\":\"https:\\\/\\\/schema.org\",\"@graph\":[{\"@type\":\"Article\",\"@id\":\"https:\\\/\\\/reperes-astro.fr\\\/le-command-module-cm-002-et-la-mission-a-004\\\/#article\",\"isPartOf\":{\"@id\":\"https:\\\/\\\/reperes-astro.fr\\\/le-command-module-cm-002-et-la-mission-a-004\\\/\"},\"author\":{\"name\":\"Franck\",\"@id\":\"https:\\\/\\\/reperes-astro.fr\\\/#\\\/schema\\\/person\\\/14ae1ee92a60868e90f005146ca2f8d8\"},\"headline\":\"Le Command Module CM-002 et la Mission A-004\",\"datePublished\":\"2025-09-09T16:54:20+00:00\",\"dateModified\":\"2025-09-09T17:03:44+00:00\",\"mainEntityOfPage\":{\"@id\":\"https:\\\/\\\/reperes-astro.fr\\\/le-command-module-cm-002-et-la-mission-a-004\\\/\"},\"wordCount\":412,\"publisher\":{\"@id\":\"https:\\\/\\\/reperes-astro.fr\\\/#organization\"},\"image\":{\"@id\":\"https:\\\/\\\/reperes-astro.fr\\\/le-command-module-cm-002-et-la-mission-a-004\\\/#primaryimage\"},\"thumbnailUrl\":\"https:\\\/\\\/reperes-astro.fr\\\/%77%70%2d%63%6f%6e%74%65%6e%74\\\/uploads\\\/2025\\\/09\\\/little-jos-2-thumbnail.webp\",\"articleSection\":[\"Espace\",\"Publications\"],\"inLanguage\":\"fr-FR\"},{\"@type\":\"WebPage\",\"@id\":\"https:\\\/\\\/reperes-astro.fr\\\/le-command-module-cm-002-et-la-mission-a-004\\\/\",\"url\":\"https:\\\/\\\/reperes-astro.fr\\\/le-command-module-cm-002-et-la-mission-a-004\\\/\",\"name\":\"Le Command Module CM-002 et la Mission A-004 - Rep\u00e8res Astro\",\"isPartOf\":{\"@id\":\"https:\\\/\\\/reperes-astro.fr\\\/#website\"},\"primaryImageOfPage\":{\"@id\":\"https:\\\/\\\/reperes-astro.fr\\\/le-command-module-cm-002-et-la-mission-a-004\\\/#primaryimage\"},\"image\":{\"@id\":\"https:\\\/\\\/reperes-astro.fr\\\/le-command-module-cm-002-et-la-mission-a-004\\\/#primaryimage\"},\"thumbnailUrl\":\"https:\\\/\\\/reperes-astro.fr\\\/%77%70%2d%63%6f%6e%74%65%6e%74\\\/uploads\\\/2025\\\/09\\\/little-jos-2-thumbnail.webp\",\"datePublished\":\"2025-09-09T16:54:20+00:00\",\"dateModified\":\"2025-09-09T17:03:44+00:00\",\"description\":\"Le Command Module CM-002 et la Mission A-004 occupent une place importante dans les d\u00e9buts du programme spatial Apollo.\",\"breadcrumb\":{\"@id\":\"https:\\\/\\\/reperes-astro.fr\\\/le-command-module-cm-002-et-la-mission-a-004\\\/#breadcrumb\"},\"inLanguage\":\"fr-FR\",\"potentialAction\":[{\"@type\":\"ReadAction\",\"target\":[\"https:\\\/\\\/reperes-astro.fr\\\/le-command-module-cm-002-et-la-mission-a-004\\\/\"]}]},{\"@type\":\"ImageObject\",\"inLanguage\":\"fr-FR\",\"@id\":\"https:\\\/\\\/reperes-astro.fr\\\/le-command-module-cm-002-et-la-mission-a-004\\\/#primaryimage\",\"url\":\"https:\\\/\\\/reperes-astro.fr\\\/%77%70%2d%63%6f%6e%74%65%6e%74\\\/uploads\\\/2025\\\/09\\\/little-jos-2-thumbnail.webp\",\"contentUrl\":\"https:\\\/\\\/reperes-astro.fr\\\/%77%70%2d%63%6f%6e%74%65%6e%74\\\/uploads\\\/2025\\\/09\\\/little-jos-2-thumbnail.webp\",\"width\":665,\"height\":314},{\"@type\":\"BreadcrumbList\",\"@id\":\"https:\\\/\\\/reperes-astro.fr\\\/le-command-module-cm-002-et-la-mission-a-004\\\/#breadcrumb\",\"itemListElement\":[{\"@type\":\"ListItem\",\"position\":1,\"name\":\"Accueil\",\"item\":\"https:\\\/\\\/reperes-astro.fr\\\/\"},{\"@type\":\"ListItem\",\"position\":2,\"name\":\"Le Command Module CM-002 et la Mission A-004\"}]},{\"@type\":\"WebSite\",\"@id\":\"https:\\\/\\\/reperes-astro.fr\\\/#website\",\"url\":\"https:\\\/\\\/reperes-astro.fr\\\/\",\"name\":\"Rep\u00e8res Astro\",\"description\":\"&quot;Heureux soient les f\u00eal\u00e9s, car ils laisseront passer la lumi\u00e8re.&quot; Michel Audiard\",\"publisher\":{\"@id\":\"https:\\\/\\\/reperes-astro.fr\\\/#organization\"},\"potentialAction\":[{\"@type\":\"SearchAction\",\"target\":{\"@type\":\"EntryPoint\",\"urlTemplate\":\"https:\\\/\\\/reperes-astro.fr\\\/?s={search_term_string}\"},\"query-input\":{\"@type\":\"PropertyValueSpecification\",\"valueRequired\":true,\"valueName\":\"search_term_string\"}}],\"inLanguage\":\"fr-FR\"},{\"@type\":\"Organization\",\"@id\":\"https:\\\/\\\/reperes-astro.fr\\\/#organization\",\"name\":\"Rep\u00e8res Astro\",\"url\":\"https:\\\/\\\/reperes-astro.fr\\\/\",\"logo\":{\"@type\":\"ImageObject\",\"inLanguage\":\"fr-FR\",\"@id\":\"https:\\\/\\\/reperes-astro.fr\\\/#\\\/schema\\\/logo\\\/image\\\/\",\"url\":\"https:\\\/\\\/reperes-astro.fr\\\/%77%70%2d%63%6f%6e%74%65%6e%74\\\/uploads\\\/2014\\\/01\\\/logo-reperes1.jpg\",\"contentUrl\":\"https:\\\/\\\/reperes-astro.fr\\\/%77%70%2d%63%6f%6e%74%65%6e%74\\\/uploads\\\/2014\\\/01\\\/logo-reperes1.jpg\",\"width\":510,\"height\":510,\"caption\":\"Rep\u00e8res Astro\"},\"image\":{\"@id\":\"https:\\\/\\\/reperes-astro.fr\\\/#\\\/schema\\\/logo\\\/image\\\/\"},\"sameAs\":[\"https:\\\/\\\/www.facebook.com\\\/AssoReperesAstro\\\/?locale=fr_FRrplanetarium\"]},{\"@type\":\"Person\",\"@id\":\"https:\\\/\\\/reperes-astro.fr\\\/#\\\/schema\\\/person\\\/14ae1ee92a60868e90f005146ca2f8d8\",\"name\":\"Franck\",\"url\":\"https:\\\/\\\/reperes-astro.fr\\\/author\\\/franck-karine\\\/\"}]}<\/script>","yoast_head_json":{"title":"Le Command Module CM-002 et la Mission A-004 - Rep\u00e8res Astro","description":"Le Command Module CM-002 et la Mission A-004 occupent une place importante dans les d\u00e9buts du programme spatial Apollo.","robots":{"index":"index","follow":"follow","max-snippet":"max-snippet:-1","max-image-preview":"max-image-preview:large","max-video-preview":"max-video-preview:-1"},"canonical":"https:\/\/reperes-astro.fr\/le-command-module-cm-002-et-la-mission-a-004\/","og_locale":"fr_FR","og_type":"article","og_title":"Le Command Module CM-002 et la Mission A-004 - Rep\u00e8res Astro","og_description":"Le Command Module CM-002 et la Mission A-004 occupent une place importante dans les d\u00e9buts du programme spatial Apollo.","og_url":"https:\/\/reperes-astro.fr\/le-command-module-cm-002-et-la-mission-a-004\/","og_site_name":"Rep\u00e8res Astro","article_publisher":"https:\/\/www.facebook.com\/AssoReperesAstro\/?locale=fr_FRrplanetarium","article_published_time":"2025-09-09T16:54:20+00:00","article_modified_time":"2025-09-09T17:03:44+00:00","og_image":[{"width":665,"height":314,"url":"https:\/\/reperes-astro.fr\/%77%70%2d%63%6f%6e%74%65%6e%74\/uploads\/2025\/09\/little-jos-2-thumbnail.webp","type":"image\/webp"}],"author":"Franck","twitter_card":"summary_large_image","twitter_misc":{"\u00c9crit par":"Franck","Dur\u00e9e de lecture estim\u00e9e":"2 minutes"},"schema":{"@context":"https:\/\/schema.org","@graph":[{"@type":"Article","@id":"https:\/\/reperes-astro.fr\/le-command-module-cm-002-et-la-mission-a-004\/#article","isPartOf":{"@id":"https:\/\/reperes-astro.fr\/le-command-module-cm-002-et-la-mission-a-004\/"},"author":{"name":"Franck","@id":"https:\/\/reperes-astro.fr\/#\/schema\/person\/14ae1ee92a60868e90f005146ca2f8d8"},"headline":"Le Command Module CM-002 et la Mission A-004","datePublished":"2025-09-09T16:54:20+00:00","dateModified":"2025-09-09T17:03:44+00:00","mainEntityOfPage":{"@id":"https:\/\/reperes-astro.fr\/le-command-module-cm-002-et-la-mission-a-004\/"},"wordCount":412,"publisher":{"@id":"https:\/\/reperes-astro.fr\/#organization"},"image":{"@id":"https:\/\/reperes-astro.fr\/le-command-module-cm-002-et-la-mission-a-004\/#primaryimage"},"thumbnailUrl":"https:\/\/reperes-astro.fr\/%77%70%2d%63%6f%6e%74%65%6e%74\/uploads\/2025\/09\/little-jos-2-thumbnail.webp","articleSection":["Espace","Publications"],"inLanguage":"fr-FR"},{"@type":"WebPage","@id":"https:\/\/reperes-astro.fr\/le-command-module-cm-002-et-la-mission-a-004\/","url":"https:\/\/reperes-astro.fr\/le-command-module-cm-002-et-la-mission-a-004\/","name":"Le Command Module CM-002 et la Mission A-004 - Rep\u00e8res Astro","isPartOf":{"@id":"https:\/\/reperes-astro.fr\/#website"},"primaryImageOfPage":{"@id":"https:\/\/reperes-astro.fr\/le-command-module-cm-002-et-la-mission-a-004\/#primaryimage"},"image":{"@id":"https:\/\/reperes-astro.fr\/le-command-module-cm-002-et-la-mission-a-004\/#primaryimage"},"thumbnailUrl":"https:\/\/reperes-astro.fr\/%77%70%2d%63%6f%6e%74%65%6e%74\/uploads\/2025\/09\/little-jos-2-thumbnail.webp","datePublished":"2025-09-09T16:54:20+00:00","dateModified":"2025-09-09T17:03:44+00:00","description":"Le Command Module CM-002 et la Mission A-004 occupent une place importante dans les d\u00e9buts du programme spatial Apollo.","breadcrumb":{"@id":"https:\/\/reperes-astro.fr\/le-command-module-cm-002-et-la-mission-a-004\/#breadcrumb"},"inLanguage":"fr-FR","potentialAction":[{"@type":"ReadAction","target":["https:\/\/reperes-astro.fr\/le-command-module-cm-002-et-la-mission-a-004\/"]}]},{"@type":"ImageObject","inLanguage":"fr-FR","@id":"https:\/\/reperes-astro.fr\/le-command-module-cm-002-et-la-mission-a-004\/#primaryimage","url":"https:\/\/reperes-astro.fr\/%77%70%2d%63%6f%6e%74%65%6e%74\/uploads\/2025\/09\/little-jos-2-thumbnail.webp","contentUrl":"https:\/\/reperes-astro.fr\/%77%70%2d%63%6f%6e%74%65%6e%74\/uploads\/2025\/09\/little-jos-2-thumbnail.webp","width":665,"height":314},{"@type":"BreadcrumbList","@id":"https:\/\/reperes-astro.fr\/le-command-module-cm-002-et-la-mission-a-004\/#breadcrumb","itemListElement":[{"@type":"ListItem","position":1,"name":"Accueil","item":"https:\/\/reperes-astro.fr\/"},{"@type":"ListItem","position":2,"name":"Le Command Module CM-002 et la Mission A-004"}]},{"@type":"WebSite","@id":"https:\/\/reperes-astro.fr\/#website","url":"https:\/\/reperes-astro.fr\/","name":"Rep\u00e8res Astro","description":"&quot;Heureux soient les f\u00eal\u00e9s, car ils laisseront passer la lumi\u00e8re.&quot; Michel Audiard","publisher":{"@id":"https:\/\/reperes-astro.fr\/#organization"},"potentialAction":[{"@type":"SearchAction","target":{"@type":"EntryPoint","urlTemplate":"https:\/\/reperes-astro.fr\/?s={search_term_string}"},"query-input":{"@type":"PropertyValueSpecification","valueRequired":true,"valueName":"search_term_string"}}],"inLanguage":"fr-FR"},{"@type":"Organization","@id":"https:\/\/reperes-astro.fr\/#organization","name":"Rep\u00e8res Astro","url":"https:\/\/reperes-astro.fr\/","logo":{"@type":"ImageObject","inLanguage":"fr-FR","@id":"https:\/\/reperes-astro.fr\/#\/schema\/logo\/image\/","url":"https:\/\/reperes-astro.fr\/%77%70%2d%63%6f%6e%74%65%6e%74\/uploads\/2014\/01\/logo-reperes1.jpg","contentUrl":"https:\/\/reperes-astro.fr\/%77%70%2d%63%6f%6e%74%65%6e%74\/uploads\/2014\/01\/logo-reperes1.jpg","width":510,"height":510,"caption":"Rep\u00e8res Astro"},"image":{"@id":"https:\/\/reperes-astro.fr\/#\/schema\/logo\/image\/"},"sameAs":["https:\/\/www.facebook.com\/AssoReperesAstro\/?locale=fr_FRrplanetarium"]},{"@type":"Person","@id":"https:\/\/reperes-astro.fr\/#\/schema\/person\/14ae1ee92a60868e90f005146ca2f8d8","name":"Franck","url":"https:\/\/reperes-astro.fr\/author\/franck-karine\/"}]}},"_links":{"self":[{"href":"https:\/\/reperes-astro.fr\/%77%70%2d%6a%73%6f%6e\/wp\/v2\/posts\/20775","targetHints":{"allow":["GET"]}}],"collection":[{"href":"https:\/\/reperes-astro.fr\/%77%70%2d%6a%73%6f%6e\/wp\/v2\/posts"}],"about":[{"href":"https:\/\/reperes-astro.fr\/%77%70%2d%6a%73%6f%6e\/wp\/v2\/types\/post"}],"author":[{"embeddable":true,"href":"https:\/\/reperes-astro.fr\/%77%70%2d%6a%73%6f%6e\/wp\/v2\/users\/11"}],"replies":[{"embeddable":true,"href":"https:\/\/reperes-astro.fr\/%77%70%2d%6a%73%6f%6e\/wp\/v2\/comments?post=20775"}],"version-history":[{"count":0,"href":"https:\/\/reperes-astro.fr\/%77%70%2d%6a%73%6f%6e\/wp\/v2\/posts\/20775\/revisions"}],"wp:featuredmedia":[{"embeddable":true,"href":"https:\/\/reperes-astro.fr\/%77%70%2d%6a%73%6f%6e\/wp\/v2\/media\/20785"}],"wp:attachment":[{"href":"https:\/\/reperes-astro.fr\/%77%70%2d%6a%73%6f%6e\/wp\/v2\/media?parent=20775"}],"wp:term":[{"taxonomy":"category","embeddable":true,"href":"https:\/\/reperes-astro.fr\/%77%70%2d%6a%73%6f%6e\/wp\/v2\/categories?post=20775"},{"taxonomy":"post_tag","embeddable":true,"href":"https:\/\/reperes-astro.fr\/%77%70%2d%6a%73%6f%6e\/wp\/v2\/tags?post=20775"}],"curies":[{"name":"wp","href":"https:\/\/api.w.org\/{rel}","templated":true}]}}