{"id":21707,"date":"2025-12-04T16:32:59","date_gmt":"2025-12-04T15:32:59","guid":{"rendered":"https:\/\/reperes-astro.fr\/?p=21707"},"modified":"2025-12-04T16:35:24","modified_gmt":"2025-12-04T15:35:24","slug":"dernieres-productions-des-membres-de-novembre-2025","status":"publish","type":"post","link":"https:\/\/reperes-astro.fr\/dernieres-productions-des-membres-de-novembre-2025\/","title":{"rendered":"Derni\u00e8res productions des membres de Novembre 2025"},"content":{"rendered":"\n<p>Retrouvez ci-dessous les derni\u00e8res productions des membres de Novembre 2025. Nous avons eu la chance de pouvoir observer des <strong><a href=\"https:\/\/reperes-astro.fr\/12-novembre-aurores-boreales-en-picardie\/\">aurores bor\u00e9ales<\/a><\/strong> en d\u00e9but de mois, mais pour le reste le ciel est rest\u00e9 trop souvent bouch\u00e9. Mais malgr\u00e9 tout encore de belles choses ce mois-ci.<\/p>\n\n\n\n<p class=\"has-medium-font-size\"><strong>L\u00e9gende :<\/strong><\/p>\n\n\n\n<figure class=\"wp-block-table is-style-stripes\"><table class=\"has-fixed-layout\"><tbody><tr><td class=\"has-text-align-left\" data-align=\"left\">\ud83d\udd2d :&nbsp;Instrument<\/td><td class=\"has-text-align-left\" data-align=\"left\">\ud83d\udd0d : Correcteur \/ Barlow<\/td><td class=\"has-text-align-left\" data-align=\"left\">\ud83d\udcf7 :&nbsp;Capteur<\/td><td class=\"has-text-align-left\" data-align=\"left\">\u2699\ufe0f :&nbsp;Monture<\/td><\/tr><tr><td class=\"has-text-align-left\" data-align=\"left\">\ud83c\udfaf :&nbsp;Autoguidage<\/td><td class=\"has-text-align-left\" data-align=\"left\">\ud83d\udd76\ufe0f :&nbsp;Filtre<\/td><td class=\"has-text-align-left\" data-align=\"left\">\u23f1\ufe0f :&nbsp;Temps de pose<\/td><td class=\"has-text-align-left\" data-align=\"left\">\ud83d\udcbb :&nbsp;Logiciels traitement<\/td><\/tr><tr><td class=\"has-text-align-left\" data-align=\"left\">\ud83e\ude9c : Bortle<\/td><td class=\"has-text-align-left\" data-align=\"left\">\ud83d\uddfa : Localisation<\/td><td class=\"has-text-align-left\" data-align=\"left\"> \ud83d\uddd3 : Date prise de vue<\/td><td class=\"has-text-align-left\" data-align=\"left\"><\/td><\/tr><\/tbody><\/table><\/figure>\n\n\n\n<div class=\"wp-block-columns is-not-stacked-on-mobile is-layout-flex wp-container-core-columns-is-layout-9d6595d7 wp-block-columns-is-layout-flex\">\n<div class=\"wp-block-column is-layout-flow wp-block-column-is-layout-flow\" style=\"flex-basis:25%\"><\/div>\n\n\n\n<div class=\"wp-block-column is-layout-flow wp-block-column-is-layout-flow\" style=\"flex-basis:50%\">\n<hr class=\"wp-block-separator has-alpha-channel-opacity\"\/>\n<\/div>\n\n\n\n<div class=\"wp-block-column is-layout-flow wp-block-column-is-layout-flow\" style=\"flex-basis:25%\"><\/div>\n<\/div>\n\n\n\n<h2 class=\"wp-block-heading has-medium-font-size\"><strong>St\u00e9phane<\/strong><\/h2>\n\n\n\n<div class=\"wp-block-columns are-vertically-aligned-center is-not-stacked-on-mobile is-layout-flex wp-container-core-columns-is-layout-9d6595d7 wp-block-columns-is-layout-flex\">\n<div class=\"wp-block-column is-vertically-aligned-center is-layout-flow wp-block-column-is-layout-flow\" style=\"flex-basis:66.66%\">\n<p>Voici une photo de <strong>la com\u00e8te Lemonn<\/strong> prise hier soir.<\/p>\n\n\n\n<p>\ud83d\udcf7 :&nbsp;Fuji X-S10<br>\ud83d\udd2d :&nbsp;Samyang 135 mm \u00e0 f2.4<br>\u2699\ufe0f :&nbsp;Minitrack LX2<br>\u23f1\ufe0f :&nbsp;20&#215;15 secondes \u00e0 800 ISO<br>\ud83d\udcbb :&nbsp;Sequator, SETI ASTRO&nbsp;et&nbsp;Photoshop<br>\ud83d\uddd3 : 31\/10\/2025<\/p>\n<\/div>\n\n\n\n<div class=\"wp-block-column is-vertically-aligned-center is-layout-flow wp-block-column-is-layout-flow\" style=\"flex-basis:33.33%\"><div class=\"wp-block-image\">\n<figure class=\"aligncenter size-full\"><a href=\"https:\/\/reperes-astro.fr\/%77%70%2d%63%6f%6e%74%65%6e%74\/uploads\/2025\/11\/comete-lemonn-stephane-1.jpg\"><img loading=\"lazy\" decoding=\"async\" width=\"666\" height=\"1000\" src=\"https:\/\/reperes-astro.fr\/%77%70%2d%63%6f%6e%74%65%6e%74\/uploads\/2025\/11\/comete-lemonn-stephane-1.jpg\" alt=\"Derni\u00e8res productions des membres de Novembre 2025\" class=\"wp-image-21741\" style=\"aspect-ratio:1;object-fit:cover\" srcset=\"https:\/\/reperes-astro.fr\/%77%70%2d%63%6f%6e%74%65%6e%74\/uploads\/2025\/11\/comete-lemonn-stephane-1.jpg 666w, https:\/\/reperes-astro.fr\/%77%70%2d%63%6f%6e%74%65%6e%74\/uploads\/2025\/11\/comete-lemonn-stephane-1-200x300.jpg 200w\" sizes=\"auto, (max-width: 666px) 100vw, 666px\" \/><\/a><\/figure>\n<\/div><\/div>\n<\/div>\n\n\n\n<div class=\"wp-block-columns is-not-stacked-on-mobile is-layout-flex wp-container-core-columns-is-layout-9d6595d7 wp-block-columns-is-layout-flex\">\n<div class=\"wp-block-column is-layout-flow wp-block-column-is-layout-flow\" style=\"flex-basis:25%\"><\/div>\n\n\n\n<div class=\"wp-block-column is-layout-flow wp-block-column-is-layout-flow\" style=\"flex-basis:50%\">\n<hr class=\"wp-block-separator has-alpha-channel-opacity\"\/>\n<\/div>\n\n\n\n<div class=\"wp-block-column is-layout-flow wp-block-column-is-layout-flow\" style=\"flex-basis:25%\"><\/div>\n<\/div>\n\n\n\n<div class=\"wp-block-columns are-vertically-aligned-center is-not-stacked-on-mobile is-layout-flex wp-container-core-columns-is-layout-9d6595d7 wp-block-columns-is-layout-flex\">\n<div class=\"wp-block-column is-vertically-aligned-center is-layout-flow wp-block-column-is-layout-flow\" style=\"flex-basis:66.66%\">\n<p>Hier soir \u00e0 l&rsquo;issue du stage troisi\u00e8me \u00e9toiles nous avons pu admirer une belle <strong>Lune gibbeuse<\/strong> d\u00e9croissante. L&rsquo;occasion de mettre en pratique la prise de vue lunaire \u00e0 l&rsquo;APN.<\/p>\n\n\n\n<p>\ud83d\udd2d :&nbsp;Takahashi TS152\/1216mm<br>\ud83d\udcf7 :&nbsp;Fuji X-S10 \u00e0 1\/200\u00e8me de seconde \u00e0 160 ISO<br>\u23f1\ufe0f :&nbsp;50 images<br>\ud83d\udcbb :&nbsp;Capture One, Astrosurface et Photoshop<\/p>\n<\/div>\n\n\n\n<div class=\"wp-block-column is-vertically-aligned-center is-layout-flow wp-block-column-is-layout-flow\" style=\"flex-basis:33.33%\"><div class=\"wp-block-image\">\n<figure class=\"aligncenter size-medium\"><a href=\"https:\/\/reperes-astro.fr\/%77%70%2d%63%6f%6e%74%65%6e%74\/uploads\/2025\/11\/lune-stephane-1.jpg\"><img loading=\"lazy\" decoding=\"async\" width=\"300\" height=\"300\" src=\"https:\/\/reperes-astro.fr\/%77%70%2d%63%6f%6e%74%65%6e%74\/uploads\/2025\/11\/lune-stephane-1-300x300.jpg\" alt=\"\" class=\"wp-image-21716\" srcset=\"https:\/\/reperes-astro.fr\/%77%70%2d%63%6f%6e%74%65%6e%74\/uploads\/2025\/11\/lune-stephane-1-300x300.jpg 300w, https:\/\/reperes-astro.fr\/%77%70%2d%63%6f%6e%74%65%6e%74\/uploads\/2025\/11\/lune-stephane-1-150x150.jpg 150w, https:\/\/reperes-astro.fr\/%77%70%2d%63%6f%6e%74%65%6e%74\/uploads\/2025\/11\/lune-stephane-1-768x768.jpg 768w, https:\/\/reperes-astro.fr\/%77%70%2d%63%6f%6e%74%65%6e%74\/uploads\/2025\/11\/lune-stephane-1-80x80.jpg 80w, https:\/\/reperes-astro.fr\/%77%70%2d%63%6f%6e%74%65%6e%74\/uploads\/2025\/11\/lune-stephane-1-320x320.jpg 320w, https:\/\/reperes-astro.fr\/%77%70%2d%63%6f%6e%74%65%6e%74\/uploads\/2025\/11\/lune-stephane-1.jpg 1000w\" sizes=\"auto, (max-width: 300px) 100vw, 300px\" \/><\/a><figcaption class=\"wp-element-caption\"><strong><a href=\"https:\/\/i.goopics.net\/947a2l.jpg\">Version HD<\/a><\/strong>.<\/figcaption><\/figure>\n<\/div><\/div>\n<\/div>\n\n\n\n<div class=\"wp-block-columns is-not-stacked-on-mobile is-layout-flex wp-container-core-columns-is-layout-9d6595d7 wp-block-columns-is-layout-flex\">\n<div class=\"wp-block-column is-layout-flow wp-block-column-is-layout-flow\" style=\"flex-basis:25%\"><\/div>\n\n\n\n<div class=\"wp-block-column is-layout-flow wp-block-column-is-layout-flow\" style=\"flex-basis:50%\">\n<hr class=\"wp-block-separator has-alpha-channel-opacity\"\/>\n<\/div>\n\n\n\n<div class=\"wp-block-column is-layout-flow wp-block-column-is-layout-flow\" style=\"flex-basis:25%\"><\/div>\n<\/div>\n\n\n\n<p>J&rsquo;ai profit\u00e9 de la belle nuit bien froide de lundi \u00e0 mardi pour imager la n\u00e9buleuse Californie <strong>NGC1499 <\/strong>dans la constellation de Pers\u00e9e. Elle a \u00e9t\u00e9 nomm\u00e9e ainsi car sa forme ressemble approximativement \u00e0 celle de l&rsquo;\u00e9tat de la Californie sur les photographies \u00e0 longue pose. D&rsquo;une longueur d&rsquo;environ 70 ann\u00e9es-lumi\u00e8re, NGC 1499 se trouve \u00e0 environ 1 500 ann\u00e9es-lumi\u00e8re de la Terre, ce qui fait d&rsquo;elle l&rsquo;une des r\u00e9gions HII les plus proches du syst\u00e8me solaire.<\/p>\n\n\n\n<div class=\"wp-block-columns are-vertically-aligned-center is-not-stacked-on-mobile is-layout-flex wp-container-core-columns-is-layout-9d6595d7 wp-block-columns-is-layout-flex\">\n<div class=\"wp-block-column is-vertically-aligned-center is-layout-flow wp-block-column-is-layout-flow\" style=\"flex-basis:66.66%\">\n<ul class=\"wp-block-list\">\n<li>\ud83d\udd2d :\u00a0Samyang 135 mm \u00e0 f2.4<\/li>\n\n\n\n<li>\ud83d\udd76\ufe0f :\u00a0Optolong L-pro<\/li>\n\n\n\n<li>\ud83d\udcf7 :\u00a0ZWO ASI 533 MC PRO<\/li>\n\n\n\n<li>\ud83c\udfaf :\u00a0ZWO ASI 224 MC et lunette Svbony 30\/120mm<\/li>\n\n\n\n<li>\u2699\ufe0f :\u00a0Skywatcher HEQ5 Pro<\/li>\n\n\n\n<li>\u23f1\ufe0f : 96 poses de 300 secondes<\/li>\n\n\n\n<li>\ud83d\udcbb :\u00a0SIRIL, SETI ASTRO et Photoshop<\/li>\n<\/ul>\n<\/div>\n\n\n\n<div class=\"wp-block-column is-vertically-aligned-center is-layout-flow wp-block-column-is-layout-flow\" style=\"flex-basis:33.33%\"><div class=\"wp-block-image\">\n<figure class=\"aligncenter size-medium\"><a href=\"https:\/\/reperes-astro.fr\/%77%70%2d%63%6f%6e%74%65%6e%74\/uploads\/2025\/12\/ngc1499-stephane.jpg\"><img loading=\"lazy\" decoding=\"async\" width=\"300\" height=\"300\" src=\"https:\/\/reperes-astro.fr\/%77%70%2d%63%6f%6e%74%65%6e%74\/uploads\/2025\/12\/ngc1499-stephane-300x300.jpg\" alt=\"\" class=\"wp-image-21872\" srcset=\"https:\/\/reperes-astro.fr\/%77%70%2d%63%6f%6e%74%65%6e%74\/uploads\/2025\/12\/ngc1499-stephane-300x300.jpg 300w, https:\/\/reperes-astro.fr\/%77%70%2d%63%6f%6e%74%65%6e%74\/uploads\/2025\/12\/ngc1499-stephane-150x150.jpg 150w, https:\/\/reperes-astro.fr\/%77%70%2d%63%6f%6e%74%65%6e%74\/uploads\/2025\/12\/ngc1499-stephane-768x768.jpg 768w, https:\/\/reperes-astro.fr\/%77%70%2d%63%6f%6e%74%65%6e%74\/uploads\/2025\/12\/ngc1499-stephane-80x80.jpg 80w, https:\/\/reperes-astro.fr\/%77%70%2d%63%6f%6e%74%65%6e%74\/uploads\/2025\/12\/ngc1499-stephane-320x320.jpg 320w, https:\/\/reperes-astro.fr\/%77%70%2d%63%6f%6e%74%65%6e%74\/uploads\/2025\/12\/ngc1499-stephane.jpg 1000w\" sizes=\"auto, (max-width: 300px) 100vw, 300px\" \/><\/a><figcaption class=\"wp-element-caption\"><strong><a href=\"https:\/\/i.goopics.net\/twvt8l.jpg\">Version HD<\/a><\/strong>.<\/figcaption><\/figure>\n<\/div><\/div>\n<\/div>\n\n\n\n<div class=\"wp-block-columns is-not-stacked-on-mobile is-layout-flex wp-container-core-columns-is-layout-9d6595d7 wp-block-columns-is-layout-flex\">\n<div class=\"wp-block-column is-layout-flow wp-block-column-is-layout-flow\" style=\"flex-basis:25%\"><\/div>\n\n\n\n<div class=\"wp-block-column is-layout-flow wp-block-column-is-layout-flow\" style=\"flex-basis:50%\">\n<hr class=\"wp-block-separator has-alpha-channel-opacity\"\/>\n<\/div>\n\n\n\n<div class=\"wp-block-column is-layout-flow wp-block-column-is-layout-flow\" style=\"flex-basis:25%\"><\/div>\n<\/div>\n\n\n\n<div class=\"wp-block-columns are-vertically-aligned-center is-not-stacked-on-mobile is-layout-flex wp-container-core-columns-is-layout-9d6595d7 wp-block-columns-is-layout-flex\">\n<div class=\"wp-block-column is-vertically-aligned-center is-layout-flow wp-block-column-is-layout-flow\" style=\"flex-basis:66.66%\">\n<p>Un ami pilote chez Air France m&rsquo;a envoy\u00e9 une photo d&rsquo;aurores bor\u00e9ales prise hier soir au dessus du Groenland. On reconna\u00eet bien la constellation\u00a0d&rsquo;Orion.<\/p>\n<\/div>\n\n\n\n<div class=\"wp-block-column is-vertically-aligned-center is-layout-flow wp-block-column-is-layout-flow\" style=\"flex-basis:33.33%\">\n<figure class=\"wp-block-image size-full\"><a href=\"https:\/\/reperes-astro.fr\/%77%70%2d%63%6f%6e%74%65%6e%74\/uploads\/2025\/12\/aurores-boreales-stephane.jpg\"><img loading=\"lazy\" decoding=\"async\" width=\"1000\" height=\"750\" src=\"https:\/\/reperes-astro.fr\/%77%70%2d%63%6f%6e%74%65%6e%74\/uploads\/2025\/12\/aurores-boreales-stephane.jpg\" alt=\"\" class=\"wp-image-21874\" srcset=\"https:\/\/reperes-astro.fr\/%77%70%2d%63%6f%6e%74%65%6e%74\/uploads\/2025\/12\/aurores-boreales-stephane.jpg 1000w, https:\/\/reperes-astro.fr\/%77%70%2d%63%6f%6e%74%65%6e%74\/uploads\/2025\/12\/aurores-boreales-stephane-300x225.jpg 300w, https:\/\/reperes-astro.fr\/%77%70%2d%63%6f%6e%74%65%6e%74\/uploads\/2025\/12\/aurores-boreales-stephane-768x576.jpg 768w\" sizes=\"auto, (max-width: 1000px) 100vw, 1000px\" \/><\/a><\/figure>\n<\/div>\n<\/div>\n\n\n\n<hr class=\"wp-block-separator has-alpha-channel-opacity\"\/>\n\n\n\n<h2 class=\"wp-block-heading has-medium-font-size\"><strong>Catherine<\/strong><\/h2>\n\n\n\n<div class=\"wp-block-columns are-vertically-aligned-center is-not-stacked-on-mobile is-layout-flex wp-container-core-columns-is-layout-9d6595d7 wp-block-columns-is-layout-flex\">\n<div class=\"wp-block-column is-vertically-aligned-center is-layout-flow wp-block-column-is-layout-flow\" style=\"flex-basis:66.66%\">\n<p>Ce soir j&rsquo;ai r\u00e9ussi \u00e0 voir la com\u00e8te avec le seestar, l&rsquo;image&nbsp;est&nbsp;brute.<\/p>\n\n\n\n<p>\ud83d\udd2d :&nbsp;Seestar<br>\ud83d\uddd3 : 01\/11\/2025<\/p>\n<\/div>\n\n\n\n<div class=\"wp-block-column is-vertically-aligned-center is-layout-flow wp-block-column-is-layout-flow\" style=\"flex-basis:33.33%\"><div class=\"wp-block-image\">\n<figure class=\"aligncenter size-large\"><a href=\"https:\/\/reperes-astro.fr\/%77%70%2d%63%6f%6e%74%65%6e%74\/uploads\/2025\/11\/comete-lemonn-catherine.jpg\"><img loading=\"lazy\" decoding=\"async\" width=\"576\" height=\"1024\" src=\"https:\/\/reperes-astro.fr\/%77%70%2d%63%6f%6e%74%65%6e%74\/uploads\/2025\/11\/comete-lemonn-catherine-576x1024.jpg\" alt=\"\" class=\"wp-image-21710\" style=\"aspect-ratio:1;object-fit:cover\" srcset=\"https:\/\/reperes-astro.fr\/%77%70%2d%63%6f%6e%74%65%6e%74\/uploads\/2025\/11\/comete-lemonn-catherine-576x1024.jpg 576w, https:\/\/reperes-astro.fr\/%77%70%2d%63%6f%6e%74%65%6e%74\/uploads\/2025\/11\/comete-lemonn-catherine-169x300.jpg 169w, https:\/\/reperes-astro.fr\/%77%70%2d%63%6f%6e%74%65%6e%74\/uploads\/2025\/11\/comete-lemonn-catherine.jpg 675w\" sizes=\"auto, (max-width: 576px) 100vw, 576px\" \/><\/a><\/figure>\n<\/div><\/div>\n<\/div>\n\n\n\n<div class=\"wp-block-columns is-not-stacked-on-mobile is-layout-flex wp-container-core-columns-is-layout-9d6595d7 wp-block-columns-is-layout-flex\">\n<div class=\"wp-block-column is-layout-flow wp-block-column-is-layout-flow\" style=\"flex-basis:25%\"><\/div>\n\n\n\n<div class=\"wp-block-column is-layout-flow wp-block-column-is-layout-flow\" style=\"flex-basis:50%\">\n<hr class=\"wp-block-separator has-alpha-channel-opacity\"\/>\n<\/div>\n\n\n\n<div class=\"wp-block-column is-layout-flow wp-block-column-is-layout-flow\" style=\"flex-basis:25%\"><\/div>\n<\/div>\n\n\n\n<div class=\"wp-block-columns are-vertically-aligned-center is-not-stacked-on-mobile is-layout-flex wp-container-core-columns-is-layout-9d6595d7 wp-block-columns-is-layout-flex\">\n<div class=\"wp-block-column is-vertically-aligned-center is-layout-flow wp-block-column-is-layout-flow\" style=\"flex-basis:66.66%\">\n<p><strong>NGC2024 <\/strong>cette nuit au Seestar\u00a0s50.<\/p>\n<\/div>\n\n\n\n<div class=\"wp-block-column is-vertically-aligned-center is-layout-flow wp-block-column-is-layout-flow\" style=\"flex-basis:33.33%\">\n<figure class=\"wp-block-image size-full\"><a href=\"https:\/\/reperes-astro.fr\/%77%70%2d%63%6f%6e%74%65%6e%74\/uploads\/2025\/12\/ngc2024-catherine.jpg\"><img loading=\"lazy\" decoding=\"async\" width=\"563\" height=\"1000\" src=\"https:\/\/reperes-astro.fr\/%77%70%2d%63%6f%6e%74%65%6e%74\/uploads\/2025\/12\/ngc2024-catherine.jpg\" alt=\"\" class=\"wp-image-21870\" style=\"aspect-ratio:3\/2;object-fit:cover\" srcset=\"https:\/\/reperes-astro.fr\/%77%70%2d%63%6f%6e%74%65%6e%74\/uploads\/2025\/12\/ngc2024-catherine.jpg 563w, https:\/\/reperes-astro.fr\/%77%70%2d%63%6f%6e%74%65%6e%74\/uploads\/2025\/12\/ngc2024-catherine-169x300.jpg 169w\" sizes=\"auto, (max-width: 563px) 100vw, 563px\" \/><\/a><\/figure>\n<\/div>\n<\/div>\n\n\n\n<hr class=\"wp-block-separator has-alpha-channel-opacity\"\/>\n\n\n\n<h2 class=\"wp-block-heading has-medium-font-size\"><strong>Thierry<\/strong><\/h2>\n\n\n\n<p>Voici ma derni\u00e8re prise, <strong>M42<\/strong>, la n\u00e9buleuse d&rsquo;Orion. Je n&rsquo;est pas pu finir ma session. Il aurait fallu que je fasse une s\u00e9rie de poses courtes pour d\u00e9caler le centre.<\/p>\n\n\n\n<div class=\"wp-block-columns are-vertically-aligned-center is-not-stacked-on-mobile is-layout-flex wp-container-core-columns-is-layout-9d6595d7 wp-block-columns-is-layout-flex\">\n<div class=\"wp-block-column is-vertically-aligned-center is-layout-flow wp-block-column-is-layout-flow\" style=\"flex-basis:66.66%\">\n<p>\ud83d\udd2d :&nbsp;Willams optics ultra cat 108<br>\ud83d\udcf7 :&nbsp;Camera zwo6200 mcpro<br>\ud83d\udd76\ufe0f :&nbsp;L-extreme<br>\u2699\ufe0f :&nbsp;zwo am5<br>\u23f1\ufe0f :&nbsp;50&#215;300 secondes<br>\ud83d\udcbb :&nbsp;Pixinsight&nbsp;et&nbsp;Lightroom<\/p>\n<\/div>\n\n\n\n<div class=\"wp-block-column is-vertically-aligned-center is-layout-flow wp-block-column-is-layout-flow\" style=\"flex-basis:33.33%\"><div class=\"wp-block-image\">\n<figure class=\"aligncenter size-medium\"><a href=\"https:\/\/reperes-astro.fr\/%77%70%2d%63%6f%6e%74%65%6e%74\/uploads\/2025\/11\/m42-thierry.jpg\"><img loading=\"lazy\" decoding=\"async\" width=\"300\" height=\"200\" src=\"https:\/\/reperes-astro.fr\/%77%70%2d%63%6f%6e%74%65%6e%74\/uploads\/2025\/11\/m42-thierry-300x200.jpg\" alt=\"Derni\u00e8res productions des membres de Novembre 2025\" class=\"wp-image-21712\" srcset=\"https:\/\/reperes-astro.fr\/%77%70%2d%63%6f%6e%74%65%6e%74\/uploads\/2025\/11\/m42-thierry-300x200.jpg 300w, https:\/\/reperes-astro.fr\/%77%70%2d%63%6f%6e%74%65%6e%74\/uploads\/2025\/11\/m42-thierry-768x513.jpg 768w, https:\/\/reperes-astro.fr\/%77%70%2d%63%6f%6e%74%65%6e%74\/uploads\/2025\/11\/m42-thierry.jpg 1000w\" sizes=\"auto, (max-width: 300px) 100vw, 300px\" \/><\/a><\/figure>\n<\/div><\/div>\n<\/div>\n\n\n\n<hr class=\"wp-block-separator has-alpha-channel-opacity\"\/>\n\n\n\n<h2 class=\"wp-block-heading has-medium-font-size\"><strong>Romain<\/strong><\/h2>\n\n\n\n<p>Vendredi soir j\u2019ai enfin pu imager la star du moment, <strong>la com\u00e8te Lemonn<\/strong>.<\/p>\n\n\n\n<div class=\"wp-block-columns are-vertically-aligned-center is-not-stacked-on-mobile is-layout-flex wp-container-core-columns-is-layout-9d6595d7 wp-block-columns-is-layout-flex\">\n<div class=\"wp-block-column is-vertically-aligned-center is-layout-flow wp-block-column-is-layout-flow\" style=\"flex-basis:66.66%\">\n<p>\ud83d\udd2d :&nbsp;Newton 250\/1000<br>\ud83d\udcf7 :&nbsp;Asi2600mm<br>\u2699\ufe0f :&nbsp;Eq8<br>\u23f1\ufe0f :&nbsp;52&#215;30 secondes de poses<br>Rouge : 12x30s<br>Vert : 20x30s<br>Bleu : 20x30s<\/p>\n<\/div>\n\n\n\n<div class=\"wp-block-column is-vertically-aligned-center is-layout-flow wp-block-column-is-layout-flow\" style=\"flex-basis:33.33%\"><div class=\"wp-block-image\">\n<figure class=\"aligncenter size-medium\"><a href=\"https:\/\/reperes-astro.fr\/%77%70%2d%63%6f%6e%74%65%6e%74\/uploads\/2025\/11\/comete-lemonn-romain.jpg\"><img loading=\"lazy\" decoding=\"async\" width=\"300\" height=\"190\" src=\"https:\/\/reperes-astro.fr\/%77%70%2d%63%6f%6e%74%65%6e%74\/uploads\/2025\/11\/comete-lemonn-romain-300x190.jpg\" alt=\"Derni\u00e8res productions des membres de Novembre 2025\" class=\"wp-image-21713\" srcset=\"https:\/\/reperes-astro.fr\/%77%70%2d%63%6f%6e%74%65%6e%74\/uploads\/2025\/11\/comete-lemonn-romain-300x190.jpg 300w, https:\/\/reperes-astro.fr\/%77%70%2d%63%6f%6e%74%65%6e%74\/uploads\/2025\/11\/comete-lemonn-romain-1024x649.jpg 1024w, https:\/\/reperes-astro.fr\/%77%70%2d%63%6f%6e%74%65%6e%74\/uploads\/2025\/11\/comete-lemonn-romain-768x487.jpg 768w, https:\/\/reperes-astro.fr\/%77%70%2d%63%6f%6e%74%65%6e%74\/uploads\/2025\/11\/comete-lemonn-romain-1536x973.jpg 1536w, https:\/\/reperes-astro.fr\/%77%70%2d%63%6f%6e%74%65%6e%74\/uploads\/2025\/11\/comete-lemonn-romain.jpg 1600w\" sizes=\"auto, (max-width: 300px) 100vw, 300px\" \/><\/a><\/figure>\n<\/div><\/div>\n<\/div>\n\n\n\n<div class=\"wp-block-columns are-vertically-aligned-center is-not-stacked-on-mobile is-layout-flex wp-container-core-columns-is-layout-9d6595d7 wp-block-columns-is-layout-flex\">\n<div class=\"wp-block-column is-vertically-aligned-center is-layout-flow wp-block-column-is-layout-flow\" style=\"flex-basis:25%\"><\/div>\n\n\n\n<div class=\"wp-block-column is-vertically-aligned-center is-layout-flow wp-block-column-is-layout-flow\" style=\"flex-basis:50%\">\n<hr class=\"wp-block-separator has-alpha-channel-opacity\"\/>\n<\/div>\n\n\n\n<div class=\"wp-block-column is-vertically-aligned-center is-layout-flow wp-block-column-is-layout-flow\" style=\"flex-basis:25%\"><\/div>\n<\/div>\n\n\n\n<p>J\u2019ai fini de traiter une petite n\u00e9buleuse, je pense que \u00e7a manque un peu de temps de pose mais j\u2019suis pas super optimiste vu le temps en ce moment.<br>Voici <strong>NGC7008<\/strong>, tel un joyau perdu sur un voile d\u2019hydrog\u00e8ne.<\/p>\n\n\n\n<div class=\"wp-block-columns are-vertically-aligned-center is-not-stacked-on-mobile is-layout-flex wp-container-core-columns-is-layout-9d6595d7 wp-block-columns-is-layout-flex\">\n<div class=\"wp-block-column is-vertically-aligned-center is-layout-flow wp-block-column-is-layout-flow\" style=\"flex-basis:33.33%\">\n<p>\ud83d\udd2d :&nbsp;Newton 250\/1000<br>\ud83d\udcf7 :&nbsp;Asi 2600mm<br>\u2699\ufe0f :&nbsp;Eq8<br>\u23f1\ufe0f :&nbsp;6h45 de pose<br>Oiii = 49x300s<br>Ha = 32x300s<\/p>\n<\/div>\n\n\n\n<div class=\"wp-block-column is-vertically-aligned-center is-layout-flow wp-block-column-is-layout-flow\" style=\"flex-basis:33.33%\"><div class=\"wp-block-image\">\n<figure class=\"aligncenter size-medium\"><a href=\"https:\/\/reperes-astro.fr\/%77%70%2d%63%6f%6e%74%65%6e%74\/uploads\/2025\/11\/ngc7008-romain.jpg\"><img loading=\"lazy\" decoding=\"async\" width=\"300\" height=\"196\" src=\"https:\/\/reperes-astro.fr\/%77%70%2d%63%6f%6e%74%65%6e%74\/uploads\/2025\/11\/ngc7008-romain-300x196.jpg\" alt=\"\" class=\"wp-image-21782\" srcset=\"https:\/\/reperes-astro.fr\/%77%70%2d%63%6f%6e%74%65%6e%74\/uploads\/2025\/11\/ngc7008-romain-300x196.jpg 300w, https:\/\/reperes-astro.fr\/%77%70%2d%63%6f%6e%74%65%6e%74\/uploads\/2025\/11\/ngc7008-romain-1024x670.jpg 1024w, https:\/\/reperes-astro.fr\/%77%70%2d%63%6f%6e%74%65%6e%74\/uploads\/2025\/11\/ngc7008-romain-768x502.jpg 768w, https:\/\/reperes-astro.fr\/%77%70%2d%63%6f%6e%74%65%6e%74\/uploads\/2025\/11\/ngc7008-romain.jpg 1200w\" sizes=\"auto, (max-width: 300px) 100vw, 300px\" \/><\/a><\/figure>\n<\/div><\/div>\n\n\n\n<div class=\"wp-block-column is-vertically-aligned-center is-layout-flow wp-block-column-is-layout-flow\" style=\"flex-basis:33.33%\"><div class=\"wp-block-image\">\n<figure class=\"aligncenter size-medium\"><a href=\"https:\/\/reperes-astro.fr\/%77%70%2d%63%6f%6e%74%65%6e%74\/uploads\/2025\/11\/ngc7008-crop-romain.jpg\"><img loading=\"lazy\" decoding=\"async\" width=\"300\" height=\"196\" src=\"https:\/\/reperes-astro.fr\/%77%70%2d%63%6f%6e%74%65%6e%74\/uploads\/2025\/11\/ngc7008-crop-romain-300x196.jpg\" alt=\"Derni\u00e8res productions des membres de Novembre 2025\" class=\"wp-image-21783\" srcset=\"https:\/\/reperes-astro.fr\/%77%70%2d%63%6f%6e%74%65%6e%74\/uploads\/2025\/11\/ngc7008-crop-romain-300x196.jpg 300w, https:\/\/reperes-astro.fr\/%77%70%2d%63%6f%6e%74%65%6e%74\/uploads\/2025\/11\/ngc7008-crop-romain-1024x670.jpg 1024w, https:\/\/reperes-astro.fr\/%77%70%2d%63%6f%6e%74%65%6e%74\/uploads\/2025\/11\/ngc7008-crop-romain-768x502.jpg 768w, https:\/\/reperes-astro.fr\/%77%70%2d%63%6f%6e%74%65%6e%74\/uploads\/2025\/11\/ngc7008-crop-romain.jpg 1200w\" sizes=\"auto, (max-width: 300px) 100vw, 300px\" \/><\/a><\/figure>\n<\/div><\/div>\n<\/div>\n\n\n\n<hr class=\"wp-block-separator has-alpha-channel-opacity\"\/>\n\n\n\n<h2 class=\"wp-block-heading has-medium-font-size\"><strong>Louisette<\/strong><\/h2>\n\n\n\n<div class=\"wp-block-columns are-vertically-aligned-center is-not-stacked-on-mobile is-layout-flex wp-container-core-columns-is-layout-9d6595d7 wp-block-columns-is-layout-flex\">\n<div class=\"wp-block-column is-vertically-aligned-center is-layout-flow wp-block-column-is-layout-flow\" style=\"flex-basis:66.66%\">\n<p><strong>La lune<\/strong> et son halo.<\/p>\n\n\n\n<p>\ud83d\uddd3 : 02\/11\/2025<\/p>\n<\/div>\n\n\n\n<div class=\"wp-block-column is-vertically-aligned-center is-layout-flow wp-block-column-is-layout-flow\" style=\"flex-basis:33.33%\"><div class=\"wp-block-image\">\n<figure class=\"aligncenter size-medium\"><a href=\"https:\/\/reperes-astro.fr\/%77%70%2d%63%6f%6e%74%65%6e%74\/uploads\/2025\/11\/lune-louisette.jpg\"><img loading=\"lazy\" decoding=\"async\" width=\"300\" height=\"200\" src=\"https:\/\/reperes-astro.fr\/%77%70%2d%63%6f%6e%74%65%6e%74\/uploads\/2025\/11\/lune-louisette-300x200.jpg\" alt=\"\" class=\"wp-image-21714\" srcset=\"https:\/\/reperes-astro.fr\/%77%70%2d%63%6f%6e%74%65%6e%74\/uploads\/2025\/11\/lune-louisette-300x200.jpg 300w, https:\/\/reperes-astro.fr\/%77%70%2d%63%6f%6e%74%65%6e%74\/uploads\/2025\/11\/lune-louisette-1024x683.jpg 1024w, https:\/\/reperes-astro.fr\/%77%70%2d%63%6f%6e%74%65%6e%74\/uploads\/2025\/11\/lune-louisette-768x512.jpg 768w, https:\/\/reperes-astro.fr\/%77%70%2d%63%6f%6e%74%65%6e%74\/uploads\/2025\/11\/lune-louisette.jpg 1200w\" sizes=\"auto, (max-width: 300px) 100vw, 300px\" \/><\/a><\/figure>\n<\/div><\/div>\n<\/div>\n\n\n\n<div class=\"wp-block-columns is-not-stacked-on-mobile is-layout-flex wp-container-core-columns-is-layout-9d6595d7 wp-block-columns-is-layout-flex\">\n<div class=\"wp-block-column is-layout-flow wp-block-column-is-layout-flow\" style=\"flex-basis:25%\"><\/div>\n\n\n\n<div class=\"wp-block-column is-layout-flow wp-block-column-is-layout-flow\" style=\"flex-basis:50%\">\n<hr class=\"wp-block-separator has-alpha-channel-opacity\"\/>\n<\/div>\n\n\n\n<div class=\"wp-block-column is-layout-flow wp-block-column-is-layout-flow\" style=\"flex-basis:25%\"><\/div>\n<\/div>\n\n\n\n<div class=\"wp-block-columns are-vertically-aligned-center is-not-stacked-on-mobile is-layout-flex wp-container-core-columns-is-layout-9d6595d7 wp-block-columns-is-layout-flex\">\n<div class=\"wp-block-column is-vertically-aligned-center is-layout-flow wp-block-column-is-layout-flow\" style=\"flex-basis:66.66%\">\n<p>Une image de <strong>Saturne<\/strong> prise hier soir, m\u00eame si la qualit\u00e9 laisse \u00e0 d\u00e9sirer.<\/p>\n\n\n\n<p>\ud83d\udcf7 :&nbsp;ASI&nbsp;662<\/p>\n\n\n\n<p>\ud83d\udd2d :&nbsp;Mak&nbsp;180<\/p>\n<\/div>\n\n\n\n<div class=\"wp-block-column is-vertically-aligned-center is-layout-flow wp-block-column-is-layout-flow\" style=\"flex-basis:33.33%\"><div class=\"wp-block-image\">\n<figure class=\"aligncenter size-full\"><a href=\"https:\/\/reperes-astro.fr\/%77%70%2d%63%6f%6e%74%65%6e%74\/uploads\/2025\/12\/saturne-louisette.jpg\"><img loading=\"lazy\" decoding=\"async\" width=\"600\" height=\"600\" src=\"https:\/\/reperes-astro.fr\/%77%70%2d%63%6f%6e%74%65%6e%74\/uploads\/2025\/12\/saturne-louisette.jpg\" alt=\"\" class=\"wp-image-21868\" style=\"aspect-ratio:3\/2;object-fit:cover\" srcset=\"https:\/\/reperes-astro.fr\/%77%70%2d%63%6f%6e%74%65%6e%74\/uploads\/2025\/12\/saturne-louisette.jpg 600w, https:\/\/reperes-astro.fr\/%77%70%2d%63%6f%6e%74%65%6e%74\/uploads\/2025\/12\/saturne-louisette-300x300.jpg 300w, https:\/\/reperes-astro.fr\/%77%70%2d%63%6f%6e%74%65%6e%74\/uploads\/2025\/12\/saturne-louisette-150x150.jpg 150w, https:\/\/reperes-astro.fr\/%77%70%2d%63%6f%6e%74%65%6e%74\/uploads\/2025\/12\/saturne-louisette-80x80.jpg 80w, https:\/\/reperes-astro.fr\/%77%70%2d%63%6f%6e%74%65%6e%74\/uploads\/2025\/12\/saturne-louisette-320x320.jpg 320w\" sizes=\"auto, (max-width: 600px) 100vw, 600px\" \/><\/a><\/figure>\n<\/div><\/div>\n<\/div>\n\n\n\n<hr class=\"wp-block-separator has-alpha-channel-opacity\"\/>\n\n\n\n<h2 class=\"wp-block-heading has-medium-font-size\"><strong>Geoffrey<\/strong><\/h2>\n\n\n\n<div class=\"wp-block-columns are-vertically-aligned-center is-not-stacked-on-mobile is-layout-flex wp-container-core-columns-is-layout-9d6595d7 wp-block-columns-is-layout-flex\">\n<div class=\"wp-block-column is-vertically-aligned-center is-layout-flow wp-block-column-is-layout-flow\" style=\"flex-basis:66.66%\">\n<p><strong>Jupiter<\/strong> ce soir ! Pour une premi\u00e8re d\u2019elle, je suis content.<\/p>\n\n\n\n<p>\ud83d\udd2d : C8 EHD<br>\ud83d\udcf7 :&nbsp;Asi&nbsp;662&nbsp;MC<br>\ud83d\uddd3 : 08\/11\/2025<\/p>\n<\/div>\n\n\n\n<div class=\"wp-block-column is-vertically-aligned-center is-layout-flow wp-block-column-is-layout-flow\" style=\"flex-basis:33.33%\">\n<figure class=\"wp-block-image size-medium\"><a href=\"https:\/\/reperes-astro.fr\/%77%70%2d%63%6f%6e%74%65%6e%74\/uploads\/2025\/11\/jupiter-geoffrey.jpg\"><img loading=\"lazy\" decoding=\"async\" width=\"300\" height=\"206\" src=\"https:\/\/reperes-astro.fr\/%77%70%2d%63%6f%6e%74%65%6e%74\/uploads\/2025\/11\/jupiter-geoffrey-300x206.jpg\" alt=\"Derni\u00e8res productions des membres de Novembre 2025\" class=\"wp-image-21715\" srcset=\"https:\/\/reperes-astro.fr\/%77%70%2d%63%6f%6e%74%65%6e%74\/uploads\/2025\/11\/jupiter-geoffrey-300x206.jpg 300w, https:\/\/reperes-astro.fr\/%77%70%2d%63%6f%6e%74%65%6e%74\/uploads\/2025\/11\/jupiter-geoffrey-1024x702.jpg 1024w, https:\/\/reperes-astro.fr\/%77%70%2d%63%6f%6e%74%65%6e%74\/uploads\/2025\/11\/jupiter-geoffrey-768x527.jpg 768w, https:\/\/reperes-astro.fr\/%77%70%2d%63%6f%6e%74%65%6e%74\/uploads\/2025\/11\/jupiter-geoffrey.jpg 1053w\" sizes=\"auto, (max-width: 300px) 100vw, 300px\" \/><\/a><\/figure>\n<\/div>\n<\/div>\n\n\n\n<div class=\"wp-block-columns are-vertically-aligned-center is-not-stacked-on-mobile is-layout-flex wp-container-core-columns-is-layout-9d6595d7 wp-block-columns-is-layout-flex\">\n<div class=\"wp-block-column is-vertically-aligned-center is-layout-flow wp-block-column-is-layout-flow\" style=\"flex-basis:25%\"><\/div>\n\n\n\n<div class=\"wp-block-column is-vertically-aligned-center is-layout-flow wp-block-column-is-layout-flow\" style=\"flex-basis:50%\">\n<hr class=\"wp-block-separator has-alpha-channel-opacity\"\/>\n<\/div>\n\n\n\n<div class=\"wp-block-column is-vertically-aligned-center is-layout-flow wp-block-column-is-layout-flow\" style=\"flex-basis:25%\"><\/div>\n<\/div>\n\n\n\n<p>Ma 1ere image \u00ab&nbsp;test&nbsp;\u00bb avec un traitement \u00ab&nbsp;r\u00e9ussi&nbsp;\u00bb, d\u2019un bout de surface lunaire avec ma camera astro ! La prochaine fois je retenterais avec une barlow, en plus d\u2019essayer d\u2019am\u00e9liorer&nbsp;le&nbsp;traitement&nbsp;!<\/p>\n\n\n\n<div class=\"wp-block-columns are-vertically-aligned-center is-not-stacked-on-mobile is-layout-flex wp-container-core-columns-is-layout-9d6595d7 wp-block-columns-is-layout-flex\">\n<div class=\"wp-block-column is-vertically-aligned-center is-layout-flow wp-block-column-is-layout-flow\" style=\"flex-basis:66.66%\">\n<p>\ud83d\udd2d : C8 EHD<\/p>\n\n\n\n<p>\ud83d\udcf7 :&nbsp;Asi 662&nbsp;Mc<\/p>\n<\/div>\n\n\n\n<div class=\"wp-block-column is-vertically-aligned-center is-layout-flow wp-block-column-is-layout-flow\" style=\"flex-basis:33.33%\">\n<figure class=\"wp-block-image size-full\"><a href=\"https:\/\/reperes-astro.fr\/%77%70%2d%63%6f%6e%74%65%6e%74\/uploads\/2025\/11\/lune-geoffrey.jpg\"><img loading=\"lazy\" decoding=\"async\" width=\"1000\" height=\"429\" src=\"https:\/\/reperes-astro.fr\/%77%70%2d%63%6f%6e%74%65%6e%74\/uploads\/2025\/11\/lune-geoffrey.jpg\" alt=\"Derni\u00e8res productions des membres de Novembre 2025\" class=\"wp-image-21784\" srcset=\"https:\/\/reperes-astro.fr\/%77%70%2d%63%6f%6e%74%65%6e%74\/uploads\/2025\/11\/lune-geoffrey.jpg 1000w, https:\/\/reperes-astro.fr\/%77%70%2d%63%6f%6e%74%65%6e%74\/uploads\/2025\/11\/lune-geoffrey-300x129.jpg 300w, https:\/\/reperes-astro.fr\/%77%70%2d%63%6f%6e%74%65%6e%74\/uploads\/2025\/11\/lune-geoffrey-768x329.jpg 768w\" sizes=\"auto, (max-width: 1000px) 100vw, 1000px\" \/><\/a><\/figure>\n<\/div>\n<\/div>\n\n\n\n<hr class=\"wp-block-separator has-alpha-channel-opacity\"\/>\n\n\n\n<h2 class=\"wp-block-heading has-medium-font-size\"><strong>Guillaume<\/strong><\/h2>\n\n\n\n<p>Voici l\u2019amas ouvert <strong>M52<\/strong> avec la n\u00e9buleuse de la bulle dans la constellation de Cassiop\u00e9e.<\/p>\n\n\n\n<div class=\"wp-block-columns are-vertically-aligned-center is-not-stacked-on-mobile is-layout-flex wp-container-core-columns-is-layout-9d6595d7 wp-block-columns-is-layout-flex\">\n<div class=\"wp-block-column is-vertically-aligned-center is-layout-flow wp-block-column-is-layout-flow\" style=\"flex-basis:66.66%\">\n<ul class=\"wp-block-list\">\n<li>\ud83d\udd2d :\u00a0Ts Optic apo 72\/400<\/li>\n\n\n\n<li>\ud83d\udd0d : Correcteur \u00d71<\/li>\n\n\n\n<li>\ud83d\udcf7 :\u00a0Zwo 178 non refroidie<\/li>\n\n\n\n<li>\ud83c\udfaf :\u00a0Lunette guide de 162mm et zwo120<\/li>\n\n\n\n<li>\u2699\ufe0f :\u00a0Monture star adventurer gti<\/li>\n\n\n\n<li>\u23f1\ufe0f :\u00a05h de pose<\/li>\n\n\n\n<li>R : 1h<\/li>\n\n\n\n<li>V : 1h<\/li>\n\n\n\n<li>B : 1h<\/li>\n\n\n\n<li>IR : 2h<\/li>\n\n\n\n<li>\ud83d\udcbb :\u00a0Siril, Photoshop\u00a0et Topaze<\/li>\n<\/ul>\n<\/div>\n\n\n\n<div class=\"wp-block-column is-vertically-aligned-center is-layout-flow wp-block-column-is-layout-flow\" style=\"flex-basis:33.33%\"><div class=\"wp-block-image\">\n<figure class=\"aligncenter size-medium\"><a href=\"https:\/\/reperes-astro.fr\/%77%70%2d%63%6f%6e%74%65%6e%74\/uploads\/2025\/12\/m52-guillaume.jpg\"><img loading=\"lazy\" decoding=\"async\" width=\"300\" height=\"200\" src=\"https:\/\/reperes-astro.fr\/%77%70%2d%63%6f%6e%74%65%6e%74\/uploads\/2025\/12\/m52-guillaume-300x200.jpg\" alt=\"\" class=\"wp-image-21871\" srcset=\"https:\/\/reperes-astro.fr\/%77%70%2d%63%6f%6e%74%65%6e%74\/uploads\/2025\/12\/m52-guillaume-300x200.jpg 300w, https:\/\/reperes-astro.fr\/%77%70%2d%63%6f%6e%74%65%6e%74\/uploads\/2025\/12\/m52-guillaume-768x513.jpg 768w, https:\/\/reperes-astro.fr\/%77%70%2d%63%6f%6e%74%65%6e%74\/uploads\/2025\/12\/m52-guillaume.jpg 800w\" sizes=\"auto, (max-width: 300px) 100vw, 300px\" \/><\/a><\/figure>\n<\/div><\/div>\n<\/div>\n\n\n\n<hr class=\"wp-block-separator has-alpha-channel-opacity\"\/>\n\n\n\n<h2 class=\"wp-block-heading has-medium-font-size\"><strong>Axel<\/strong><\/h2>\n\n\n\n<p>\u00ab L\u2019\u00e9toile migrante \u00bb, ainsi pourrait-on qualifier AE AUR, qui comme son nom l\u2019indique se trouve dans la constellation du Cocher, alors que selon certains sc\u00e9narios il y a 2 millions d\u2019ann\u00e9es, les Homo Erectus du pal\u00e9olithique inf\u00e9rieur pouvaient l\u2019observer\u2026dans le trap\u00e8ze d\u2019Orion. En esp\u00e9rant que leurs yeux \u00e9taient plus performants que les n\u00f4tres, puisque sa magnitude est de 6. Elle est cependant d\u2019une masse \u00e9gale \u00e0 20 fois celle du Soleil, 60 000 fois plus lumineuse que ce dernier. C\u2019est en poursuivant son voyage, expuls\u00e9e d\u2019un syst\u00e8me binaire selon toute vraisemblance, que cette jeune \u00e9toile de type spectral O ionise au passage la n\u00e9buleuse en \u00e9mission IC 405. Cette n\u00e9buleuse, dite de l\u2019\u00e9toile flamboyante, est \u00e0 1500 AL de nous et d\u2019une superficie de 5 AL (Source JB Auroux et APOD).<\/p>\n\n\n\n<div class=\"wp-block-columns are-vertically-aligned-center is-not-stacked-on-mobile is-layout-flex wp-container-core-columns-is-layout-9d6595d7 wp-block-columns-is-layout-flex\">\n<div class=\"wp-block-column is-vertically-aligned-center is-layout-flow wp-block-column-is-layout-flow\" style=\"flex-basis:66.66%\">\n<p>\ud83d\udd2d : SIGMA 70-200mm \u00e0 200mm\/f2.8<br>\ud83d\udd76  : L Extreme Optolong<br>\u23f1 : 250&#215;100 sec<br>\ud83d\udcf7 : ASI 183 MC PRO<br>\u2699  : Pegasus Nyx 101<br>\ud83c\udfaf : SVBony 905c + SVBony 30\/120 mm<br>\ud83d\udcbb : Sharpcap, Siril, Photoshop<br>\ud83d\uddfa : Domicile<br>\ud83e\ude9c : Bortle 6<br>\ud83d\uddd3\u00a0:\u00a017-18\/11\/2025<\/p>\n<\/div>\n\n\n\n<div class=\"wp-block-column is-vertically-aligned-center is-layout-flow wp-block-column-is-layout-flow\" style=\"flex-basis:33.33%\">\n<figure class=\"wp-block-image size-full\"><a href=\"https:\/\/reperes-astro.fr\/%77%70%2d%63%6f%6e%74%65%6e%74\/uploads\/2025\/12\/ic405-axel.jpg\"><img loading=\"lazy\" decoding=\"async\" width=\"1000\" height=\"653\" src=\"https:\/\/reperes-astro.fr\/%77%70%2d%63%6f%6e%74%65%6e%74\/uploads\/2025\/12\/ic405-axel.jpg\" alt=\"\" class=\"wp-image-21873\" style=\"aspect-ratio:1;object-fit:cover\" srcset=\"https:\/\/reperes-astro.fr\/%77%70%2d%63%6f%6e%74%65%6e%74\/uploads\/2025\/12\/ic405-axel.jpg 1000w, https:\/\/reperes-astro.fr\/%77%70%2d%63%6f%6e%74%65%6e%74\/uploads\/2025\/12\/ic405-axel-300x196.jpg 300w, https:\/\/reperes-astro.fr\/%77%70%2d%63%6f%6e%74%65%6e%74\/uploads\/2025\/12\/ic405-axel-768x502.jpg 768w\" sizes=\"auto, (max-width: 1000px) 100vw, 1000px\" \/><\/a><\/figure>\n<\/div>\n<\/div>\n<div class=\"pvc_clear\"><\/div><p id=\"pvc_stats_21707\" class=\"pvc_stats all  \" data-element-id=\"21707\" style=\"\"><i class=\"pvc-stats-icon medium\" aria-hidden=\"true\"><svg aria-hidden=\"true\" focusable=\"false\" data-prefix=\"far\" data-icon=\"chart-bar\" role=\"img\" xmlns=\"http:\/\/www.w3.org\/2000\/svg\" viewBox=\"0 0 512 512\" class=\"svg-inline--fa fa-chart-bar fa-w-16 fa-2x\"><path fill=\"currentColor\" d=\"M396.8 352h22.4c6.4 0 12.8-6.4 12.8-12.8V108.8c0-6.4-6.4-12.8-12.8-12.8h-22.4c-6.4 0-12.8 6.4-12.8 12.8v230.4c0 6.4 6.4 12.8 12.8 12.8zm-192 0h22.4c6.4 0 12.8-6.4 12.8-12.8V140.8c0-6.4-6.4-12.8-12.8-12.8h-22.4c-6.4 0-12.8 6.4-12.8 12.8v198.4c0 6.4 6.4 12.8 12.8 12.8zm96 0h22.4c6.4 0 12.8-6.4 12.8-12.8V204.8c0-6.4-6.4-12.8-12.8-12.8h-22.4c-6.4 0-12.8 6.4-12.8 12.8v134.4c0 6.4 6.4 12.8 12.8 12.8zM496 400H48V80c0-8.84-7.16-16-16-16H16C7.16 64 0 71.16 0 80v336c0 17.67 14.33 32 32 32h464c8.84 0 16-7.16 16-16v-16c0-8.84-7.16-16-16-16zm-387.2-48h22.4c6.4 0 12.8-6.4 12.8-12.8v-70.4c0-6.4-6.4-12.8-12.8-12.8h-22.4c-6.4 0-12.8 6.4-12.8 12.8v70.4c0 6.4 6.4 12.8 12.8 12.8z\" class=\"\"><\/path><\/svg><\/i> <img loading=\"lazy\" decoding=\"async\" width=\"16\" height=\"16\" alt=\"Loading\" src=\"https:\/\/reperes-astro.fr\/%77%70%2d%63%6f%6e%74%65%6e%74\/plugins\/page-views-count\/ajax-loader-2x.gif\" border=0 \/><\/p><div class=\"pvc_clear\"><\/div>","protected":false},"excerpt":{"rendered":"<p>Retrouvez ci-dessous les derni\u00e8res productions des membres de Novembre 2025. Nous avons eu la chance de pouvoir observer des aurores bor\u00e9ales&#46;&#46;&#46;<\/p>\n<div class=\"pvc_clear\"><\/div>\n<p id=\"pvc_stats_21707\" class=\"pvc_stats all  \" data-element-id=\"21707\" style=\"\"><i class=\"pvc-stats-icon medium\" aria-hidden=\"true\"><svg aria-hidden=\"true\" focusable=\"false\" data-prefix=\"far\" data-icon=\"chart-bar\" role=\"img\" xmlns=\"http:\/\/www.w3.org\/2000\/svg\" viewBox=\"0 0 512 512\" class=\"svg-inline--fa fa-chart-bar fa-w-16 fa-2x\"><path fill=\"currentColor\" d=\"M396.8 352h22.4c6.4 0 12.8-6.4 12.8-12.8V108.8c0-6.4-6.4-12.8-12.8-12.8h-22.4c-6.4 0-12.8 6.4-12.8 12.8v230.4c0 6.4 6.4 12.8 12.8 12.8zm-192 0h22.4c6.4 0 12.8-6.4 12.8-12.8V140.8c0-6.4-6.4-12.8-12.8-12.8h-22.4c-6.4 0-12.8 6.4-12.8 12.8v198.4c0 6.4 6.4 12.8 12.8 12.8zm96 0h22.4c6.4 0 12.8-6.4 12.8-12.8V204.8c0-6.4-6.4-12.8-12.8-12.8h-22.4c-6.4 0-12.8 6.4-12.8 12.8v134.4c0 6.4 6.4 12.8 12.8 12.8zM496 400H48V80c0-8.84-7.16-16-16-16H16C7.16 64 0 71.16 0 80v336c0 17.67 14.33 32 32 32h464c8.84 0 16-7.16 16-16v-16c0-8.84-7.16-16-16-16zm-387.2-48h22.4c6.4 0 12.8-6.4 12.8-12.8v-70.4c0-6.4-6.4-12.8-12.8-12.8h-22.4c-6.4 0-12.8 6.4-12.8 12.8v70.4c0 6.4 6.4 12.8 12.8 12.8z\" class=\"\"><\/path><\/svg><\/i> <img loading=\"lazy\" decoding=\"async\" width=\"16\" height=\"16\" alt=\"Loading\" src=\"https:\/\/reperes-astro.fr\/%77%70%2d%63%6f%6e%74%65%6e%74\/plugins\/page-views-count\/ajax-loader-2x.gif\" border=0 \/><\/p>\n<div class=\"pvc_clear\"><\/div>\n","protected":false},"author":11,"featured_media":21784,"comment_status":"closed","ping_status":"closed","sticky":false,"template":"","format":"standard","meta":{"footnotes":""},"categories":[72],"tags":[],"class_list":["post-21707","post","type-post","status-publish","format-standard","has-post-thumbnail","hentry","category-astrophotos-reperes-astro"],"a3_pvc":{"activated":true,"total_views":171,"today_views":0},"yoast_head":"<title>Derni\u00e8res productions des membres de Novembre 2025 - Rep\u00e8res Astro<\/title>\n<meta name=\"description\" content=\"Retrouvez ci-dessous les derni\u00e8res productions des membres de Novembre 2025. Un mois peu cl\u00e9ment malgr\u00e9 les Aurores bor\u00e9ales du 12.\" \/>\n<meta name=\"robots\" content=\"index, follow, max-snippet:-1, max-image-preview:large, max-video-preview:-1\" \/>\n<link rel=\"canonical\" href=\"https:\/\/reperes-astro.fr\/dernieres-productions-des-membres-de-novembre-2025\/\" \/>\n<meta property=\"og:locale\" content=\"fr_FR\" \/>\n<meta property=\"og:type\" content=\"article\" \/>\n<meta property=\"og:title\" content=\"Derni\u00e8res productions des membres de Novembre 2025 - Rep\u00e8res Astro\" \/>\n<meta property=\"og:description\" content=\"Retrouvez ci-dessous les derni\u00e8res productions des membres de Novembre 2025. Un mois peu cl\u00e9ment malgr\u00e9 les Aurores bor\u00e9ales du 12.\" \/>\n<meta property=\"og:url\" content=\"https:\/\/reperes-astro.fr\/dernieres-productions-des-membres-de-novembre-2025\/\" \/>\n<meta property=\"og:site_name\" content=\"Rep\u00e8res Astro\" \/>\n<meta property=\"article:publisher\" content=\"https:\/\/www.facebook.com\/AssoReperesAstro\/?locale=fr_FRrplanetarium\" \/>\n<meta property=\"article:published_time\" content=\"2025-12-04T15:32:59+00:00\" \/>\n<meta property=\"article:modified_time\" content=\"2025-12-04T15:35:24+00:00\" \/>\n<meta property=\"og:image\" content=\"https:\/\/reperes-astro.fr\/%77%70%2d%63%6f%6e%74%65%6e%74\/uploads\/2025\/11\/lune-geoffrey.jpg\" \/>\n\t<meta property=\"og:image:width\" content=\"1000\" \/>\n\t<meta property=\"og:image:height\" content=\"429\" \/>\n\t<meta property=\"og:image:type\" content=\"image\/jpeg\" \/>\n<meta name=\"author\" content=\"Franck\" \/>\n<meta name=\"twitter:card\" content=\"summary_large_image\" \/>\n<meta name=\"twitter:label1\" content=\"\u00c9crit par\" \/>\n\t<meta name=\"twitter:data1\" content=\"Franck\" \/>\n\t<meta name=\"twitter:label2\" content=\"Dur\u00e9e de lecture estim\u00e9e\" \/>\n\t<meta name=\"twitter:data2\" content=\"4 minutes\" \/>\n<script type=\"application\/ld+json\" class=\"yoast-schema-graph\">{\"@context\":\"https:\\\/\\\/schema.org\",\"@graph\":[{\"@type\":\"Article\",\"@id\":\"https:\\\/\\\/reperes-astro.fr\\\/dernieres-productions-des-membres-de-novembre-2025\\\/#article\",\"isPartOf\":{\"@id\":\"https:\\\/\\\/reperes-astro.fr\\\/dernieres-productions-des-membres-de-novembre-2025\\\/\"},\"author\":{\"name\":\"Franck\",\"@id\":\"https:\\\/\\\/reperes-astro.fr\\\/#\\\/schema\\\/person\\\/14ae1ee92a60868e90f005146ca2f8d8\"},\"headline\":\"Derni\u00e8res productions des membres de Novembre 2025\",\"datePublished\":\"2025-12-04T15:32:59+00:00\",\"dateModified\":\"2025-12-04T15:35:24+00:00\",\"mainEntityOfPage\":{\"@id\":\"https:\\\/\\\/reperes-astro.fr\\\/dernieres-productions-des-membres-de-novembre-2025\\\/\"},\"wordCount\":808,\"publisher\":{\"@id\":\"https:\\\/\\\/reperes-astro.fr\\\/#organization\"},\"image\":{\"@id\":\"https:\\\/\\\/reperes-astro.fr\\\/dernieres-productions-des-membres-de-novembre-2025\\\/#primaryimage\"},\"thumbnailUrl\":\"https:\\\/\\\/reperes-astro.fr\\\/%77%70%2d%63%6f%6e%74%65%6e%74\\\/uploads\\\/2025\\\/11\\\/lune-geoffrey.jpg\",\"articleSection\":[\"Astrophotographies\"],\"inLanguage\":\"fr-FR\"},{\"@type\":\"WebPage\",\"@id\":\"https:\\\/\\\/reperes-astro.fr\\\/dernieres-productions-des-membres-de-novembre-2025\\\/\",\"url\":\"https:\\\/\\\/reperes-astro.fr\\\/dernieres-productions-des-membres-de-novembre-2025\\\/\",\"name\":\"Derni\u00e8res productions des membres de Novembre 2025 - Rep\u00e8res Astro\",\"isPartOf\":{\"@id\":\"https:\\\/\\\/reperes-astro.fr\\\/#website\"},\"primaryImageOfPage\":{\"@id\":\"https:\\\/\\\/reperes-astro.fr\\\/dernieres-productions-des-membres-de-novembre-2025\\\/#primaryimage\"},\"image\":{\"@id\":\"https:\\\/\\\/reperes-astro.fr\\\/dernieres-productions-des-membres-de-novembre-2025\\\/#primaryimage\"},\"thumbnailUrl\":\"https:\\\/\\\/reperes-astro.fr\\\/%77%70%2d%63%6f%6e%74%65%6e%74\\\/uploads\\\/2025\\\/11\\\/lune-geoffrey.jpg\",\"datePublished\":\"2025-12-04T15:32:59+00:00\",\"dateModified\":\"2025-12-04T15:35:24+00:00\",\"description\":\"Retrouvez ci-dessous les derni\u00e8res productions des membres de Novembre 2025. Un mois peu cl\u00e9ment malgr\u00e9 les Aurores bor\u00e9ales du 12.\",\"breadcrumb\":{\"@id\":\"https:\\\/\\\/reperes-astro.fr\\\/dernieres-productions-des-membres-de-novembre-2025\\\/#breadcrumb\"},\"inLanguage\":\"fr-FR\",\"potentialAction\":[{\"@type\":\"ReadAction\",\"target\":[\"https:\\\/\\\/reperes-astro.fr\\\/dernieres-productions-des-membres-de-novembre-2025\\\/\"]}]},{\"@type\":\"ImageObject\",\"inLanguage\":\"fr-FR\",\"@id\":\"https:\\\/\\\/reperes-astro.fr\\\/dernieres-productions-des-membres-de-novembre-2025\\\/#primaryimage\",\"url\":\"https:\\\/\\\/reperes-astro.fr\\\/%77%70%2d%63%6f%6e%74%65%6e%74\\\/uploads\\\/2025\\\/11\\\/lune-geoffrey.jpg\",\"contentUrl\":\"https:\\\/\\\/reperes-astro.fr\\\/%77%70%2d%63%6f%6e%74%65%6e%74\\\/uploads\\\/2025\\\/11\\\/lune-geoffrey.jpg\",\"width\":1000,\"height\":429},{\"@type\":\"BreadcrumbList\",\"@id\":\"https:\\\/\\\/reperes-astro.fr\\\/dernieres-productions-des-membres-de-novembre-2025\\\/#breadcrumb\",\"itemListElement\":[{\"@type\":\"ListItem\",\"position\":1,\"name\":\"Accueil\",\"item\":\"https:\\\/\\\/reperes-astro.fr\\\/\"},{\"@type\":\"ListItem\",\"position\":2,\"name\":\"Derni\u00e8res productions des membres de Novembre 2025\"}]},{\"@type\":\"WebSite\",\"@id\":\"https:\\\/\\\/reperes-astro.fr\\\/#website\",\"url\":\"https:\\\/\\\/reperes-astro.fr\\\/\",\"name\":\"Rep\u00e8res Astro\",\"description\":\"&quot;Heureux soient les f\u00eal\u00e9s, car ils laisseront passer la lumi\u00e8re.&quot; Michel Audiard\",\"publisher\":{\"@id\":\"https:\\\/\\\/reperes-astro.fr\\\/#organization\"},\"potentialAction\":[{\"@type\":\"SearchAction\",\"target\":{\"@type\":\"EntryPoint\",\"urlTemplate\":\"https:\\\/\\\/reperes-astro.fr\\\/?s={search_term_string}\"},\"query-input\":{\"@type\":\"PropertyValueSpecification\",\"valueRequired\":true,\"valueName\":\"search_term_string\"}}],\"inLanguage\":\"fr-FR\"},{\"@type\":\"Organization\",\"@id\":\"https:\\\/\\\/reperes-astro.fr\\\/#organization\",\"name\":\"Rep\u00e8res Astro\",\"url\":\"https:\\\/\\\/reperes-astro.fr\\\/\",\"logo\":{\"@type\":\"ImageObject\",\"inLanguage\":\"fr-FR\",\"@id\":\"https:\\\/\\\/reperes-astro.fr\\\/#\\\/schema\\\/logo\\\/image\\\/\",\"url\":\"https:\\\/\\\/reperes-astro.fr\\\/%77%70%2d%63%6f%6e%74%65%6e%74\\\/uploads\\\/2014\\\/01\\\/logo-reperes1.jpg\",\"contentUrl\":\"https:\\\/\\\/reperes-astro.fr\\\/%77%70%2d%63%6f%6e%74%65%6e%74\\\/uploads\\\/2014\\\/01\\\/logo-reperes1.jpg\",\"width\":510,\"height\":510,\"caption\":\"Rep\u00e8res Astro\"},\"image\":{\"@id\":\"https:\\\/\\\/reperes-astro.fr\\\/#\\\/schema\\\/logo\\\/image\\\/\"},\"sameAs\":[\"https:\\\/\\\/www.facebook.com\\\/AssoReperesAstro\\\/?locale=fr_FRrplanetarium\"]},{\"@type\":\"Person\",\"@id\":\"https:\\\/\\\/reperes-astro.fr\\\/#\\\/schema\\\/person\\\/14ae1ee92a60868e90f005146ca2f8d8\",\"name\":\"Franck\",\"url\":\"https:\\\/\\\/reperes-astro.fr\\\/author\\\/franck-karine\\\/\"}]}<\/script>","yoast_head_json":{"title":"Derni\u00e8res productions des membres de Novembre 2025 - Rep\u00e8res Astro","description":"Retrouvez ci-dessous les derni\u00e8res productions des membres de Novembre 2025. Un mois peu cl\u00e9ment malgr\u00e9 les Aurores bor\u00e9ales du 12.","robots":{"index":"index","follow":"follow","max-snippet":"max-snippet:-1","max-image-preview":"max-image-preview:large","max-video-preview":"max-video-preview:-1"},"canonical":"https:\/\/reperes-astro.fr\/dernieres-productions-des-membres-de-novembre-2025\/","og_locale":"fr_FR","og_type":"article","og_title":"Derni\u00e8res productions des membres de Novembre 2025 - Rep\u00e8res Astro","og_description":"Retrouvez ci-dessous les derni\u00e8res productions des membres de Novembre 2025. Un mois peu cl\u00e9ment malgr\u00e9 les Aurores bor\u00e9ales du 12.","og_url":"https:\/\/reperes-astro.fr\/dernieres-productions-des-membres-de-novembre-2025\/","og_site_name":"Rep\u00e8res Astro","article_publisher":"https:\/\/www.facebook.com\/AssoReperesAstro\/?locale=fr_FRrplanetarium","article_published_time":"2025-12-04T15:32:59+00:00","article_modified_time":"2025-12-04T15:35:24+00:00","og_image":[{"width":1000,"height":429,"url":"https:\/\/reperes-astro.fr\/%77%70%2d%63%6f%6e%74%65%6e%74\/uploads\/2025\/11\/lune-geoffrey.jpg","type":"image\/jpeg"}],"author":"Franck","twitter_card":"summary_large_image","twitter_misc":{"\u00c9crit par":"Franck","Dur\u00e9e de lecture estim\u00e9e":"4 minutes"},"schema":{"@context":"https:\/\/schema.org","@graph":[{"@type":"Article","@id":"https:\/\/reperes-astro.fr\/dernieres-productions-des-membres-de-novembre-2025\/#article","isPartOf":{"@id":"https:\/\/reperes-astro.fr\/dernieres-productions-des-membres-de-novembre-2025\/"},"author":{"name":"Franck","@id":"https:\/\/reperes-astro.fr\/#\/schema\/person\/14ae1ee92a60868e90f005146ca2f8d8"},"headline":"Derni\u00e8res productions des membres de Novembre 2025","datePublished":"2025-12-04T15:32:59+00:00","dateModified":"2025-12-04T15:35:24+00:00","mainEntityOfPage":{"@id":"https:\/\/reperes-astro.fr\/dernieres-productions-des-membres-de-novembre-2025\/"},"wordCount":808,"publisher":{"@id":"https:\/\/reperes-astro.fr\/#organization"},"image":{"@id":"https:\/\/reperes-astro.fr\/dernieres-productions-des-membres-de-novembre-2025\/#primaryimage"},"thumbnailUrl":"https:\/\/reperes-astro.fr\/%77%70%2d%63%6f%6e%74%65%6e%74\/uploads\/2025\/11\/lune-geoffrey.jpg","articleSection":["Astrophotographies"],"inLanguage":"fr-FR"},{"@type":"WebPage","@id":"https:\/\/reperes-astro.fr\/dernieres-productions-des-membres-de-novembre-2025\/","url":"https:\/\/reperes-astro.fr\/dernieres-productions-des-membres-de-novembre-2025\/","name":"Derni\u00e8res productions des membres de Novembre 2025 - Rep\u00e8res Astro","isPartOf":{"@id":"https:\/\/reperes-astro.fr\/#website"},"primaryImageOfPage":{"@id":"https:\/\/reperes-astro.fr\/dernieres-productions-des-membres-de-novembre-2025\/#primaryimage"},"image":{"@id":"https:\/\/reperes-astro.fr\/dernieres-productions-des-membres-de-novembre-2025\/#primaryimage"},"thumbnailUrl":"https:\/\/reperes-astro.fr\/%77%70%2d%63%6f%6e%74%65%6e%74\/uploads\/2025\/11\/lune-geoffrey.jpg","datePublished":"2025-12-04T15:32:59+00:00","dateModified":"2025-12-04T15:35:24+00:00","description":"Retrouvez ci-dessous les derni\u00e8res productions des membres de Novembre 2025. Un mois peu cl\u00e9ment malgr\u00e9 les Aurores bor\u00e9ales du 12.","breadcrumb":{"@id":"https:\/\/reperes-astro.fr\/dernieres-productions-des-membres-de-novembre-2025\/#breadcrumb"},"inLanguage":"fr-FR","potentialAction":[{"@type":"ReadAction","target":["https:\/\/reperes-astro.fr\/dernieres-productions-des-membres-de-novembre-2025\/"]}]},{"@type":"ImageObject","inLanguage":"fr-FR","@id":"https:\/\/reperes-astro.fr\/dernieres-productions-des-membres-de-novembre-2025\/#primaryimage","url":"https:\/\/reperes-astro.fr\/%77%70%2d%63%6f%6e%74%65%6e%74\/uploads\/2025\/11\/lune-geoffrey.jpg","contentUrl":"https:\/\/reperes-astro.fr\/%77%70%2d%63%6f%6e%74%65%6e%74\/uploads\/2025\/11\/lune-geoffrey.jpg","width":1000,"height":429},{"@type":"BreadcrumbList","@id":"https:\/\/reperes-astro.fr\/dernieres-productions-des-membres-de-novembre-2025\/#breadcrumb","itemListElement":[{"@type":"ListItem","position":1,"name":"Accueil","item":"https:\/\/reperes-astro.fr\/"},{"@type":"ListItem","position":2,"name":"Derni\u00e8res productions des membres de Novembre 2025"}]},{"@type":"WebSite","@id":"https:\/\/reperes-astro.fr\/#website","url":"https:\/\/reperes-astro.fr\/","name":"Rep\u00e8res Astro","description":"&quot;Heureux soient les f\u00eal\u00e9s, car ils laisseront passer la lumi\u00e8re.&quot; Michel Audiard","publisher":{"@id":"https:\/\/reperes-astro.fr\/#organization"},"potentialAction":[{"@type":"SearchAction","target":{"@type":"EntryPoint","urlTemplate":"https:\/\/reperes-astro.fr\/?s={search_term_string}"},"query-input":{"@type":"PropertyValueSpecification","valueRequired":true,"valueName":"search_term_string"}}],"inLanguage":"fr-FR"},{"@type":"Organization","@id":"https:\/\/reperes-astro.fr\/#organization","name":"Rep\u00e8res Astro","url":"https:\/\/reperes-astro.fr\/","logo":{"@type":"ImageObject","inLanguage":"fr-FR","@id":"https:\/\/reperes-astro.fr\/#\/schema\/logo\/image\/","url":"https:\/\/reperes-astro.fr\/%77%70%2d%63%6f%6e%74%65%6e%74\/uploads\/2014\/01\/logo-reperes1.jpg","contentUrl":"https:\/\/reperes-astro.fr\/%77%70%2d%63%6f%6e%74%65%6e%74\/uploads\/2014\/01\/logo-reperes1.jpg","width":510,"height":510,"caption":"Rep\u00e8res Astro"},"image":{"@id":"https:\/\/reperes-astro.fr\/#\/schema\/logo\/image\/"},"sameAs":["https:\/\/www.facebook.com\/AssoReperesAstro\/?locale=fr_FRrplanetarium"]},{"@type":"Person","@id":"https:\/\/reperes-astro.fr\/#\/schema\/person\/14ae1ee92a60868e90f005146ca2f8d8","name":"Franck","url":"https:\/\/reperes-astro.fr\/author\/franck-karine\/"}]}},"_links":{"self":[{"href":"https:\/\/reperes-astro.fr\/%77%70%2d%6a%73%6f%6e\/wp\/v2\/posts\/21707","targetHints":{"allow":["GET"]}}],"collection":[{"href":"https:\/\/reperes-astro.fr\/%77%70%2d%6a%73%6f%6e\/wp\/v2\/posts"}],"about":[{"href":"https:\/\/reperes-astro.fr\/%77%70%2d%6a%73%6f%6e\/wp\/v2\/types\/post"}],"author":[{"embeddable":true,"href":"https:\/\/reperes-astro.fr\/%77%70%2d%6a%73%6f%6e\/wp\/v2\/users\/11"}],"replies":[{"embeddable":true,"href":"https:\/\/reperes-astro.fr\/%77%70%2d%6a%73%6f%6e\/wp\/v2\/comments?post=21707"}],"version-history":[{"count":4,"href":"https:\/\/reperes-astro.fr\/%77%70%2d%6a%73%6f%6e\/wp\/v2\/posts\/21707\/revisions"}],"predecessor-version":[{"id":21878,"href":"https:\/\/reperes-astro.fr\/%77%70%2d%6a%73%6f%6e\/wp\/v2\/posts\/21707\/revisions\/21878"}],"wp:featuredmedia":[{"embeddable":true,"href":"https:\/\/reperes-astro.fr\/%77%70%2d%6a%73%6f%6e\/wp\/v2\/media\/21784"}],"wp:attachment":[{"href":"https:\/\/reperes-astro.fr\/%77%70%2d%6a%73%6f%6e\/wp\/v2\/media?parent=21707"}],"wp:term":[{"taxonomy":"category","embeddable":true,"href":"https:\/\/reperes-astro.fr\/%77%70%2d%6a%73%6f%6e\/wp\/v2\/categories?post=21707"},{"taxonomy":"post_tag","embeddable":true,"href":"https:\/\/reperes-astro.fr\/%77%70%2d%6a%73%6f%6e\/wp\/v2\/tags?post=21707"}],"curies":[{"name":"wp","href":"https:\/\/api.w.org\/{rel}","templated":true}]}}