{"id":22750,"date":"2026-04-29T17:01:32","date_gmt":"2026-04-29T15:01:32","guid":{"rendered":"https:\/\/reperes-astro.fr\/?p=22750"},"modified":"2026-04-29T17:23:57","modified_gmt":"2026-04-29T15:23:57","slug":"rencontres-astro-dessin-a-lobservatoire","status":"publish","type":"post","link":"https:\/\/reperes-astro.fr\/rencontres-astro-dessin-a-lobservatoire\/","title":{"rendered":"Rencontres Astro Dessin \u00e0 l\u2019observatoire"},"content":{"rendered":"\n<p class=\"has-vivid-red-color has-text-color has-link-color wp-elements-2dcf933de393c350b88f902bc71983fc\"><strong>Le samedi 25 avril se sont d\u00e9roul\u00e9es les premi\u00e8res Rencontres Astro Dessin \u00e0 l\u2019observatoire, avec l\u2019envie de favoriser les \u00e9changes entre pratiquants de la discipline, tout en s\u2019ouvrant au public et aux curieux.<\/strong><\/p>\n\n\n<div class=\"wp-block-image\">\n<figure class=\"aligncenter size-large\"><a href=\"https:\/\/reperes-astro.fr\/%77%70%2d%63%6f%6e%74%65%6e%74\/uploads\/2026\/04\/journee-astrodessin.jpg\"><img loading=\"lazy\" decoding=\"async\" width=\"1024\" height=\"576\" src=\"https:\/\/reperes-astro.fr\/%77%70%2d%63%6f%6e%74%65%6e%74\/uploads\/2026\/04\/journee-astrodessin-1024x576.jpg\" alt=\"Rencontres Astro Dessin \u00e0 l\u2019observatoire\" class=\"wp-image-22753\" style=\"object-fit:cover\" srcset=\"https:\/\/reperes-astro.fr\/%77%70%2d%63%6f%6e%74%65%6e%74\/uploads\/2026\/04\/journee-astrodessin-1024x576.jpg 1024w, https:\/\/reperes-astro.fr\/%77%70%2d%63%6f%6e%74%65%6e%74\/uploads\/2026\/04\/journee-astrodessin-300x169.jpg 300w, https:\/\/reperes-astro.fr\/%77%70%2d%63%6f%6e%74%65%6e%74\/uploads\/2026\/04\/journee-astrodessin-768x432.jpg 768w, https:\/\/reperes-astro.fr\/%77%70%2d%63%6f%6e%74%65%6e%74\/uploads\/2026\/04\/journee-astrodessin.jpg 1200w\" sizes=\"auto, (max-width: 1024px) 100vw, 1024px\" \/><\/a><\/figure>\n<\/div>\n\n\n<p><\/p>\n\n\n\n<p>Une quinzaine de participants \u00e9taient pr\u00e9sents, membres de l\u2019association ou issus de structures ext\u00e9rieures <strong>(<\/strong><a href=\"https:\/\/www.astrogaac.fr\/\"><u><strong>GAAC<\/strong><\/u><\/a><strong>, <\/strong><a href=\"https:\/\/senseeastronomie.wordpress.com\/\"><u><strong>Club d\u2019Astronomie MJC Douai<\/strong><\/u><\/a><strong>, <\/strong><a href=\"http:\/\/www.astrosurf.com\/quasar95\/index2.html\"><u><strong>Quasar 95<\/strong><\/u><\/a><strong>,<\/strong> <a href=\"https:\/\/www.mars60.fr\/\"><u><strong>Mars60<\/strong><\/u><\/a><strong>)<\/strong>. La matin\u00e9e a d\u00e9but\u00e9 par l\u2019accueil des participants, qui ont pu installer leurs croquis et dessins dans l\u2019espace d\u2019exposition. Tr\u00e8s vite, les premiers \u00e9changes se sont engag\u00e9s entre passionn\u00e9s, autour de stands o\u00f9 \u00e9taient pr\u00e9sent\u00e9es des \u0153uvres vari\u00e9es : dessins solaires, lunaires, sans oublier les n\u00e9buleuses et les galaxies.<\/p>\n\n\n\n<div class=\"wp-block-columns are-vertically-aligned-center is-not-stacked-on-mobile is-layout-flex wp-container-core-columns-is-layout-9d6595d7 wp-block-columns-is-layout-flex\">\n<div class=\"wp-block-column is-vertically-aligned-center is-layout-flow wp-block-column-is-layout-flow\">\n<figure class=\"wp-block-image size-large\"><a href=\"https:\/\/reperes-astro.fr\/%77%70%2d%63%6f%6e%74%65%6e%74\/uploads\/2026\/04\/journee-astrodessin-1.jpg\"><img loading=\"lazy\" decoding=\"async\" width=\"1024\" height=\"576\" src=\"https:\/\/reperes-astro.fr\/%77%70%2d%63%6f%6e%74%65%6e%74\/uploads\/2026\/04\/journee-astrodessin-1-1024x576.jpg\" alt=\"Rencontres Astro Dessin \u00e0 l\u2019observatoire\" class=\"wp-image-22755\" srcset=\"https:\/\/reperes-astro.fr\/%77%70%2d%63%6f%6e%74%65%6e%74\/uploads\/2026\/04\/journee-astrodessin-1-1024x576.jpg 1024w, https:\/\/reperes-astro.fr\/%77%70%2d%63%6f%6e%74%65%6e%74\/uploads\/2026\/04\/journee-astrodessin-1-300x169.jpg 300w, https:\/\/reperes-astro.fr\/%77%70%2d%63%6f%6e%74%65%6e%74\/uploads\/2026\/04\/journee-astrodessin-1-768x432.jpg 768w, https:\/\/reperes-astro.fr\/%77%70%2d%63%6f%6e%74%65%6e%74\/uploads\/2026\/04\/journee-astrodessin-1.jpg 1200w\" sizes=\"auto, (max-width: 1024px) 100vw, 1024px\" \/><\/a><\/figure>\n<\/div>\n\n\n\n<div class=\"wp-block-column is-vertically-aligned-center is-layout-flow wp-block-column-is-layout-flow\">\n<figure class=\"wp-block-image size-large\"><a href=\"https:\/\/reperes-astro.fr\/%77%70%2d%63%6f%6e%74%65%6e%74\/uploads\/2026\/04\/journee-astrodessin-3.jpg\"><img loading=\"lazy\" decoding=\"async\" width=\"1024\" height=\"576\" src=\"https:\/\/reperes-astro.fr\/%77%70%2d%63%6f%6e%74%65%6e%74\/uploads\/2026\/04\/journee-astrodessin-3-1024x576.jpg\" alt=\"Rencontres Astro Dessin \u00e0 l\u2019observatoire\" class=\"wp-image-22756\" srcset=\"https:\/\/reperes-astro.fr\/%77%70%2d%63%6f%6e%74%65%6e%74\/uploads\/2026\/04\/journee-astrodessin-3-1024x576.jpg 1024w, https:\/\/reperes-astro.fr\/%77%70%2d%63%6f%6e%74%65%6e%74\/uploads\/2026\/04\/journee-astrodessin-3-300x169.jpg 300w, https:\/\/reperes-astro.fr\/%77%70%2d%63%6f%6e%74%65%6e%74\/uploads\/2026\/04\/journee-astrodessin-3-768x432.jpg 768w, https:\/\/reperes-astro.fr\/%77%70%2d%63%6f%6e%74%65%6e%74\/uploads\/2026\/04\/journee-astrodessin-3.jpg 1200w\" sizes=\"auto, (max-width: 1024px) 100vw, 1024px\" \/><\/a><\/figure>\n<\/div>\n<\/div>\n\n\n\n<p><\/p>\n\n\n\n<p>Parmi les participants, certains ont expos\u00e9 de v\u00e9ritables collections, fruits de plusieurs d\u00e9cennies de pratique, avoisinant le millier de dessins. L\u2019\u00e9v\u00e9nement a \u00e9galement \u00e9t\u00e9 l\u2019occasion, pour certains, de se replonger dans leurs anciens croquis, r\u00e9alis\u00e9s avant que la photographie ne prenne une place plus importante dans leur pratique.<\/p>\n\n\n<div class=\"wp-block-image\">\n<figure class=\"aligncenter size-large\"><a href=\"https:\/\/reperes-astro.fr\/%77%70%2d%63%6f%6e%74%65%6e%74\/uploads\/2026\/04\/journee-astrodessin-2.jpg\"><img loading=\"lazy\" decoding=\"async\" width=\"576\" height=\"1024\" src=\"https:\/\/reperes-astro.fr\/%77%70%2d%63%6f%6e%74%65%6e%74\/uploads\/2026\/04\/journee-astrodessin-2-576x1024.jpg\" alt=\"\" class=\"wp-image-22757\" style=\"aspect-ratio:3\/4;object-fit:cover\" srcset=\"https:\/\/reperes-astro.fr\/%77%70%2d%63%6f%6e%74%65%6e%74\/uploads\/2026\/04\/journee-astrodessin-2-576x1024.jpg 576w, https:\/\/reperes-astro.fr\/%77%70%2d%63%6f%6e%74%65%6e%74\/uploads\/2026\/04\/journee-astrodessin-2-169x300.jpg 169w, https:\/\/reperes-astro.fr\/%77%70%2d%63%6f%6e%74%65%6e%74\/uploads\/2026\/04\/journee-astrodessin-2.jpg 675w\" sizes=\"auto, (max-width: 576px) 100vw, 576px\" \/><\/a><\/figure>\n<\/div>\n\n\n<p><\/p>\n\n\n\n<p><\/p>\n\n\n\n<p>La m\u00e9t\u00e9o, cl\u00e9mente en matin\u00e9e, a permis l\u2019installation de plusieurs instruments d\u00e9di\u00e9s \u00e0 l\u2019observation du Soleil. Les participants ont ainsi pu admirer de belles protub\u00e9rances, dont l\u2019\u00e9volution a \u00e9t\u00e9 suivie tout au long de la journ\u00e9e.<\/p>\n\n\n<div class=\"wp-block-image\">\n<figure class=\"aligncenter size-large\"><a href=\"https:\/\/reperes-astro.fr\/%77%70%2d%63%6f%6e%74%65%6e%74\/uploads\/2026\/04\/journee-astrodessin-4.jpg\"><img loading=\"lazy\" decoding=\"async\" width=\"1024\" height=\"576\" src=\"https:\/\/reperes-astro.fr\/%77%70%2d%63%6f%6e%74%65%6e%74\/uploads\/2026\/04\/journee-astrodessin-4-1024x576.jpg\" alt=\"Rencontres Astro Dessin \u00e0 l\u2019observatoire\" class=\"wp-image-22758\" style=\"object-fit:cover\" srcset=\"https:\/\/reperes-astro.fr\/%77%70%2d%63%6f%6e%74%65%6e%74\/uploads\/2026\/04\/journee-astrodessin-4-1024x576.jpg 1024w, https:\/\/reperes-astro.fr\/%77%70%2d%63%6f%6e%74%65%6e%74\/uploads\/2026\/04\/journee-astrodessin-4-300x169.jpg 300w, https:\/\/reperes-astro.fr\/%77%70%2d%63%6f%6e%74%65%6e%74\/uploads\/2026\/04\/journee-astrodessin-4-768x432.jpg 768w, https:\/\/reperes-astro.fr\/%77%70%2d%63%6f%6e%74%65%6e%74\/uploads\/2026\/04\/journee-astrodessin-4.jpg 1200w\" sizes=\"auto, (max-width: 1024px) 100vw, 1024px\" \/><\/a><\/figure>\n<\/div>\n\n\n<p><\/p>\n\n\n\n<div class=\"wp-block-columns are-vertically-aligned-center is-not-stacked-on-mobile is-layout-flex wp-container-core-columns-is-layout-9d6595d7 wp-block-columns-is-layout-flex\">\n<div class=\"wp-block-column is-vertically-aligned-center is-layout-flow wp-block-column-is-layout-flow\" style=\"flex-basis:33.33%\"><div class=\"wp-block-image\">\n<figure class=\"aligncenter size-large\"><a href=\"https:\/\/reperes-astro.fr\/%77%70%2d%63%6f%6e%74%65%6e%74\/uploads\/2026\/04\/journee-astrodessin-5.jpg\"><img loading=\"lazy\" decoding=\"async\" width=\"576\" height=\"1024\" src=\"https:\/\/reperes-astro.fr\/%77%70%2d%63%6f%6e%74%65%6e%74\/uploads\/2026\/04\/journee-astrodessin-5-576x1024.jpg\" alt=\"\" class=\"wp-image-22759\" style=\"aspect-ratio:1;object-fit:cover\" srcset=\"https:\/\/reperes-astro.fr\/%77%70%2d%63%6f%6e%74%65%6e%74\/uploads\/2026\/04\/journee-astrodessin-5-576x1024.jpg 576w, https:\/\/reperes-astro.fr\/%77%70%2d%63%6f%6e%74%65%6e%74\/uploads\/2026\/04\/journee-astrodessin-5-169x300.jpg 169w, https:\/\/reperes-astro.fr\/%77%70%2d%63%6f%6e%74%65%6e%74\/uploads\/2026\/04\/journee-astrodessin-5.jpg 675w\" sizes=\"auto, (max-width: 576px) 100vw, 576px\" \/><\/a><\/figure>\n<\/div><\/div>\n\n\n\n<div class=\"wp-block-column is-vertically-aligned-center is-layout-flow wp-block-column-is-layout-flow\" style=\"flex-basis:66.66%\"><div class=\"wp-block-image\">\n<figure class=\"aligncenter size-large\"><a href=\"https:\/\/reperes-astro.fr\/%77%70%2d%63%6f%6e%74%65%6e%74\/uploads\/2026\/04\/journee-astrodessin-6.jpg\"><img loading=\"lazy\" decoding=\"async\" width=\"1024\" height=\"576\" src=\"https:\/\/reperes-astro.fr\/%77%70%2d%63%6f%6e%74%65%6e%74\/uploads\/2026\/04\/journee-astrodessin-6-1024x576.jpg\" alt=\"Rencontres Astro Dessin \u00e0 l\u2019observatoire\" class=\"wp-image-22760\" srcset=\"https:\/\/reperes-astro.fr\/%77%70%2d%63%6f%6e%74%65%6e%74\/uploads\/2026\/04\/journee-astrodessin-6-1024x576.jpg 1024w, https:\/\/reperes-astro.fr\/%77%70%2d%63%6f%6e%74%65%6e%74\/uploads\/2026\/04\/journee-astrodessin-6-300x169.jpg 300w, https:\/\/reperes-astro.fr\/%77%70%2d%63%6f%6e%74%65%6e%74\/uploads\/2026\/04\/journee-astrodessin-6-768x432.jpg 768w, https:\/\/reperes-astro.fr\/%77%70%2d%63%6f%6e%74%65%6e%74\/uploads\/2026\/04\/journee-astrodessin-6.jpg 1200w\" sizes=\"auto, (max-width: 1024px) 100vw, 1024px\" \/><\/a><\/figure>\n<\/div><\/div>\n<\/div>\n\n\n\n<p><\/p>\n\n\n\n<p>Apr\u00e8s le repas, place aux ateliers. Le premier, participatif, \u00e9tait anim\u00e9 par <a href=\"http:\/\/www.astrosurf.com\/cielaucrayon\/index.html\"><u><strong>Michel Pruvost (GAAC)<\/strong><\/u><\/a>. Il a pr\u00e9sent\u00e9 ses m\u00e9thodes et sa pratique du dessin astronomique, tout en laissant la parole aux participants, permettant \u00e0 chacun d\u2019apporter ses remarques et d\u2019enrichir les \u00e9changes. Cet atelier a \u00e9galement offert aux d\u00e9butants une excellente introduction, en posant les bases n\u00e9cessaires pour se lancer dans leurs premiers croquis.<\/p>\n\n\n\n<div class=\"wp-block-columns are-vertically-aligned-center is-not-stacked-on-mobile is-layout-flex wp-container-core-columns-is-layout-9d6595d7 wp-block-columns-is-layout-flex\">\n<div class=\"wp-block-column is-vertically-aligned-center is-layout-flow wp-block-column-is-layout-flow\">\n<figure class=\"wp-block-image size-large\"><a href=\"https:\/\/reperes-astro.fr\/%77%70%2d%63%6f%6e%74%65%6e%74\/uploads\/2026\/04\/journee-astrodessin-7.jpg\"><img loading=\"lazy\" decoding=\"async\" width=\"1024\" height=\"576\" src=\"https:\/\/reperes-astro.fr\/%77%70%2d%63%6f%6e%74%65%6e%74\/uploads\/2026\/04\/journee-astrodessin-7-1024x576.jpg\" alt=\"\" class=\"wp-image-22768\" srcset=\"https:\/\/reperes-astro.fr\/%77%70%2d%63%6f%6e%74%65%6e%74\/uploads\/2026\/04\/journee-astrodessin-7-1024x576.jpg 1024w, https:\/\/reperes-astro.fr\/%77%70%2d%63%6f%6e%74%65%6e%74\/uploads\/2026\/04\/journee-astrodessin-7-300x169.jpg 300w, https:\/\/reperes-astro.fr\/%77%70%2d%63%6f%6e%74%65%6e%74\/uploads\/2026\/04\/journee-astrodessin-7-768x432.jpg 768w, https:\/\/reperes-astro.fr\/%77%70%2d%63%6f%6e%74%65%6e%74\/uploads\/2026\/04\/journee-astrodessin-7.jpg 1200w\" sizes=\"auto, (max-width: 1024px) 100vw, 1024px\" \/><\/a><\/figure>\n<\/div>\n\n\n\n<div class=\"wp-block-column is-vertically-aligned-center is-layout-flow wp-block-column-is-layout-flow\">\n<figure class=\"wp-block-image size-large\"><a href=\"https:\/\/reperes-astro.fr\/%77%70%2d%63%6f%6e%74%65%6e%74\/uploads\/2026\/04\/journee-astrodessin-8.jpg\"><img loading=\"lazy\" decoding=\"async\" width=\"1024\" height=\"576\" src=\"https:\/\/reperes-astro.fr\/%77%70%2d%63%6f%6e%74%65%6e%74\/uploads\/2026\/04\/journee-astrodessin-8-1024x576.jpg\" alt=\"\" class=\"wp-image-22769\" srcset=\"https:\/\/reperes-astro.fr\/%77%70%2d%63%6f%6e%74%65%6e%74\/uploads\/2026\/04\/journee-astrodessin-8-1024x576.jpg 1024w, https:\/\/reperes-astro.fr\/%77%70%2d%63%6f%6e%74%65%6e%74\/uploads\/2026\/04\/journee-astrodessin-8-300x169.jpg 300w, https:\/\/reperes-astro.fr\/%77%70%2d%63%6f%6e%74%65%6e%74\/uploads\/2026\/04\/journee-astrodessin-8-768x432.jpg 768w, https:\/\/reperes-astro.fr\/%77%70%2d%63%6f%6e%74%65%6e%74\/uploads\/2026\/04\/journee-astrodessin-8.jpg 1200w\" sizes=\"auto, (max-width: 1024px) 100vw, 1024px\" \/><\/a><\/figure>\n<\/div>\n<\/div>\n\n\n\n<p><\/p>\n\n\n\n<figure class=\"wp-block-image size-large\"><a href=\"https:\/\/reperes-astro.fr\/%77%70%2d%63%6f%6e%74%65%6e%74\/uploads\/2026\/04\/journee-astrodessin-9.jpg\"><img loading=\"lazy\" decoding=\"async\" width=\"1024\" height=\"576\" src=\"https:\/\/reperes-astro.fr\/%77%70%2d%63%6f%6e%74%65%6e%74\/uploads\/2026\/04\/journee-astrodessin-9-1024x576.jpg\" alt=\"Rencontres Astro Dessin \u00e0 l\u2019observatoire\" class=\"wp-image-22770\" srcset=\"https:\/\/reperes-astro.fr\/%77%70%2d%63%6f%6e%74%65%6e%74\/uploads\/2026\/04\/journee-astrodessin-9-1024x576.jpg 1024w, https:\/\/reperes-astro.fr\/%77%70%2d%63%6f%6e%74%65%6e%74\/uploads\/2026\/04\/journee-astrodessin-9-300x169.jpg 300w, https:\/\/reperes-astro.fr\/%77%70%2d%63%6f%6e%74%65%6e%74\/uploads\/2026\/04\/journee-astrodessin-9-768x432.jpg 768w, https:\/\/reperes-astro.fr\/%77%70%2d%63%6f%6e%74%65%6e%74\/uploads\/2026\/04\/journee-astrodessin-9.jpg 1200w\" sizes=\"auto, (max-width: 1024px) 100vw, 1024px\" \/><\/a><\/figure>\n\n\n\n<p><\/p>\n\n\n\n<p>L\u2019apr\u00e8s-midi s\u2019est poursuivie avec un atelier historique anim\u00e9 par <strong>Simon Lericque (GAAC)<\/strong>, sous forme de mini-conf\u00e9rence consacr\u00e9e aux n\u00e9buleuses plan\u00e9taires observ\u00e9es depuis les observatoires de Lille et Saint-V\u00e9ran. Cette pr\u00e9sentation a permis de comparer les conditions d\u2019observation et de dessin entre deux environnements tr\u00e8s diff\u00e9rents : le ciel lillois et celui du Queyras. Ce fut aussi l\u2019occasion de d\u00e9couvrir <a href=\"https:\/\/asso-jonckheere.wixsite.com\/accueil\/robert-jonckheere\"><u><strong>l\u2019association Jonckheere<\/strong><\/u><\/a>, qui g\u00e8re aujourd\u2019hui l\u2019observatoire de Lille et sa c\u00e9l\u00e8bre lunette (tout comme l\u2019histoire de Robert Jonckheere), ainsi que de rappeler que le site de Saint-V\u00e9ran reste accessible aux astronomes amateurs.<\/p>\n\n\n\n<div class=\"wp-block-columns are-vertically-aligned-center is-not-stacked-on-mobile is-layout-flex wp-container-core-columns-is-layout-9d6595d7 wp-block-columns-is-layout-flex\">\n<div class=\"wp-block-column is-vertically-aligned-center is-layout-flow wp-block-column-is-layout-flow\">\n<figure class=\"wp-block-image size-large\"><a href=\"https:\/\/reperes-astro.fr\/%77%70%2d%63%6f%6e%74%65%6e%74\/uploads\/2026\/04\/journee-astrodessin-10.jpg\"><img loading=\"lazy\" decoding=\"async\" width=\"1024\" height=\"576\" src=\"https:\/\/reperes-astro.fr\/%77%70%2d%63%6f%6e%74%65%6e%74\/uploads\/2026\/04\/journee-astrodessin-10-1024x576.jpg\" alt=\"\" class=\"wp-image-22771\" srcset=\"https:\/\/reperes-astro.fr\/%77%70%2d%63%6f%6e%74%65%6e%74\/uploads\/2026\/04\/journee-astrodessin-10-1024x576.jpg 1024w, https:\/\/reperes-astro.fr\/%77%70%2d%63%6f%6e%74%65%6e%74\/uploads\/2026\/04\/journee-astrodessin-10-300x169.jpg 300w, https:\/\/reperes-astro.fr\/%77%70%2d%63%6f%6e%74%65%6e%74\/uploads\/2026\/04\/journee-astrodessin-10-768x432.jpg 768w, https:\/\/reperes-astro.fr\/%77%70%2d%63%6f%6e%74%65%6e%74\/uploads\/2026\/04\/journee-astrodessin-10.jpg 1200w\" sizes=\"auto, (max-width: 1024px) 100vw, 1024px\" \/><\/a><\/figure>\n<\/div>\n\n\n\n<div class=\"wp-block-column is-vertically-aligned-center is-layout-flow wp-block-column-is-layout-flow\">\n<figure class=\"wp-block-image size-large\"><a href=\"https:\/\/reperes-astro.fr\/%77%70%2d%63%6f%6e%74%65%6e%74\/uploads\/2026\/04\/journee-astrodessin-11.jpg\"><img loading=\"lazy\" decoding=\"async\" width=\"1024\" height=\"576\" src=\"https:\/\/reperes-astro.fr\/%77%70%2d%63%6f%6e%74%65%6e%74\/uploads\/2026\/04\/journee-astrodessin-11-1024x576.jpg\" alt=\"\" class=\"wp-image-22772\" srcset=\"https:\/\/reperes-astro.fr\/%77%70%2d%63%6f%6e%74%65%6e%74\/uploads\/2026\/04\/journee-astrodessin-11-1024x576.jpg 1024w, https:\/\/reperes-astro.fr\/%77%70%2d%63%6f%6e%74%65%6e%74\/uploads\/2026\/04\/journee-astrodessin-11-300x169.jpg 300w, https:\/\/reperes-astro.fr\/%77%70%2d%63%6f%6e%74%65%6e%74\/uploads\/2026\/04\/journee-astrodessin-11-768x432.jpg 768w, https:\/\/reperes-astro.fr\/%77%70%2d%63%6f%6e%74%65%6e%74\/uploads\/2026\/04\/journee-astrodessin-11.jpg 1200w\" sizes=\"auto, (max-width: 1024px) 100vw, 1024px\" \/><\/a><\/figure>\n<\/div>\n<\/div>\n\n\n\n<p><\/p>\n\n\n\n<div class=\"wp-block-columns are-vertically-aligned-center is-not-stacked-on-mobile is-layout-flex wp-container-core-columns-is-layout-9d6595d7 wp-block-columns-is-layout-flex\">\n<div class=\"wp-block-column is-vertically-aligned-center is-layout-flow wp-block-column-is-layout-flow\">\n<figure class=\"wp-block-image size-large\"><a href=\"https:\/\/reperes-astro.fr\/%77%70%2d%63%6f%6e%74%65%6e%74\/uploads\/2026\/04\/journee-astrodessin-12.jpg\"><img loading=\"lazy\" decoding=\"async\" width=\"1024\" height=\"576\" src=\"https:\/\/reperes-astro.fr\/%77%70%2d%63%6f%6e%74%65%6e%74\/uploads\/2026\/04\/journee-astrodessin-12-1024x576.jpg\" alt=\"\" class=\"wp-image-22773\" srcset=\"https:\/\/reperes-astro.fr\/%77%70%2d%63%6f%6e%74%65%6e%74\/uploads\/2026\/04\/journee-astrodessin-12-1024x576.jpg 1024w, https:\/\/reperes-astro.fr\/%77%70%2d%63%6f%6e%74%65%6e%74\/uploads\/2026\/04\/journee-astrodessin-12-300x169.jpg 300w, https:\/\/reperes-astro.fr\/%77%70%2d%63%6f%6e%74%65%6e%74\/uploads\/2026\/04\/journee-astrodessin-12-768x432.jpg 768w, https:\/\/reperes-astro.fr\/%77%70%2d%63%6f%6e%74%65%6e%74\/uploads\/2026\/04\/journee-astrodessin-12.jpg 1200w\" sizes=\"auto, (max-width: 1024px) 100vw, 1024px\" \/><\/a><\/figure>\n<\/div>\n\n\n\n<div class=\"wp-block-column is-vertically-aligned-center is-layout-flow wp-block-column-is-layout-flow\">\n<figure class=\"wp-block-image size-large\"><a href=\"https:\/\/reperes-astro.fr\/%77%70%2d%63%6f%6e%74%65%6e%74\/uploads\/2026\/04\/journee-astrodessin-13.jpg\"><img loading=\"lazy\" decoding=\"async\" width=\"1024\" height=\"576\" src=\"https:\/\/reperes-astro.fr\/%77%70%2d%63%6f%6e%74%65%6e%74\/uploads\/2026\/04\/journee-astrodessin-13-1024x576.jpg\" alt=\"\" class=\"wp-image-22774\" srcset=\"https:\/\/reperes-astro.fr\/%77%70%2d%63%6f%6e%74%65%6e%74\/uploads\/2026\/04\/journee-astrodessin-13-1024x576.jpg 1024w, https:\/\/reperes-astro.fr\/%77%70%2d%63%6f%6e%74%65%6e%74\/uploads\/2026\/04\/journee-astrodessin-13-300x169.jpg 300w, https:\/\/reperes-astro.fr\/%77%70%2d%63%6f%6e%74%65%6e%74\/uploads\/2026\/04\/journee-astrodessin-13-768x432.jpg 768w, https:\/\/reperes-astro.fr\/%77%70%2d%63%6f%6e%74%65%6e%74\/uploads\/2026\/04\/journee-astrodessin-13.jpg 1200w\" sizes=\"auto, (max-width: 1024px) 100vw, 1024px\" \/><\/a><\/figure>\n<\/div>\n<\/div>\n\n\n\n<p><\/p>\n\n\n\n<figure class=\"wp-block-image size-large\"><a href=\"https:\/\/reperes-astro.fr\/%77%70%2d%63%6f%6e%74%65%6e%74\/uploads\/2026\/04\/journee-astrodessin-14.jpg\"><img loading=\"lazy\" decoding=\"async\" width=\"1024\" height=\"576\" src=\"https:\/\/reperes-astro.fr\/%77%70%2d%63%6f%6e%74%65%6e%74\/uploads\/2026\/04\/journee-astrodessin-14-1024x576.jpg\" alt=\"Rencontres Astro Dessin \u00e0 l\u2019observatoire\" class=\"wp-image-22775\" srcset=\"https:\/\/reperes-astro.fr\/%77%70%2d%63%6f%6e%74%65%6e%74\/uploads\/2026\/04\/journee-astrodessin-14-1024x576.jpg 1024w, https:\/\/reperes-astro.fr\/%77%70%2d%63%6f%6e%74%65%6e%74\/uploads\/2026\/04\/journee-astrodessin-14-300x169.jpg 300w, https:\/\/reperes-astro.fr\/%77%70%2d%63%6f%6e%74%65%6e%74\/uploads\/2026\/04\/journee-astrodessin-14-768x432.jpg 768w, https:\/\/reperes-astro.fr\/%77%70%2d%63%6f%6e%74%65%6e%74\/uploads\/2026\/04\/journee-astrodessin-14.jpg 1200w\" sizes=\"auto, (max-width: 1024px) 100vw, 1024px\" \/><\/a><\/figure>\n\n\n\n<p><\/p>\n\n\n\n<div class=\"wp-block-columns are-vertically-aligned-center is-not-stacked-on-mobile is-layout-flex wp-container-core-columns-is-layout-9d6595d7 wp-block-columns-is-layout-flex\">\n<div class=\"wp-block-column is-vertically-aligned-center is-layout-flow wp-block-column-is-layout-flow\">\n<figure class=\"wp-block-image size-large\"><a href=\"https:\/\/reperes-astro.fr\/%77%70%2d%63%6f%6e%74%65%6e%74\/uploads\/2026\/04\/journee-astrodessin-15.jpg\"><img loading=\"lazy\" decoding=\"async\" width=\"1024\" height=\"576\" src=\"https:\/\/reperes-astro.fr\/%77%70%2d%63%6f%6e%74%65%6e%74\/uploads\/2026\/04\/journee-astrodessin-15-1024x576.jpg\" alt=\"\" class=\"wp-image-22776\" srcset=\"https:\/\/reperes-astro.fr\/%77%70%2d%63%6f%6e%74%65%6e%74\/uploads\/2026\/04\/journee-astrodessin-15-1024x576.jpg 1024w, https:\/\/reperes-astro.fr\/%77%70%2d%63%6f%6e%74%65%6e%74\/uploads\/2026\/04\/journee-astrodessin-15-300x169.jpg 300w, https:\/\/reperes-astro.fr\/%77%70%2d%63%6f%6e%74%65%6e%74\/uploads\/2026\/04\/journee-astrodessin-15-768x432.jpg 768w, https:\/\/reperes-astro.fr\/%77%70%2d%63%6f%6e%74%65%6e%74\/uploads\/2026\/04\/journee-astrodessin-15.jpg 1200w\" sizes=\"auto, (max-width: 1024px) 100vw, 1024px\" \/><\/a><\/figure>\n<\/div>\n\n\n\n<div class=\"wp-block-column is-vertically-aligned-center is-layout-flow wp-block-column-is-layout-flow\">\n<figure class=\"wp-block-image size-large\"><a href=\"https:\/\/reperes-astro.fr\/%77%70%2d%63%6f%6e%74%65%6e%74\/uploads\/2026\/04\/journee-astrodessin-16.jpg\"><img loading=\"lazy\" decoding=\"async\" width=\"1024\" height=\"576\" src=\"https:\/\/reperes-astro.fr\/%77%70%2d%63%6f%6e%74%65%6e%74\/uploads\/2026\/04\/journee-astrodessin-16-1024x576.jpg\" alt=\"\" class=\"wp-image-22777\" srcset=\"https:\/\/reperes-astro.fr\/%77%70%2d%63%6f%6e%74%65%6e%74\/uploads\/2026\/04\/journee-astrodessin-16-1024x576.jpg 1024w, https:\/\/reperes-astro.fr\/%77%70%2d%63%6f%6e%74%65%6e%74\/uploads\/2026\/04\/journee-astrodessin-16-300x169.jpg 300w, https:\/\/reperes-astro.fr\/%77%70%2d%63%6f%6e%74%65%6e%74\/uploads\/2026\/04\/journee-astrodessin-16-768x432.jpg 768w, https:\/\/reperes-astro.fr\/%77%70%2d%63%6f%6e%74%65%6e%74\/uploads\/2026\/04\/journee-astrodessin-16.jpg 1200w\" sizes=\"auto, (max-width: 1024px) 100vw, 1024px\" \/><\/a><\/figure>\n<\/div>\n<\/div>\n\n\n\n<p><\/p>\n\n\n\n<p>Le dernier atelier, anim\u00e9 par <strong>Aurore et Axel Guillerand (REPERES)<\/strong>, \u00e9tait consacr\u00e9 \u00e0 l\u2019impression 3D et \u00e0 la peinture. Leur objectif : reproduire et peindre fid\u00e8lement des reliefs martiens, lunaires et mercuriens, pouvant atteindre des dimensions de 30 \u00d7 30 cm gr\u00e2ce aux ressources mises \u00e0 disposition par la NASA. Un d\u00e9fi \u00e0 la fois technique et artistique, relev\u00e9 avec brio par le duo, dont les prochaines r\u00e9alisations sont attendues avec impatience <em>(une fois l\u2019imprimante r\u00e9par\u00e9e, courage Axel)<\/em>.<\/p>\n\n\n\n<div class=\"wp-block-columns are-vertically-aligned-center is-not-stacked-on-mobile is-layout-flex wp-container-core-columns-is-layout-9d6595d7 wp-block-columns-is-layout-flex\">\n<div class=\"wp-block-column is-vertically-aligned-center is-layout-flow wp-block-column-is-layout-flow\" style=\"flex-basis:25%\">\n<figure class=\"wp-block-image size-large\"><a href=\"https:\/\/reperes-astro.fr\/%77%70%2d%63%6f%6e%74%65%6e%74\/uploads\/2026\/04\/journee-astrodessin-17.jpg\"><img loading=\"lazy\" decoding=\"async\" width=\"576\" height=\"1024\" src=\"https:\/\/reperes-astro.fr\/%77%70%2d%63%6f%6e%74%65%6e%74\/uploads\/2026\/04\/journee-astrodessin-17-576x1024.jpg\" alt=\"\" class=\"wp-image-22778\" style=\"aspect-ratio:3\/4;object-fit:cover\" srcset=\"https:\/\/reperes-astro.fr\/%77%70%2d%63%6f%6e%74%65%6e%74\/uploads\/2026\/04\/journee-astrodessin-17-576x1024.jpg 576w, https:\/\/reperes-astro.fr\/%77%70%2d%63%6f%6e%74%65%6e%74\/uploads\/2026\/04\/journee-astrodessin-17-169x300.jpg 169w, https:\/\/reperes-astro.fr\/%77%70%2d%63%6f%6e%74%65%6e%74\/uploads\/2026\/04\/journee-astrodessin-17.jpg 675w\" sizes=\"auto, (max-width: 576px) 100vw, 576px\" \/><\/a><\/figure>\n<\/div>\n\n\n\n<div class=\"wp-block-column is-vertically-aligned-center is-layout-flow wp-block-column-is-layout-flow\" style=\"flex-basis:50%\">\n<figure class=\"wp-block-image size-large\"><a href=\"https:\/\/reperes-astro.fr\/%77%70%2d%63%6f%6e%74%65%6e%74\/uploads\/2026\/04\/journee-astrodessin-18.jpg\"><img loading=\"lazy\" decoding=\"async\" width=\"1024\" height=\"576\" src=\"https:\/\/reperes-astro.fr\/%77%70%2d%63%6f%6e%74%65%6e%74\/uploads\/2026\/04\/journee-astrodessin-18-1024x576.jpg\" alt=\"Rencontres Astro Dessin \u00e0 l\u2019observatoire\" class=\"wp-image-22779\" srcset=\"https:\/\/reperes-astro.fr\/%77%70%2d%63%6f%6e%74%65%6e%74\/uploads\/2026\/04\/journee-astrodessin-18-1024x576.jpg 1024w, https:\/\/reperes-astro.fr\/%77%70%2d%63%6f%6e%74%65%6e%74\/uploads\/2026\/04\/journee-astrodessin-18-300x169.jpg 300w, https:\/\/reperes-astro.fr\/%77%70%2d%63%6f%6e%74%65%6e%74\/uploads\/2026\/04\/journee-astrodessin-18-768x432.jpg 768w, https:\/\/reperes-astro.fr\/%77%70%2d%63%6f%6e%74%65%6e%74\/uploads\/2026\/04\/journee-astrodessin-18.jpg 1200w\" sizes=\"auto, (max-width: 1024px) 100vw, 1024px\" \/><\/a><\/figure>\n<\/div>\n\n\n\n<div class=\"wp-block-column is-vertically-aligned-center is-layout-flow wp-block-column-is-layout-flow\" style=\"flex-basis:25%\">\n<figure class=\"wp-block-image size-large\"><a href=\"https:\/\/reperes-astro.fr\/%77%70%2d%63%6f%6e%74%65%6e%74\/uploads\/2026\/04\/journee-astrodessin-19.jpg\"><img loading=\"lazy\" decoding=\"async\" width=\"576\" height=\"1024\" src=\"https:\/\/reperes-astro.fr\/%77%70%2d%63%6f%6e%74%65%6e%74\/uploads\/2026\/04\/journee-astrodessin-19-576x1024.jpg\" alt=\"\" class=\"wp-image-22780\" style=\"aspect-ratio:3\/4;object-fit:cover\" srcset=\"https:\/\/reperes-astro.fr\/%77%70%2d%63%6f%6e%74%65%6e%74\/uploads\/2026\/04\/journee-astrodessin-19-576x1024.jpg 576w, https:\/\/reperes-astro.fr\/%77%70%2d%63%6f%6e%74%65%6e%74\/uploads\/2026\/04\/journee-astrodessin-19-169x300.jpg 169w, https:\/\/reperes-astro.fr\/%77%70%2d%63%6f%6e%74%65%6e%74\/uploads\/2026\/04\/journee-astrodessin-19.jpg 675w\" sizes=\"auto, (max-width: 576px) 100vw, 576px\" \/><\/a><\/figure>\n<\/div>\n<\/div>\n\n\n\n<p><\/p>\n\n\n\n<figure class=\"wp-block-image size-large\"><a href=\"https:\/\/reperes-astro.fr\/%77%70%2d%63%6f%6e%74%65%6e%74\/uploads\/2026\/04\/journee-astrodessin-20.jpg\"><img loading=\"lazy\" decoding=\"async\" width=\"1024\" height=\"576\" src=\"https:\/\/reperes-astro.fr\/%77%70%2d%63%6f%6e%74%65%6e%74\/uploads\/2026\/04\/journee-astrodessin-20-1024x576.jpg\" alt=\"Rencontres Astro Dessin \u00e0 l\u2019observatoire\" class=\"wp-image-22781\" srcset=\"https:\/\/reperes-astro.fr\/%77%70%2d%63%6f%6e%74%65%6e%74\/uploads\/2026\/04\/journee-astrodessin-20-1024x576.jpg 1024w, https:\/\/reperes-astro.fr\/%77%70%2d%63%6f%6e%74%65%6e%74\/uploads\/2026\/04\/journee-astrodessin-20-300x169.jpg 300w, https:\/\/reperes-astro.fr\/%77%70%2d%63%6f%6e%74%65%6e%74\/uploads\/2026\/04\/journee-astrodessin-20-768x432.jpg 768w, https:\/\/reperes-astro.fr\/%77%70%2d%63%6f%6e%74%65%6e%74\/uploads\/2026\/04\/journee-astrodessin-20.jpg 1200w\" sizes=\"auto, (max-width: 1024px) 100vw, 1024px\" \/><\/a><\/figure>\n\n\n\n<p><\/p>\n\n\n\n<p>\u00c0 l\u2019issue des ateliers, les participants ont pu partager un moment convivial autour d\u2019un ap\u00e9ritif, suivi d\u2019un barbecue organis\u00e9 par Jean-Paul, assist\u00e9 de Franck et Claude. <strong>Un grand merci aux b\u00e9n\u00e9voles de l\u2019association, qui ont contribu\u00e9 au bon d\u00e9roulement de cette journ\u00e9e.<\/strong><\/p>\n\n\n\n<div class=\"wp-block-columns are-vertically-aligned-center is-not-stacked-on-mobile is-layout-flex wp-container-core-columns-is-layout-9d6595d7 wp-block-columns-is-layout-flex\">\n<div class=\"wp-block-column is-vertically-aligned-center is-layout-flow wp-block-column-is-layout-flow\">\n<figure class=\"wp-block-image size-large\"><a href=\"https:\/\/reperes-astro.fr\/%77%70%2d%63%6f%6e%74%65%6e%74\/uploads\/2026\/04\/journee-astrodessin-21.jpg\"><img loading=\"lazy\" decoding=\"async\" width=\"1024\" height=\"576\" src=\"https:\/\/reperes-astro.fr\/%77%70%2d%63%6f%6e%74%65%6e%74\/uploads\/2026\/04\/journee-astrodessin-21-1024x576.jpg\" alt=\"\" class=\"wp-image-22782\" srcset=\"https:\/\/reperes-astro.fr\/%77%70%2d%63%6f%6e%74%65%6e%74\/uploads\/2026\/04\/journee-astrodessin-21-1024x576.jpg 1024w, https:\/\/reperes-astro.fr\/%77%70%2d%63%6f%6e%74%65%6e%74\/uploads\/2026\/04\/journee-astrodessin-21-300x169.jpg 300w, https:\/\/reperes-astro.fr\/%77%70%2d%63%6f%6e%74%65%6e%74\/uploads\/2026\/04\/journee-astrodessin-21-768x432.jpg 768w, https:\/\/reperes-astro.fr\/%77%70%2d%63%6f%6e%74%65%6e%74\/uploads\/2026\/04\/journee-astrodessin-21.jpg 1200w\" sizes=\"auto, (max-width: 1024px) 100vw, 1024px\" \/><\/a><\/figure>\n<\/div>\n\n\n\n<div class=\"wp-block-column is-vertically-aligned-center is-layout-flow wp-block-column-is-layout-flow\">\n<figure class=\"wp-block-image size-large\"><a href=\"https:\/\/reperes-astro.fr\/%77%70%2d%63%6f%6e%74%65%6e%74\/uploads\/2026\/04\/journee-astrodessin-22.jpg\"><img loading=\"lazy\" decoding=\"async\" width=\"1024\" height=\"576\" src=\"https:\/\/reperes-astro.fr\/%77%70%2d%63%6f%6e%74%65%6e%74\/uploads\/2026\/04\/journee-astrodessin-22-1024x576.jpg\" alt=\"Rencontres Astro Dessin \u00e0 l\u2019observatoire\" class=\"wp-image-22783\" srcset=\"https:\/\/reperes-astro.fr\/%77%70%2d%63%6f%6e%74%65%6e%74\/uploads\/2026\/04\/journee-astrodessin-22-1024x576.jpg 1024w, https:\/\/reperes-astro.fr\/%77%70%2d%63%6f%6e%74%65%6e%74\/uploads\/2026\/04\/journee-astrodessin-22-300x169.jpg 300w, https:\/\/reperes-astro.fr\/%77%70%2d%63%6f%6e%74%65%6e%74\/uploads\/2026\/04\/journee-astrodessin-22-768x432.jpg 768w, https:\/\/reperes-astro.fr\/%77%70%2d%63%6f%6e%74%65%6e%74\/uploads\/2026\/04\/journee-astrodessin-22.jpg 1200w\" sizes=\"auto, (max-width: 1024px) 100vw, 1024px\" \/><\/a><\/figure>\n<\/div>\n<\/div>\n\n\n\n<p><\/p>\n\n\n\n<p>Fid\u00e8le \u00e0 sa r\u00e9putation, la m\u00e9t\u00e9o picarde s\u2019est montr\u00e9e plus capricieuse en soir\u00e9e. Apr\u00e8s le repas, il a fallu patienter jusqu\u2019\u00e0 l\u2019apparition d\u2019une \u00e9claircie, vers 21h30, permettant d\u2019observer bri\u00e8vement la Lune et Jupiter avant de conclure la journ\u00e9e.<\/p>\n\n\n\n<p class=\"has-text-color has-link-color wp-elements-79643bd747576fa38269574d35c0a917\" style=\"color:#0a1664\"><strong>Bien avant l\u2019invention de la photographie, les premi\u00e8res observations astronomiques reposaient exclusivement sur l\u2019\u0153il et le crayon. Les astronomes de l\u2019\u00e9poque consignaient minutieusement leurs observations sous forme de croquis, accompagn\u00e9s de notes tr\u00e8s d\u00e9taill\u00e9es : conditions d\u2019observation, suivi de l\u2019\u00e9volution des taches solaires, cartographie de la surface de la Lune ou encore description de la structure des n\u00e9buleuses et des galaxies. Un travail rigoureux et scientifique.<\/strong><\/p>\n\n\n\n<div class=\"wp-block-columns are-vertically-aligned-center is-not-stacked-on-mobile is-layout-flex wp-container-core-columns-is-layout-9d6595d7 wp-block-columns-is-layout-flex\">\n<div class=\"wp-block-column is-vertically-aligned-center is-layout-flow wp-block-column-is-layout-flow\" style=\"flex-basis:33.33%\">\n<figure class=\"wp-block-image size-large\"><a href=\"https:\/\/reperes-astro.fr\/%77%70%2d%63%6f%6e%74%65%6e%74\/uploads\/2026\/04\/journee-astrodessin-23.jpg\"><img loading=\"lazy\" decoding=\"async\" width=\"576\" height=\"1024\" src=\"https:\/\/reperes-astro.fr\/%77%70%2d%63%6f%6e%74%65%6e%74\/uploads\/2026\/04\/journee-astrodessin-23-576x1024.jpg\" alt=\"\" class=\"wp-image-22784\" srcset=\"https:\/\/reperes-astro.fr\/%77%70%2d%63%6f%6e%74%65%6e%74\/uploads\/2026\/04\/journee-astrodessin-23-576x1024.jpg 576w, https:\/\/reperes-astro.fr\/%77%70%2d%63%6f%6e%74%65%6e%74\/uploads\/2026\/04\/journee-astrodessin-23-169x300.jpg 169w, https:\/\/reperes-astro.fr\/%77%70%2d%63%6f%6e%74%65%6e%74\/uploads\/2026\/04\/journee-astrodessin-23.jpg 675w\" sizes=\"auto, (max-width: 576px) 100vw, 576px\" \/><\/a><\/figure>\n<\/div>\n\n\n\n<div class=\"wp-block-column is-vertically-aligned-center is-layout-flow wp-block-column-is-layout-flow\" style=\"flex-basis:66.66%\">\n<figure class=\"wp-block-image size-large\"><a href=\"https:\/\/reperes-astro.fr\/%77%70%2d%63%6f%6e%74%65%6e%74\/uploads\/2026\/04\/journee-astrodessin-24.jpg\"><img loading=\"lazy\" decoding=\"async\" width=\"1024\" height=\"576\" src=\"https:\/\/reperes-astro.fr\/%77%70%2d%63%6f%6e%74%65%6e%74\/uploads\/2026\/04\/journee-astrodessin-24-1024x576.jpg\" alt=\"\" class=\"wp-image-22785\" srcset=\"https:\/\/reperes-astro.fr\/%77%70%2d%63%6f%6e%74%65%6e%74\/uploads\/2026\/04\/journee-astrodessin-24-1024x576.jpg 1024w, https:\/\/reperes-astro.fr\/%77%70%2d%63%6f%6e%74%65%6e%74\/uploads\/2026\/04\/journee-astrodessin-24-300x169.jpg 300w, https:\/\/reperes-astro.fr\/%77%70%2d%63%6f%6e%74%65%6e%74\/uploads\/2026\/04\/journee-astrodessin-24-768x432.jpg 768w, https:\/\/reperes-astro.fr\/%77%70%2d%63%6f%6e%74%65%6e%74\/uploads\/2026\/04\/journee-astrodessin-24.jpg 1200w\" sizes=\"auto, (max-width: 1024px) 100vw, 1024px\" \/><\/a><\/figure>\n\n\n\n<figure class=\"wp-block-image size-large\"><a href=\"https:\/\/reperes-astro.fr\/%77%70%2d%63%6f%6e%74%65%6e%74\/uploads\/2026\/04\/journee-astrodessin-25.jpg\"><img loading=\"lazy\" decoding=\"async\" width=\"1024\" height=\"576\" src=\"https:\/\/reperes-astro.fr\/%77%70%2d%63%6f%6e%74%65%6e%74\/uploads\/2026\/04\/journee-astrodessin-25-1024x576.jpg\" alt=\"\" class=\"wp-image-22786\" srcset=\"https:\/\/reperes-astro.fr\/%77%70%2d%63%6f%6e%74%65%6e%74\/uploads\/2026\/04\/journee-astrodessin-25-1024x576.jpg 1024w, https:\/\/reperes-astro.fr\/%77%70%2d%63%6f%6e%74%65%6e%74\/uploads\/2026\/04\/journee-astrodessin-25-300x169.jpg 300w, https:\/\/reperes-astro.fr\/%77%70%2d%63%6f%6e%74%65%6e%74\/uploads\/2026\/04\/journee-astrodessin-25-768x432.jpg 768w, https:\/\/reperes-astro.fr\/%77%70%2d%63%6f%6e%74%65%6e%74\/uploads\/2026\/04\/journee-astrodessin-25.jpg 1200w\" sizes=\"auto, (max-width: 1024px) 100vw, 1024px\" \/><\/a><\/figure>\n<\/div>\n<\/div>\n\n\n\n<p><\/p>\n\n\n\n<p class=\"has-text-color has-link-color wp-elements-2496227797ab4169ef4626169c97f711\" style=\"color:#0a1664\"><strong>Face \u00e0 l\u2019essor de la photographie et du visuel assist\u00e9, le dessin astronomique conserve, aujourd\u2019hui encore, toute sa pertinence. Il permet non seulement de progresser dans l\u2019observation, mais aussi de garder une trace personnelle et sensible du ciel \u00e0 mi-chemin entre science et expression artistique.<\/strong><\/p>\n\n\n\n<div class=\"wp-block-columns are-vertically-aligned-center is-not-stacked-on-mobile is-layout-flex wp-container-core-columns-is-layout-9d6595d7 wp-block-columns-is-layout-flex\">\n<div class=\"wp-block-column is-vertically-aligned-center is-layout-flow wp-block-column-is-layout-flow\">\n<figure class=\"wp-block-image size-large\"><a href=\"https:\/\/reperes-astro.fr\/%77%70%2d%63%6f%6e%74%65%6e%74\/uploads\/2026\/04\/journee-astrodessin-26.jpg\"><img loading=\"lazy\" decoding=\"async\" width=\"1024\" height=\"576\" src=\"https:\/\/reperes-astro.fr\/%77%70%2d%63%6f%6e%74%65%6e%74\/uploads\/2026\/04\/journee-astrodessin-26-1024x576.jpg\" alt=\"\" class=\"wp-image-22787\" srcset=\"https:\/\/reperes-astro.fr\/%77%70%2d%63%6f%6e%74%65%6e%74\/uploads\/2026\/04\/journee-astrodessin-26-1024x576.jpg 1024w, https:\/\/reperes-astro.fr\/%77%70%2d%63%6f%6e%74%65%6e%74\/uploads\/2026\/04\/journee-astrodessin-26-300x169.jpg 300w, https:\/\/reperes-astro.fr\/%77%70%2d%63%6f%6e%74%65%6e%74\/uploads\/2026\/04\/journee-astrodessin-26-768x432.jpg 768w, https:\/\/reperes-astro.fr\/%77%70%2d%63%6f%6e%74%65%6e%74\/uploads\/2026\/04\/journee-astrodessin-26.jpg 1200w\" sizes=\"auto, (max-width: 1024px) 100vw, 1024px\" \/><\/a><\/figure>\n<\/div>\n\n\n\n<div class=\"wp-block-column is-vertically-aligned-center is-layout-flow wp-block-column-is-layout-flow\">\n<figure class=\"wp-block-image size-large\"><a href=\"https:\/\/reperes-astro.fr\/%77%70%2d%63%6f%6e%74%65%6e%74\/uploads\/2026\/04\/journee-astrodessin-27.jpg\"><img loading=\"lazy\" decoding=\"async\" width=\"1024\" height=\"576\" src=\"https:\/\/reperes-astro.fr\/%77%70%2d%63%6f%6e%74%65%6e%74\/uploads\/2026\/04\/journee-astrodessin-27-1024x576.jpg\" alt=\"\" class=\"wp-image-22788\" srcset=\"https:\/\/reperes-astro.fr\/%77%70%2d%63%6f%6e%74%65%6e%74\/uploads\/2026\/04\/journee-astrodessin-27-1024x576.jpg 1024w, https:\/\/reperes-astro.fr\/%77%70%2d%63%6f%6e%74%65%6e%74\/uploads\/2026\/04\/journee-astrodessin-27-300x169.jpg 300w, https:\/\/reperes-astro.fr\/%77%70%2d%63%6f%6e%74%65%6e%74\/uploads\/2026\/04\/journee-astrodessin-27-768x432.jpg 768w, https:\/\/reperes-astro.fr\/%77%70%2d%63%6f%6e%74%65%6e%74\/uploads\/2026\/04\/journee-astrodessin-27.jpg 1200w\" sizes=\"auto, (max-width: 1024px) 100vw, 1024px\" \/><\/a><\/figure>\n<\/div>\n<\/div>\n\n\n\n<p><\/p>\n\n\n\n<div class=\"wp-block-columns are-vertically-aligned-center is-not-stacked-on-mobile is-layout-flex wp-container-core-columns-is-layout-9d6595d7 wp-block-columns-is-layout-flex\">\n<div class=\"wp-block-column is-vertically-aligned-center is-layout-flow wp-block-column-is-layout-flow\">\n<figure class=\"wp-block-image size-large\"><a href=\"https:\/\/reperes-astro.fr\/%77%70%2d%63%6f%6e%74%65%6e%74\/uploads\/2026\/04\/journee-astrodessin-28.jpg\"><img loading=\"lazy\" decoding=\"async\" width=\"1024\" height=\"576\" src=\"https:\/\/reperes-astro.fr\/%77%70%2d%63%6f%6e%74%65%6e%74\/uploads\/2026\/04\/journee-astrodessin-28-1024x576.jpg\" alt=\"Rencontres Astro Dessin \u00e0 l\u2019observatoire\" class=\"wp-image-22789\" srcset=\"https:\/\/reperes-astro.fr\/%77%70%2d%63%6f%6e%74%65%6e%74\/uploads\/2026\/04\/journee-astrodessin-28-1024x576.jpg 1024w, https:\/\/reperes-astro.fr\/%77%70%2d%63%6f%6e%74%65%6e%74\/uploads\/2026\/04\/journee-astrodessin-28-300x169.jpg 300w, https:\/\/reperes-astro.fr\/%77%70%2d%63%6f%6e%74%65%6e%74\/uploads\/2026\/04\/journee-astrodessin-28-768x432.jpg 768w, https:\/\/reperes-astro.fr\/%77%70%2d%63%6f%6e%74%65%6e%74\/uploads\/2026\/04\/journee-astrodessin-28.jpg 1200w\" sizes=\"auto, (max-width: 1024px) 100vw, 1024px\" \/><\/a><\/figure>\n<\/div>\n\n\n\n<div class=\"wp-block-column is-vertically-aligned-center is-layout-flow wp-block-column-is-layout-flow\">\n<figure class=\"wp-block-image size-large\"><a href=\"https:\/\/reperes-astro.fr\/%77%70%2d%63%6f%6e%74%65%6e%74\/uploads\/2026\/04\/journee-astrodessin-29.jpg\"><img loading=\"lazy\" decoding=\"async\" width=\"1024\" height=\"576\" src=\"https:\/\/reperes-astro.fr\/%77%70%2d%63%6f%6e%74%65%6e%74\/uploads\/2026\/04\/journee-astrodessin-29-1024x576.jpg\" alt=\"\" class=\"wp-image-22790\" srcset=\"https:\/\/reperes-astro.fr\/%77%70%2d%63%6f%6e%74%65%6e%74\/uploads\/2026\/04\/journee-astrodessin-29-1024x576.jpg 1024w, https:\/\/reperes-astro.fr\/%77%70%2d%63%6f%6e%74%65%6e%74\/uploads\/2026\/04\/journee-astrodessin-29-300x169.jpg 300w, https:\/\/reperes-astro.fr\/%77%70%2d%63%6f%6e%74%65%6e%74\/uploads\/2026\/04\/journee-astrodessin-29-768x432.jpg 768w, https:\/\/reperes-astro.fr\/%77%70%2d%63%6f%6e%74%65%6e%74\/uploads\/2026\/04\/journee-astrodessin-29.jpg 1200w\" sizes=\"auto, (max-width: 1024px) 100vw, 1024px\" \/><\/a><\/figure>\n<\/div>\n<\/div>\n\n\n\n<p><\/p>\n\n\n\n<p class=\"has-text-color has-link-color wp-elements-be448c718815544a8a9d1278ab3f21ba\" style=\"color:#0a1664\"><strong>Nous esp\u00e9rons que cette journ\u00e9e aura suscit\u00e9 des vocations et donn\u00e9 envie \u00e0 certains de se lancer dans la pratique.<\/strong><\/p>\n\n\n\n<p class=\"has-text-color has-link-color wp-elements-e7f8a76185b498afc4c2071d5cb9997a\" style=\"color:#0a1664\"><strong>Rendez-vous l\u2019ann\u00e9e prochaine pour une nouvelle \u00e9dition !<\/strong><\/p>\n\n\n\n<figure class=\"wp-block-image size-large\"><a href=\"https:\/\/reperes-astro.fr\/%77%70%2d%63%6f%6e%74%65%6e%74\/uploads\/2026\/04\/journee-astrodessin-30.jpg\"><img loading=\"lazy\" decoding=\"async\" width=\"1024\" height=\"768\" src=\"https:\/\/reperes-astro.fr\/%77%70%2d%63%6f%6e%74%65%6e%74\/uploads\/2026\/04\/journee-astrodessin-30-1024x768.jpg\" alt=\"\" class=\"wp-image-22792\" srcset=\"https:\/\/reperes-astro.fr\/%77%70%2d%63%6f%6e%74%65%6e%74\/uploads\/2026\/04\/journee-astrodessin-30-1024x768.jpg 1024w, https:\/\/reperes-astro.fr\/%77%70%2d%63%6f%6e%74%65%6e%74\/uploads\/2026\/04\/journee-astrodessin-30-300x225.jpg 300w, https:\/\/reperes-astro.fr\/%77%70%2d%63%6f%6e%74%65%6e%74\/uploads\/2026\/04\/journee-astrodessin-30-768x576.jpg 768w, https:\/\/reperes-astro.fr\/%77%70%2d%63%6f%6e%74%65%6e%74\/uploads\/2026\/04\/journee-astrodessin-30.jpg 1200w\" sizes=\"auto, (max-width: 1024px) 100vw, 1024px\" \/><\/a><\/figure>\n<div class=\"pvc_clear\"><\/div><p id=\"pvc_stats_22750\" class=\"pvc_stats all  \" data-element-id=\"22750\" style=\"\"><i class=\"pvc-stats-icon medium\" aria-hidden=\"true\"><svg aria-hidden=\"true\" focusable=\"false\" data-prefix=\"far\" data-icon=\"chart-bar\" role=\"img\" xmlns=\"http:\/\/www.w3.org\/2000\/svg\" viewBox=\"0 0 512 512\" class=\"svg-inline--fa fa-chart-bar fa-w-16 fa-2x\"><path fill=\"currentColor\" d=\"M396.8 352h22.4c6.4 0 12.8-6.4 12.8-12.8V108.8c0-6.4-6.4-12.8-12.8-12.8h-22.4c-6.4 0-12.8 6.4-12.8 12.8v230.4c0 6.4 6.4 12.8 12.8 12.8zm-192 0h22.4c6.4 0 12.8-6.4 12.8-12.8V140.8c0-6.4-6.4-12.8-12.8-12.8h-22.4c-6.4 0-12.8 6.4-12.8 12.8v198.4c0 6.4 6.4 12.8 12.8 12.8zm96 0h22.4c6.4 0 12.8-6.4 12.8-12.8V204.8c0-6.4-6.4-12.8-12.8-12.8h-22.4c-6.4 0-12.8 6.4-12.8 12.8v134.4c0 6.4 6.4 12.8 12.8 12.8zM496 400H48V80c0-8.84-7.16-16-16-16H16C7.16 64 0 71.16 0 80v336c0 17.67 14.33 32 32 32h464c8.84 0 16-7.16 16-16v-16c0-8.84-7.16-16-16-16zm-387.2-48h22.4c6.4 0 12.8-6.4 12.8-12.8v-70.4c0-6.4-6.4-12.8-12.8-12.8h-22.4c-6.4 0-12.8 6.4-12.8 12.8v70.4c0 6.4 6.4 12.8 12.8 12.8z\" class=\"\"><\/path><\/svg><\/i> <img loading=\"lazy\" decoding=\"async\" width=\"16\" height=\"16\" alt=\"Loading\" src=\"https:\/\/reperes-astro.fr\/%77%70%2d%63%6f%6e%74%65%6e%74\/plugins\/page-views-count\/ajax-loader-2x.gif\" border=0 \/><\/p><div class=\"pvc_clear\"><\/div>","protected":false},"excerpt":{"rendered":"<p>Le samedi 25 avril se sont d\u00e9roul\u00e9es les premi\u00e8res Rencontres Astro Dessin \u00e0 l\u2019observatoire, avec l\u2019envie de favoriser les \u00e9changes entre&#46;&#46;&#46;<\/p>\n<div class=\"pvc_clear\"><\/div>\n<p id=\"pvc_stats_22750\" class=\"pvc_stats all  \" data-element-id=\"22750\" style=\"\"><i class=\"pvc-stats-icon medium\" aria-hidden=\"true\"><svg aria-hidden=\"true\" focusable=\"false\" data-prefix=\"far\" data-icon=\"chart-bar\" role=\"img\" xmlns=\"http:\/\/www.w3.org\/2000\/svg\" viewBox=\"0 0 512 512\" class=\"svg-inline--fa fa-chart-bar fa-w-16 fa-2x\"><path fill=\"currentColor\" d=\"M396.8 352h22.4c6.4 0 12.8-6.4 12.8-12.8V108.8c0-6.4-6.4-12.8-12.8-12.8h-22.4c-6.4 0-12.8 6.4-12.8 12.8v230.4c0 6.4 6.4 12.8 12.8 12.8zm-192 0h22.4c6.4 0 12.8-6.4 12.8-12.8V140.8c0-6.4-6.4-12.8-12.8-12.8h-22.4c-6.4 0-12.8 6.4-12.8 12.8v198.4c0 6.4 6.4 12.8 12.8 12.8zm96 0h22.4c6.4 0 12.8-6.4 12.8-12.8V204.8c0-6.4-6.4-12.8-12.8-12.8h-22.4c-6.4 0-12.8 6.4-12.8 12.8v134.4c0 6.4 6.4 12.8 12.8 12.8zM496 400H48V80c0-8.84-7.16-16-16-16H16C7.16 64 0 71.16 0 80v336c0 17.67 14.33 32 32 32h464c8.84 0 16-7.16 16-16v-16c0-8.84-7.16-16-16-16zm-387.2-48h22.4c6.4 0 12.8-6.4 12.8-12.8v-70.4c0-6.4-6.4-12.8-12.8-12.8h-22.4c-6.4 0-12.8 6.4-12.8 12.8v70.4c0 6.4 6.4 12.8 12.8 12.8z\" class=\"\"><\/path><\/svg><\/i> <img loading=\"lazy\" decoding=\"async\" width=\"16\" height=\"16\" alt=\"Loading\" src=\"https:\/\/reperes-astro.fr\/%77%70%2d%63%6f%6e%74%65%6e%74\/plugins\/page-views-count\/ajax-loader-2x.gif\" border=0 \/><\/p>\n<div class=\"pvc_clear\"><\/div>\n","protected":false},"author":6,"featured_media":22792,"comment_status":"closed","ping_status":"closed","sticky":false,"template":"","format":"standard","meta":{"footnotes":""},"categories":[16,6],"tags":[],"class_list":["post-22750","post","type-post","status-publish","format-standard","has-post-thumbnail","hentry","category-actualites","category-vie-de-lassociation"],"a3_pvc":{"activated":true,"total_views":24,"today_views":24},"yoast_head":"<title>Rencontres Astro Dessin \u00e0 l\u2019observatoire - Rep\u00e8res Astro<\/title>\n<meta name=\"description\" content=\"Le samedi 25 avril se sont d\u00e9roul\u00e9es les premi\u00e8res Rencontres Astro Dessin \u00e0 l\u2019observatoire, avec l\u2019envie de favoriser les \u00e9changes\u2026\" \/>\n<meta name=\"robots\" content=\"index, follow, max-snippet:-1, max-image-preview:large, max-video-preview:-1\" \/>\n<link rel=\"canonical\" href=\"https:\/\/reperes-astro.fr\/rencontres-astro-dessin-a-lobservatoire\/\" \/>\n<meta property=\"og:locale\" content=\"fr_FR\" \/>\n<meta property=\"og:type\" content=\"article\" \/>\n<meta property=\"og:title\" content=\"Rencontres Astro Dessin \u00e0 l\u2019observatoire - Rep\u00e8res Astro\" \/>\n<meta property=\"og:description\" content=\"Le samedi 25 avril se sont d\u00e9roul\u00e9es les premi\u00e8res Rencontres Astro Dessin \u00e0 l\u2019observatoire, avec l\u2019envie de favoriser les \u00e9changes\u2026\" \/>\n<meta property=\"og:url\" content=\"https:\/\/reperes-astro.fr\/rencontres-astro-dessin-a-lobservatoire\/\" \/>\n<meta property=\"og:site_name\" content=\"Rep\u00e8res Astro\" \/>\n<meta property=\"article:publisher\" content=\"https:\/\/www.facebook.com\/AssoReperesAstro\/?locale=fr_FRrplanetarium\" \/>\n<meta property=\"article:published_time\" content=\"2026-04-29T15:01:32+00:00\" \/>\n<meta property=\"article:modified_time\" content=\"2026-04-29T15:23:57+00:00\" \/>\n<meta property=\"og:image\" content=\"https:\/\/reperes-astro.fr\/%77%70%2d%63%6f%6e%74%65%6e%74\/uploads\/2026\/04\/journee-astrodessin-30.jpg\" \/>\n\t<meta property=\"og:image:width\" content=\"1200\" \/>\n\t<meta property=\"og:image:height\" content=\"900\" \/>\n\t<meta property=\"og:image:type\" content=\"image\/jpeg\" \/>\n<meta name=\"author\" content=\"Maxence Delmotte\" \/>\n<meta name=\"twitter:card\" content=\"summary_large_image\" \/>\n<meta name=\"twitter:label1\" content=\"\u00c9crit par\" \/>\n\t<meta name=\"twitter:data1\" content=\"Maxence Delmotte\" \/>\n\t<meta name=\"twitter:label2\" content=\"Dur\u00e9e de lecture estim\u00e9e\" \/>\n\t<meta name=\"twitter:data2\" content=\"4 minutes\" \/>\n<script type=\"application\/ld+json\" class=\"yoast-schema-graph\">{\"@context\":\"https:\\\/\\\/schema.org\",\"@graph\":[{\"@type\":\"Article\",\"@id\":\"https:\\\/\\\/reperes-astro.fr\\\/rencontres-astro-dessin-a-lobservatoire\\\/#article\",\"isPartOf\":{\"@id\":\"https:\\\/\\\/reperes-astro.fr\\\/rencontres-astro-dessin-a-lobservatoire\\\/\"},\"author\":{\"name\":\"Maxence Delmotte\",\"@id\":\"https:\\\/\\\/reperes-astro.fr\\\/#\\\/schema\\\/person\\\/f5b58eaefe61da413bd91263498f00f4\"},\"headline\":\"Rencontres Astro Dessin \u00e0 l\u2019observatoire\",\"datePublished\":\"2026-04-29T15:01:32+00:00\",\"dateModified\":\"2026-04-29T15:23:57+00:00\",\"mainEntityOfPage\":{\"@id\":\"https:\\\/\\\/reperes-astro.fr\\\/rencontres-astro-dessin-a-lobservatoire\\\/\"},\"wordCount\":742,\"publisher\":{\"@id\":\"https:\\\/\\\/reperes-astro.fr\\\/#organization\"},\"image\":{\"@id\":\"https:\\\/\\\/reperes-astro.fr\\\/rencontres-astro-dessin-a-lobservatoire\\\/#primaryimage\"},\"thumbnailUrl\":\"https:\\\/\\\/reperes-astro.fr\\\/%77%70%2d%63%6f%6e%74%65%6e%74\\\/uploads\\\/2026\\\/04\\\/journee-astrodessin-30.jpg\",\"articleSection\":[\"Actualit\u00e9s\",\"Vie de l'association\"],\"inLanguage\":\"fr-FR\"},{\"@type\":\"WebPage\",\"@id\":\"https:\\\/\\\/reperes-astro.fr\\\/rencontres-astro-dessin-a-lobservatoire\\\/\",\"url\":\"https:\\\/\\\/reperes-astro.fr\\\/rencontres-astro-dessin-a-lobservatoire\\\/\",\"name\":\"Rencontres Astro Dessin \u00e0 l\u2019observatoire - Rep\u00e8res Astro\",\"isPartOf\":{\"@id\":\"https:\\\/\\\/reperes-astro.fr\\\/#website\"},\"primaryImageOfPage\":{\"@id\":\"https:\\\/\\\/reperes-astro.fr\\\/rencontres-astro-dessin-a-lobservatoire\\\/#primaryimage\"},\"image\":{\"@id\":\"https:\\\/\\\/reperes-astro.fr\\\/rencontres-astro-dessin-a-lobservatoire\\\/#primaryimage\"},\"thumbnailUrl\":\"https:\\\/\\\/reperes-astro.fr\\\/%77%70%2d%63%6f%6e%74%65%6e%74\\\/uploads\\\/2026\\\/04\\\/journee-astrodessin-30.jpg\",\"datePublished\":\"2026-04-29T15:01:32+00:00\",\"dateModified\":\"2026-04-29T15:23:57+00:00\",\"description\":\"Le samedi 25 avril se sont d\u00e9roul\u00e9es les premi\u00e8res Rencontres Astro Dessin \u00e0 l\u2019observatoire, avec l\u2019envie de favoriser les \u00e9changes\u2026\",\"breadcrumb\":{\"@id\":\"https:\\\/\\\/reperes-astro.fr\\\/rencontres-astro-dessin-a-lobservatoire\\\/#breadcrumb\"},\"inLanguage\":\"fr-FR\",\"potentialAction\":[{\"@type\":\"ReadAction\",\"target\":[\"https:\\\/\\\/reperes-astro.fr\\\/rencontres-astro-dessin-a-lobservatoire\\\/\"]}]},{\"@type\":\"ImageObject\",\"inLanguage\":\"fr-FR\",\"@id\":\"https:\\\/\\\/reperes-astro.fr\\\/rencontres-astro-dessin-a-lobservatoire\\\/#primaryimage\",\"url\":\"https:\\\/\\\/reperes-astro.fr\\\/%77%70%2d%63%6f%6e%74%65%6e%74\\\/uploads\\\/2026\\\/04\\\/journee-astrodessin-30.jpg\",\"contentUrl\":\"https:\\\/\\\/reperes-astro.fr\\\/%77%70%2d%63%6f%6e%74%65%6e%74\\\/uploads\\\/2026\\\/04\\\/journee-astrodessin-30.jpg\",\"width\":1200,\"height\":900},{\"@type\":\"BreadcrumbList\",\"@id\":\"https:\\\/\\\/reperes-astro.fr\\\/rencontres-astro-dessin-a-lobservatoire\\\/#breadcrumb\",\"itemListElement\":[{\"@type\":\"ListItem\",\"position\":1,\"name\":\"Accueil\",\"item\":\"https:\\\/\\\/reperes-astro.fr\\\/\"},{\"@type\":\"ListItem\",\"position\":2,\"name\":\"Rencontres Astro Dessin \u00e0 l\u2019observatoire\"}]},{\"@type\":\"WebSite\",\"@id\":\"https:\\\/\\\/reperes-astro.fr\\\/#website\",\"url\":\"https:\\\/\\\/reperes-astro.fr\\\/\",\"name\":\"Rep\u00e8res Astro\",\"description\":\"&quot;Heureux soient les f\u00eal\u00e9s, car ils laisseront passer la lumi\u00e8re.&quot; Michel Audiard\",\"publisher\":{\"@id\":\"https:\\\/\\\/reperes-astro.fr\\\/#organization\"},\"potentialAction\":[{\"@type\":\"SearchAction\",\"target\":{\"@type\":\"EntryPoint\",\"urlTemplate\":\"https:\\\/\\\/reperes-astro.fr\\\/?s={search_term_string}\"},\"query-input\":{\"@type\":\"PropertyValueSpecification\",\"valueRequired\":true,\"valueName\":\"search_term_string\"}}],\"inLanguage\":\"fr-FR\"},{\"@type\":\"Organization\",\"@id\":\"https:\\\/\\\/reperes-astro.fr\\\/#organization\",\"name\":\"Rep\u00e8res Astro\",\"url\":\"https:\\\/\\\/reperes-astro.fr\\\/\",\"logo\":{\"@type\":\"ImageObject\",\"inLanguage\":\"fr-FR\",\"@id\":\"https:\\\/\\\/reperes-astro.fr\\\/#\\\/schema\\\/logo\\\/image\\\/\",\"url\":\"https:\\\/\\\/reperes-astro.fr\\\/%77%70%2d%63%6f%6e%74%65%6e%74\\\/uploads\\\/2014\\\/01\\\/logo-reperes1.jpg\",\"contentUrl\":\"https:\\\/\\\/reperes-astro.fr\\\/%77%70%2d%63%6f%6e%74%65%6e%74\\\/uploads\\\/2014\\\/01\\\/logo-reperes1.jpg\",\"width\":510,\"height\":510,\"caption\":\"Rep\u00e8res Astro\"},\"image\":{\"@id\":\"https:\\\/\\\/reperes-astro.fr\\\/#\\\/schema\\\/logo\\\/image\\\/\"},\"sameAs\":[\"https:\\\/\\\/www.facebook.com\\\/AssoReperesAstro\\\/?locale=fr_FRrplanetarium\"]},{\"@type\":\"Person\",\"@id\":\"https:\\\/\\\/reperes-astro.fr\\\/#\\\/schema\\\/person\\\/f5b58eaefe61da413bd91263498f00f4\",\"name\":\"Maxence Delmotte\",\"url\":\"https:\\\/\\\/reperes-astro.fr\\\/author\\\/maxence\\\/\"}]}<\/script>","yoast_head_json":{"title":"Rencontres Astro Dessin \u00e0 l\u2019observatoire - Rep\u00e8res Astro","description":"Le samedi 25 avril se sont d\u00e9roul\u00e9es les premi\u00e8res Rencontres Astro Dessin \u00e0 l\u2019observatoire, avec l\u2019envie de favoriser les \u00e9changes\u2026","robots":{"index":"index","follow":"follow","max-snippet":"max-snippet:-1","max-image-preview":"max-image-preview:large","max-video-preview":"max-video-preview:-1"},"canonical":"https:\/\/reperes-astro.fr\/rencontres-astro-dessin-a-lobservatoire\/","og_locale":"fr_FR","og_type":"article","og_title":"Rencontres Astro Dessin \u00e0 l\u2019observatoire - Rep\u00e8res Astro","og_description":"Le samedi 25 avril se sont d\u00e9roul\u00e9es les premi\u00e8res Rencontres Astro Dessin \u00e0 l\u2019observatoire, avec l\u2019envie de favoriser les \u00e9changes\u2026","og_url":"https:\/\/reperes-astro.fr\/rencontres-astro-dessin-a-lobservatoire\/","og_site_name":"Rep\u00e8res Astro","article_publisher":"https:\/\/www.facebook.com\/AssoReperesAstro\/?locale=fr_FRrplanetarium","article_published_time":"2026-04-29T15:01:32+00:00","article_modified_time":"2026-04-29T15:23:57+00:00","og_image":[{"width":1200,"height":900,"url":"https:\/\/reperes-astro.fr\/%77%70%2d%63%6f%6e%74%65%6e%74\/uploads\/2026\/04\/journee-astrodessin-30.jpg","type":"image\/jpeg"}],"author":"Maxence Delmotte","twitter_card":"summary_large_image","twitter_misc":{"\u00c9crit par":"Maxence Delmotte","Dur\u00e9e de lecture estim\u00e9e":"4 minutes"},"schema":{"@context":"https:\/\/schema.org","@graph":[{"@type":"Article","@id":"https:\/\/reperes-astro.fr\/rencontres-astro-dessin-a-lobservatoire\/#article","isPartOf":{"@id":"https:\/\/reperes-astro.fr\/rencontres-astro-dessin-a-lobservatoire\/"},"author":{"name":"Maxence Delmotte","@id":"https:\/\/reperes-astro.fr\/#\/schema\/person\/f5b58eaefe61da413bd91263498f00f4"},"headline":"Rencontres Astro Dessin \u00e0 l\u2019observatoire","datePublished":"2026-04-29T15:01:32+00:00","dateModified":"2026-04-29T15:23:57+00:00","mainEntityOfPage":{"@id":"https:\/\/reperes-astro.fr\/rencontres-astro-dessin-a-lobservatoire\/"},"wordCount":742,"publisher":{"@id":"https:\/\/reperes-astro.fr\/#organization"},"image":{"@id":"https:\/\/reperes-astro.fr\/rencontres-astro-dessin-a-lobservatoire\/#primaryimage"},"thumbnailUrl":"https:\/\/reperes-astro.fr\/%77%70%2d%63%6f%6e%74%65%6e%74\/uploads\/2026\/04\/journee-astrodessin-30.jpg","articleSection":["Actualit\u00e9s","Vie de l'association"],"inLanguage":"fr-FR"},{"@type":"WebPage","@id":"https:\/\/reperes-astro.fr\/rencontres-astro-dessin-a-lobservatoire\/","url":"https:\/\/reperes-astro.fr\/rencontres-astro-dessin-a-lobservatoire\/","name":"Rencontres Astro Dessin \u00e0 l\u2019observatoire - Rep\u00e8res Astro","isPartOf":{"@id":"https:\/\/reperes-astro.fr\/#website"},"primaryImageOfPage":{"@id":"https:\/\/reperes-astro.fr\/rencontres-astro-dessin-a-lobservatoire\/#primaryimage"},"image":{"@id":"https:\/\/reperes-astro.fr\/rencontres-astro-dessin-a-lobservatoire\/#primaryimage"},"thumbnailUrl":"https:\/\/reperes-astro.fr\/%77%70%2d%63%6f%6e%74%65%6e%74\/uploads\/2026\/04\/journee-astrodessin-30.jpg","datePublished":"2026-04-29T15:01:32+00:00","dateModified":"2026-04-29T15:23:57+00:00","description":"Le samedi 25 avril se sont d\u00e9roul\u00e9es les premi\u00e8res Rencontres Astro Dessin \u00e0 l\u2019observatoire, avec l\u2019envie de favoriser les \u00e9changes\u2026","breadcrumb":{"@id":"https:\/\/reperes-astro.fr\/rencontres-astro-dessin-a-lobservatoire\/#breadcrumb"},"inLanguage":"fr-FR","potentialAction":[{"@type":"ReadAction","target":["https:\/\/reperes-astro.fr\/rencontres-astro-dessin-a-lobservatoire\/"]}]},{"@type":"ImageObject","inLanguage":"fr-FR","@id":"https:\/\/reperes-astro.fr\/rencontres-astro-dessin-a-lobservatoire\/#primaryimage","url":"https:\/\/reperes-astro.fr\/%77%70%2d%63%6f%6e%74%65%6e%74\/uploads\/2026\/04\/journee-astrodessin-30.jpg","contentUrl":"https:\/\/reperes-astro.fr\/%77%70%2d%63%6f%6e%74%65%6e%74\/uploads\/2026\/04\/journee-astrodessin-30.jpg","width":1200,"height":900},{"@type":"BreadcrumbList","@id":"https:\/\/reperes-astro.fr\/rencontres-astro-dessin-a-lobservatoire\/#breadcrumb","itemListElement":[{"@type":"ListItem","position":1,"name":"Accueil","item":"https:\/\/reperes-astro.fr\/"},{"@type":"ListItem","position":2,"name":"Rencontres Astro Dessin \u00e0 l\u2019observatoire"}]},{"@type":"WebSite","@id":"https:\/\/reperes-astro.fr\/#website","url":"https:\/\/reperes-astro.fr\/","name":"Rep\u00e8res Astro","description":"&quot;Heureux soient les f\u00eal\u00e9s, car ils laisseront passer la lumi\u00e8re.&quot; Michel Audiard","publisher":{"@id":"https:\/\/reperes-astro.fr\/#organization"},"potentialAction":[{"@type":"SearchAction","target":{"@type":"EntryPoint","urlTemplate":"https:\/\/reperes-astro.fr\/?s={search_term_string}"},"query-input":{"@type":"PropertyValueSpecification","valueRequired":true,"valueName":"search_term_string"}}],"inLanguage":"fr-FR"},{"@type":"Organization","@id":"https:\/\/reperes-astro.fr\/#organization","name":"Rep\u00e8res Astro","url":"https:\/\/reperes-astro.fr\/","logo":{"@type":"ImageObject","inLanguage":"fr-FR","@id":"https:\/\/reperes-astro.fr\/#\/schema\/logo\/image\/","url":"https:\/\/reperes-astro.fr\/%77%70%2d%63%6f%6e%74%65%6e%74\/uploads\/2014\/01\/logo-reperes1.jpg","contentUrl":"https:\/\/reperes-astro.fr\/%77%70%2d%63%6f%6e%74%65%6e%74\/uploads\/2014\/01\/logo-reperes1.jpg","width":510,"height":510,"caption":"Rep\u00e8res Astro"},"image":{"@id":"https:\/\/reperes-astro.fr\/#\/schema\/logo\/image\/"},"sameAs":["https:\/\/www.facebook.com\/AssoReperesAstro\/?locale=fr_FRrplanetarium"]},{"@type":"Person","@id":"https:\/\/reperes-astro.fr\/#\/schema\/person\/f5b58eaefe61da413bd91263498f00f4","name":"Maxence Delmotte","url":"https:\/\/reperes-astro.fr\/author\/maxence\/"}]}},"_links":{"self":[{"href":"https:\/\/reperes-astro.fr\/%77%70%2d%6a%73%6f%6e\/wp\/v2\/posts\/22750","targetHints":{"allow":["GET"]}}],"collection":[{"href":"https:\/\/reperes-astro.fr\/%77%70%2d%6a%73%6f%6e\/wp\/v2\/posts"}],"about":[{"href":"https:\/\/reperes-astro.fr\/%77%70%2d%6a%73%6f%6e\/wp\/v2\/types\/post"}],"author":[{"embeddable":true,"href":"https:\/\/reperes-astro.fr\/%77%70%2d%6a%73%6f%6e\/wp\/v2\/users\/6"}],"replies":[{"embeddable":true,"href":"https:\/\/reperes-astro.fr\/%77%70%2d%6a%73%6f%6e\/wp\/v2\/comments?post=22750"}],"version-history":[{"count":5,"href":"https:\/\/reperes-astro.fr\/%77%70%2d%6a%73%6f%6e\/wp\/v2\/posts\/22750\/revisions"}],"predecessor-version":[{"id":22794,"href":"https:\/\/reperes-astro.fr\/%77%70%2d%6a%73%6f%6e\/wp\/v2\/posts\/22750\/revisions\/22794"}],"wp:featuredmedia":[{"embeddable":true,"href":"https:\/\/reperes-astro.fr\/%77%70%2d%6a%73%6f%6e\/wp\/v2\/media\/22792"}],"wp:attachment":[{"href":"https:\/\/reperes-astro.fr\/%77%70%2d%6a%73%6f%6e\/wp\/v2\/media?parent=22750"}],"wp:term":[{"taxonomy":"category","embeddable":true,"href":"https:\/\/reperes-astro.fr\/%77%70%2d%6a%73%6f%6e\/wp\/v2\/categories?post=22750"},{"taxonomy":"post_tag","embeddable":true,"href":"https:\/\/reperes-astro.fr\/%77%70%2d%6a%73%6f%6e\/wp\/v2\/tags?post=22750"}],"curies":[{"name":"wp","href":"https:\/\/api.w.org\/{rel}","templated":true}]}}