{"id":23905,"date":"2026-09-05T14:40:07","date_gmt":"2026-09-05T12:40:07","guid":{"rendered":"https:\/\/reperes-astro.fr\/?p=23905"},"modified":"2026-09-05T14:40:09","modified_gmt":"2026-09-05T12:40:09","slug":"retour-sur-la-nuit-des-etoiles-2026-et-leclipse-solaire-partielle","status":"publish","type":"post","link":"https:\/\/reperes-astro.fr\/retour-sur-la-nuit-des-etoiles-2026-et-leclipse-solaire-partielle\/","title":{"rendered":"Retour sur la Nuit des Etoiles 2026 et l&rsquo;\u00e9clipse solaire partielle"},"content":{"rendered":"\n<p class=\"wp-block-paragraph\">Retour sur la Nuit des Etoiles 2026 qui s&rsquo;est d\u00e9roul\u00e9e, avec en prime un \u00e9v\u00e9nement exceptionnel : une \u00e9clipse de soleil partielle, observable \u00e0 plus de 90 % depuis la France m\u00e9tropolitaine ! Dans cet article, nous revenons sur les pr\u00e9paratifs de ces deux journ\u00e9es et sur leur d\u00e9roul\u00e9.<\/p>\n\n\n\n<div class=\"wp-block-columns are-vertically-aligned-center is-not-stacked-on-mobile is-layout-flex wp-container-core-columns-is-layout-8f761849 wp-block-columns-is-layout-flex\">\n<div class=\"wp-block-column is-vertically-aligned-center is-layout-flow wp-block-column-is-layout-flow\" style=\"flex-basis:25%\"><\/div>\n\n\n\n<div class=\"wp-block-column is-vertically-aligned-center is-layout-flow wp-block-column-is-layout-flow\" style=\"flex-basis:50%\">\n<hr class=\"wp-block-separator has-alpha-channel-opacity\"\/>\n<\/div>\n\n\n\n<div class=\"wp-block-column is-vertically-aligned-center is-layout-flow wp-block-column-is-layout-flow\" style=\"flex-basis:25%\"><\/div>\n<\/div>\n\n\n\n<h2 class=\"wp-block-heading has-medium-font-size\"><strong>Des semaines de pr\u00e9paration<\/strong><\/h2>\n\n\n\n<p class=\"wp-block-paragraph\">L&rsquo;organisation d&rsquo;un tel \u00e9v\u00e9nement repose sur une large mobilisation des b\u00e9n\u00e9voles, plusieurs semaines avant le jour J. Il a fallu pr\u00e9parer les supports de communication, concevoir les ateliers et animations des deux journ\u00e9es, puis lister, pr\u00e9parer et acheminer sur place tout le mat\u00e9riel n\u00e9cessaire.<\/p>\n\n\n\n<p class=\"wp-block-paragraph\">Le 1er ao\u00fbt, une dizaine de b\u00e9n\u00e9voles de l&rsquo;association se sont r\u00e9unis pour rassembler l&rsquo;ensemble du mat\u00e9riel n\u00e9cessaire \u00e0 la bonne tenue de l&rsquo;\u00e9v\u00e9nement et \u00e0 l&rsquo;accueil du public. Le camion de l&rsquo;association a \u00e9t\u00e9 rempli \u00e0 ras bord, tout comme une remorque, afin d&rsquo;amener sur place barnums, mat\u00e9riel d&rsquo;accueil, mat\u00e9riel p\u00e9dagogique et expositions.<\/p>\n\n\n\n<div class=\"wp-block-columns are-vertically-aligned-center is-not-stacked-on-mobile is-layout-flex wp-container-core-columns-is-layout-8f761849 wp-block-columns-is-layout-flex\">\n<div class=\"wp-block-column is-vertically-aligned-center is-layout-flow wp-block-column-is-layout-flow\">\n<figure class=\"wp-block-image size-full\"><a href=\"https:\/\/reperes-astro.fr\/%77%70%2d%63%6f%6e%74%65%6e%74\/uploads\/2026\/09\/jumpy_nde_2026-1.jpg\"><img loading=\"lazy\" decoding=\"async\" width=\"750\" height=\"1000\" src=\"https:\/\/reperes-astro.fr\/%77%70%2d%63%6f%6e%74%65%6e%74\/uploads\/2026\/09\/jumpy_nde_2026-1.jpg\" alt=\"\" class=\"wp-image-23907\" srcset=\"https:\/\/reperes-astro.fr\/%77%70%2d%63%6f%6e%74%65%6e%74\/uploads\/2026\/09\/jumpy_nde_2026-1.jpg 750w, https:\/\/reperes-astro.fr\/%77%70%2d%63%6f%6e%74%65%6e%74\/uploads\/2026\/09\/jumpy_nde_2026-1-225x300.jpg 225w\" sizes=\"auto, (max-width: 750px) 100vw, 750px\" \/><\/a><\/figure>\n<\/div>\n\n\n\n<div class=\"wp-block-column is-vertically-aligned-center is-layout-flow wp-block-column-is-layout-flow\">\n<figure class=\"wp-block-image size-full\"><a href=\"https:\/\/reperes-astro.fr\/%77%70%2d%63%6f%6e%74%65%6e%74\/uploads\/2026\/09\/jumpy_nde_2026-2.jpg\"><img loading=\"lazy\" decoding=\"async\" width=\"750\" height=\"1000\" src=\"https:\/\/reperes-astro.fr\/%77%70%2d%63%6f%6e%74%65%6e%74\/uploads\/2026\/09\/jumpy_nde_2026-2.jpg\" alt=\"\" class=\"wp-image-23908\" srcset=\"https:\/\/reperes-astro.fr\/%77%70%2d%63%6f%6e%74%65%6e%74\/uploads\/2026\/09\/jumpy_nde_2026-2.jpg 750w, https:\/\/reperes-astro.fr\/%77%70%2d%63%6f%6e%74%65%6e%74\/uploads\/2026\/09\/jumpy_nde_2026-2-225x300.jpg 225w\" sizes=\"auto, (max-width: 750px) 100vw, 750px\" \/><\/a><\/figure>\n<\/div>\n<\/div>\n\n\n\n<div class=\"wp-block-columns are-vertically-aligned-center is-not-stacked-on-mobile is-layout-flex wp-container-core-columns-is-layout-8f761849 wp-block-columns-is-layout-flex\">\n<div class=\"wp-block-column is-vertically-aligned-center is-layout-flow wp-block-column-is-layout-flow\" style=\"flex-basis:25%\"><\/div>\n\n\n\n<div class=\"wp-block-column is-vertically-aligned-center is-layout-flow wp-block-column-is-layout-flow\" style=\"flex-basis:50%\">\n<hr class=\"wp-block-separator has-alpha-channel-opacity\"\/>\n<\/div>\n\n\n\n<div class=\"wp-block-column is-vertically-aligned-center is-layout-flow wp-block-column-is-layout-flow\" style=\"flex-basis:25%\"><\/div>\n<\/div>\n\n\n<div class=\"wp-block-image\">\n<figure class=\"alignleft size-medium is-resized\"><a href=\"https:\/\/reperes-astro.fr\/%77%70%2d%63%6f%6e%74%65%6e%74\/uploads\/2025\/05\/logo-esserres.jpg\"><img loading=\"lazy\" decoding=\"async\" width=\"300\" height=\"122\" src=\"https:\/\/reperes-astro.fr\/%77%70%2d%63%6f%6e%74%65%6e%74\/uploads\/2025\/05\/logo-esserres-300x122.jpg\" alt=\"\" class=\"wp-image-19656\" style=\"width:181px;height:auto\" srcset=\"https:\/\/reperes-astro.fr\/%77%70%2d%63%6f%6e%74%65%6e%74\/uploads\/2025\/05\/logo-esserres-300x122.jpg 300w, https:\/\/reperes-astro.fr\/%77%70%2d%63%6f%6e%74%65%6e%74\/uploads\/2025\/05\/logo-esserres-1024x416.jpg 1024w, https:\/\/reperes-astro.fr\/%77%70%2d%63%6f%6e%74%65%6e%74\/uploads\/2025\/05\/logo-esserres-768x312.jpg 768w, https:\/\/reperes-astro.fr\/%77%70%2d%63%6f%6e%74%65%6e%74\/uploads\/2025\/05\/logo-esserres.jpg 1467w\" sizes=\"auto, (max-width: 300px) 100vw, 300px\" \/><\/a><\/figure>\n<\/div>\n\n\n<p class=\"wp-block-paragraph\">Ce mat\u00e9riel a permis d&rsquo;habiller et de d\u00e9corer le lieu pour accueillir les visiteurs bien avant l&rsquo;apparition des premi\u00e8res \u00e9toiles. La bonne entente avec les b\u00e9n\u00e9voles des Esserres nous a permis de cr\u00e9er un lieu convivial, avec de nombreuses activit\u00e9s vari\u00e9es et compl\u00e9mentaires, dont des expositions artistiques.<\/p>\n\n\n<div class=\"wp-block-image\">\n<figure class=\"aligncenter size-full\"><a href=\"https:\/\/reperes-astro.fr\/%77%70%2d%63%6f%6e%74%65%6e%74\/uploads\/2026\/07\/PHOTO-2026-08-01-16-47-23.jpg\"><img loading=\"lazy\" decoding=\"async\" width=\"640\" height=\"640\" src=\"https:\/\/reperes-astro.fr\/%77%70%2d%63%6f%6e%74%65%6e%74\/uploads\/2026\/07\/PHOTO-2026-08-01-16-47-23.jpg\" alt=\"\" class=\"wp-image-23668\" srcset=\"https:\/\/reperes-astro.fr\/%77%70%2d%63%6f%6e%74%65%6e%74\/uploads\/2026\/07\/PHOTO-2026-08-01-16-47-23.jpg 640w, https:\/\/reperes-astro.fr\/%77%70%2d%63%6f%6e%74%65%6e%74\/uploads\/2026\/07\/PHOTO-2026-08-01-16-47-23-300x300.jpg 300w, https:\/\/reperes-astro.fr\/%77%70%2d%63%6f%6e%74%65%6e%74\/uploads\/2026\/07\/PHOTO-2026-08-01-16-47-23-150x150.jpg 150w, https:\/\/reperes-astro.fr\/%77%70%2d%63%6f%6e%74%65%6e%74\/uploads\/2026\/07\/PHOTO-2026-08-01-16-47-23-80x80.jpg 80w, https:\/\/reperes-astro.fr\/%77%70%2d%63%6f%6e%74%65%6e%74\/uploads\/2026\/07\/PHOTO-2026-08-01-16-47-23-320x320.jpg 320w\" sizes=\"auto, (max-width: 640px) 100vw, 640px\" \/><\/a><\/figure>\n<\/div>\n\n\n<p class=\"wp-block-paragraph\"><\/p>\n\n\n\n<figure class=\"wp-block-image size-large\"><a href=\"https:\/\/reperes-astro.fr\/%77%70%2d%63%6f%6e%74%65%6e%74\/uploads\/2026\/07\/WhatsApp-Image-2026-08-08-at-15.12.41.jpeg\"><img loading=\"lazy\" decoding=\"async\" width=\"1024\" height=\"768\" src=\"https:\/\/reperes-astro.fr\/%77%70%2d%63%6f%6e%74%65%6e%74\/uploads\/2026\/07\/WhatsApp-Image-2026-08-08-at-15.12.41-1024x768.jpeg\" alt=\"\" class=\"wp-image-23733\" srcset=\"https:\/\/reperes-astro.fr\/%77%70%2d%63%6f%6e%74%65%6e%74\/uploads\/2026\/07\/WhatsApp-Image-2026-08-08-at-15.12.41-1024x768.jpeg 1024w, https:\/\/reperes-astro.fr\/%77%70%2d%63%6f%6e%74%65%6e%74\/uploads\/2026\/07\/WhatsApp-Image-2026-08-08-at-15.12.41-300x225.jpeg 300w, https:\/\/reperes-astro.fr\/%77%70%2d%63%6f%6e%74%65%6e%74\/uploads\/2026\/07\/WhatsApp-Image-2026-08-08-at-15.12.41-768x576.jpeg 768w, https:\/\/reperes-astro.fr\/%77%70%2d%63%6f%6e%74%65%6e%74\/uploads\/2026\/07\/WhatsApp-Image-2026-08-08-at-15.12.41-1536x1152.jpeg 1536w, https:\/\/reperes-astro.fr\/%77%70%2d%63%6f%6e%74%65%6e%74\/uploads\/2026\/07\/WhatsApp-Image-2026-08-08-at-15.12.41.jpeg 2000w\" sizes=\"auto, (max-width: 1024px) 100vw, 1024px\" \/><\/a><\/figure>\n\n\n\n<p class=\"wp-block-paragraph\"><\/p>\n\n\n\n<div class=\"wp-block-columns are-vertically-aligned-center is-not-stacked-on-mobile is-layout-flex wp-container-core-columns-is-layout-8f761849 wp-block-columns-is-layout-flex\">\n<div class=\"wp-block-column is-vertically-aligned-center is-layout-flow wp-block-column-is-layout-flow\" style=\"flex-basis:25%\"><\/div>\n\n\n\n<div class=\"wp-block-column is-vertically-aligned-center is-layout-flow wp-block-column-is-layout-flow\" style=\"flex-basis:50%\">\n<hr class=\"wp-block-separator has-alpha-channel-opacity\"\/>\n<\/div>\n\n\n\n<div class=\"wp-block-column is-vertically-aligned-center is-layout-flow wp-block-column-is-layout-flow\" style=\"flex-basis:25%\"><\/div>\n<\/div>\n\n\n\n<h2 class=\"wp-block-heading has-medium-font-size\"><strong>La Nuit des \u00e9toiles<\/strong><\/h2>\n\n\n<div class=\"wp-block-image\">\n<figure class=\"alignleft size-thumbnail is-resized\"><a href=\"https:\/\/reperes-astro.fr\/%77%70%2d%63%6f%6e%74%65%6e%74\/uploads\/2026\/09\/NDE_2026-1.jpg\"><img loading=\"lazy\" decoding=\"async\" width=\"150\" height=\"150\" src=\"https:\/\/reperes-astro.fr\/%77%70%2d%63%6f%6e%74%65%6e%74\/uploads\/2026\/09\/NDE_2026-1-150x150.jpg\" alt=\"Nuit des Etoiles\" class=\"wp-image-23911\" style=\"width:135px;height:auto\" srcset=\"https:\/\/reperes-astro.fr\/%77%70%2d%63%6f%6e%74%65%6e%74\/uploads\/2026\/09\/NDE_2026-1-150x150.jpg 150w, https:\/\/reperes-astro.fr\/%77%70%2d%63%6f%6e%74%65%6e%74\/uploads\/2026\/09\/NDE_2026-1-80x80.jpg 80w, https:\/\/reperes-astro.fr\/%77%70%2d%63%6f%6e%74%65%6e%74\/uploads\/2026\/09\/NDE_2026-1-320x320.jpg 320w\" sizes=\"auto, (max-width: 150px) 100vw, 150px\" \/><\/a><\/figure>\n<\/div>\n\n\n<p class=\"wp-block-paragraph\">Une semaine plus tard, la Nuit des \u00e9toiles a eu lieu, et vous avez \u00e9t\u00e9 tr\u00e8s nombreux \u00e0 nous rejoindre pour cette aventure : pr\u00e8s de 400 personnes sont venues d\u00e9couvrir notre univers, satisfaire leur curiosit\u00e9 et se laisser guider vers les \u00e9toiles. Parmi les membres de REP\u00c8RES, 25 b\u00e9n\u00e9voles ont assur\u00e9 cette manifestation, sans oublier les b\u00e9n\u00e9voles des Esserres, qui n&rsquo;ont pas arr\u00eat\u00e9 de la journ\u00e9e.<\/p>\n\n\n\n<p class=\"wp-block-paragraph\"><span style=\"text-decoration: underline;\">Vous avez pu<\/span> :<\/p>\n\n\n\n<ul class=\"wp-block-list\">\n<li>vous initier \u00e0 l&rsquo;utilisation du mat\u00e9riel d&rsquo;observation astronomique ;<\/li>\n\n\n\n<li>plonger dans la riche histoire de la mythologie et des constellations ;<\/li>\n\n\n\n<li>assister \u00e0 plusieurs conf\u00e9rences sur notre Soleil et l&rsquo;\u00e9clipse \u00e0 venir ;<\/li>\n\n\n\n<li>d\u00e9couvrir les m\u00e9canismes de ce ph\u00e9nom\u00e8ne gr\u00e2ce au stand d&rsquo;animation p\u00e9dagogique ;<\/li>\n\n\n\n<li>partir \u00e0 l&rsquo;assaut du syst\u00e8me solaire gr\u00e2ce \u00e0 des maquettes sur les missions robotiques martiennes, la conqu\u00eate lunaire et les missions Apollo ;<\/li>\n\n\n\n<li>d\u00e9ambuler parmi les photos de n\u00e9buleuses et de galaxies prises par nos membres.<\/li>\n<\/ul>\n\n\n\n<figure class=\"wp-block-image size-full\"><a href=\"https:\/\/reperes-astro.fr\/%77%70%2d%63%6f%6e%74%65%6e%74\/uploads\/2026\/09\/NDE_2026-5.jpg\"><img loading=\"lazy\" decoding=\"async\" width=\"1000\" height=\"450\" src=\"https:\/\/reperes-astro.fr\/%77%70%2d%63%6f%6e%74%65%6e%74\/uploads\/2026\/09\/NDE_2026-5.jpg\" alt=\"Nuit des Etoiles\" class=\"wp-image-23917\" srcset=\"https:\/\/reperes-astro.fr\/%77%70%2d%63%6f%6e%74%65%6e%74\/uploads\/2026\/09\/NDE_2026-5.jpg 1000w, https:\/\/reperes-astro.fr\/%77%70%2d%63%6f%6e%74%65%6e%74\/uploads\/2026\/09\/NDE_2026-5-767x345.jpg 767w, https:\/\/reperes-astro.fr\/%77%70%2d%63%6f%6e%74%65%6e%74\/uploads\/2026\/09\/NDE_2026-5-300x135.jpg 300w\" sizes=\"auto, (max-width: 1000px) 100vw, 1000px\" \/><\/a><\/figure>\n\n\n\n<p class=\"wp-block-paragraph\"><\/p>\n\n\n\n<div class=\"wp-block-columns are-vertically-aligned-center is-not-stacked-on-mobile is-layout-flex wp-container-core-columns-is-layout-8f761849 wp-block-columns-is-layout-flex\">\n<div class=\"wp-block-column is-vertically-aligned-center is-layout-flow wp-block-column-is-layout-flow\">\n<figure class=\"wp-block-image size-full\"><a href=\"https:\/\/reperes-astro.fr\/%77%70%2d%63%6f%6e%74%65%6e%74\/uploads\/2026\/09\/NDE_2026-3.jpg\"><img loading=\"lazy\" decoding=\"async\" width=\"1000\" height=\"563\" src=\"https:\/\/reperes-astro.fr\/%77%70%2d%63%6f%6e%74%65%6e%74\/uploads\/2026\/09\/NDE_2026-3.jpg\" alt=\"Nuit des Etoiles\" class=\"wp-image-23915\" srcset=\"https:\/\/reperes-astro.fr\/%77%70%2d%63%6f%6e%74%65%6e%74\/uploads\/2026\/09\/NDE_2026-3.jpg 1000w, https:\/\/reperes-astro.fr\/%77%70%2d%63%6f%6e%74%65%6e%74\/uploads\/2026\/09\/NDE_2026-3-300x169.jpg 300w, https:\/\/reperes-astro.fr\/%77%70%2d%63%6f%6e%74%65%6e%74\/uploads\/2026\/09\/NDE_2026-3-767x432.jpg 767w\" sizes=\"auto, (max-width: 1000px) 100vw, 1000px\" \/><\/a><\/figure>\n<\/div>\n\n\n\n<div class=\"wp-block-column is-vertically-aligned-center is-layout-flow wp-block-column-is-layout-flow\">\n<figure class=\"wp-block-image size-full\"><a href=\"https:\/\/reperes-astro.fr\/%77%70%2d%63%6f%6e%74%65%6e%74\/uploads\/2026\/09\/NDE_2026-4.jpg\"><img loading=\"lazy\" decoding=\"async\" width=\"1000\" height=\"563\" src=\"https:\/\/reperes-astro.fr\/%77%70%2d%63%6f%6e%74%65%6e%74\/uploads\/2026\/09\/NDE_2026-4.jpg\" alt=\"Nuit des Etoiles\" class=\"wp-image-23916\" srcset=\"https:\/\/reperes-astro.fr\/%77%70%2d%63%6f%6e%74%65%6e%74\/uploads\/2026\/09\/NDE_2026-4.jpg 1000w, https:\/\/reperes-astro.fr\/%77%70%2d%63%6f%6e%74%65%6e%74\/uploads\/2026\/09\/NDE_2026-4-767x432.jpg 767w, https:\/\/reperes-astro.fr\/%77%70%2d%63%6f%6e%74%65%6e%74\/uploads\/2026\/09\/NDE_2026-4-300x169.jpg 300w\" sizes=\"auto, (max-width: 1000px) 100vw, 1000px\" \/><\/a><\/figure>\n<\/div>\n<\/div>\n\n\n\n<p class=\"wp-block-paragraph\"><\/p>\n\n\n\n<figure class=\"wp-block-image size-full\"><a href=\"https:\/\/reperes-astro.fr\/%77%70%2d%63%6f%6e%74%65%6e%74\/uploads\/2026\/09\/NDE_2026-2.jpg\"><img loading=\"lazy\" decoding=\"async\" width=\"1000\" height=\"450\" src=\"https:\/\/reperes-astro.fr\/%77%70%2d%63%6f%6e%74%65%6e%74\/uploads\/2026\/09\/NDE_2026-2.jpg\" alt=\"Nuit des Etoiles\" class=\"wp-image-23914\" srcset=\"https:\/\/reperes-astro.fr\/%77%70%2d%63%6f%6e%74%65%6e%74\/uploads\/2026\/09\/NDE_2026-2.jpg 1000w, https:\/\/reperes-astro.fr\/%77%70%2d%63%6f%6e%74%65%6e%74\/uploads\/2026\/09\/NDE_2026-2-300x135.jpg 300w, https:\/\/reperes-astro.fr\/%77%70%2d%63%6f%6e%74%65%6e%74\/uploads\/2026\/09\/NDE_2026-2-767x345.jpg 767w\" sizes=\"auto, (max-width: 1000px) 100vw, 1000px\" \/><\/a><\/figure>\n\n\n\n<p class=\"wp-block-paragraph\"><\/p>\n\n\n\n<p class=\"wp-block-paragraph\">La journ\u00e9e a \u00e9t\u00e9 riche : d\u00e9but\u00e9e d\u00e8s l&rsquo;apr\u00e8s-midi, elle s&rsquo;est prolong\u00e9e tard dans la nuit, voire jusqu&rsquo;au petit matin pour celles et ceux qui sont rest\u00e9s observer le ciel et compter les \u00e9toiles filantes. Les nombreux instruments pr\u00e9sents ont permis \u00e0 chacun de d\u00e9couvrir ou red\u00e9couvrir les diff\u00e9rents objets c\u00e9lestes au fil de ses passages. Merci aux b\u00e9n\u00e9voles qui ont apport\u00e9 leur mat\u00e9riel et partag\u00e9 leur passion avec vous. Et ce n&rsquo;\u00e9tait que la premi\u00e8re journ\u00e9e !<\/p>\n\n\n\n<div class=\"wp-block-columns are-vertically-aligned-center is-not-stacked-on-mobile is-layout-flex wp-container-core-columns-is-layout-8f761849 wp-block-columns-is-layout-flex\">\n<div class=\"wp-block-column is-vertically-aligned-center is-layout-flow wp-block-column-is-layout-flow\" style=\"flex-basis:25%\"><\/div>\n\n\n\n<div class=\"wp-block-column is-vertically-aligned-center is-layout-flow wp-block-column-is-layout-flow\" style=\"flex-basis:50%\">\n<hr class=\"wp-block-separator has-alpha-channel-opacity\"\/>\n<\/div>\n\n\n\n<div class=\"wp-block-column is-vertically-aligned-center is-layout-flow wp-block-column-is-layout-flow\" style=\"flex-basis:25%\"><\/div>\n<\/div>\n\n\n\n<h2 class=\"wp-block-heading has-medium-font-size\"><strong>Le jour de l&rsquo;\u00e9clipse<\/strong><\/h2>\n\n\n<div class=\"wp-block-image\">\n<figure class=\"alignleft size-full\"><a href=\"https:\/\/reperes-astro.fr\/%77%70%2d%63%6f%6e%74%65%6e%74\/uploads\/2026\/09\/valeco_logo.jpg\"><img loading=\"lazy\" decoding=\"async\" width=\"250\" height=\"72\" src=\"https:\/\/reperes-astro.fr\/%77%70%2d%63%6f%6e%74%65%6e%74\/uploads\/2026\/09\/valeco_logo.jpg\" alt=\"\" class=\"wp-image-23920\"\/><\/a><\/figure>\n<\/div>\n\n\n<p class=\"wp-block-paragraph\">Une grande partie des pr\u00e9paratifs pour l&rsquo;\u00e9clipse a consist\u00e9 \u00e0 trouver le lieu le plus propice et s\u00e9curis\u00e9 pour partager ce moment avec celles et ceux qui nous suivent depuis plusieurs ann\u00e9es sur les Nuits des \u00e9toiles : le site des Esserres, \u00e0 Lavacquerie. Merci au fournisseur d&rsquo;\u00e9nergie renouvelable <strong>VALECO<\/strong> de nous avoir permis d&rsquo;investir ses plateformes \u00e9oliennes pendant la dur\u00e9e de l&rsquo;\u00e9clipse et d&rsquo;avoir autoris\u00e9 le public \u00e0 les visiter.<\/p>\n\n\n<div class=\"wp-block-image is-style-default\">\n<figure class=\"aligncenter size-large\"><a href=\"https:\/\/reperes-astro.fr\/%77%70%2d%63%6f%6e%74%65%6e%74\/uploads\/2026\/07\/PHOTO-2026-08-01-17-15-06.jpg\"><img loading=\"lazy\" decoding=\"async\" width=\"576\" height=\"1024\" src=\"https:\/\/reperes-astro.fr\/%77%70%2d%63%6f%6e%74%65%6e%74\/uploads\/2026\/07\/PHOTO-2026-08-01-17-15-06-576x1024.jpg\" alt=\"Nuit des Etoiles\" class=\"wp-image-23739\" style=\"aspect-ratio:16\/9;object-fit:cover;object-position:56% 41%\" srcset=\"https:\/\/reperes-astro.fr\/%77%70%2d%63%6f%6e%74%65%6e%74\/uploads\/2026\/07\/PHOTO-2026-08-01-17-15-06-576x1024.jpg 576w, https:\/\/reperes-astro.fr\/%77%70%2d%63%6f%6e%74%65%6e%74\/uploads\/2026\/07\/PHOTO-2026-08-01-17-15-06-169x300.jpg 169w, https:\/\/reperes-astro.fr\/%77%70%2d%63%6f%6e%74%65%6e%74\/uploads\/2026\/07\/PHOTO-2026-08-01-17-15-06-768x1365.jpg 768w, https:\/\/reperes-astro.fr\/%77%70%2d%63%6f%6e%74%65%6e%74\/uploads\/2026\/07\/PHOTO-2026-08-01-17-15-06-864x1536.jpg 864w, https:\/\/reperes-astro.fr\/%77%70%2d%63%6f%6e%74%65%6e%74\/uploads\/2026\/07\/PHOTO-2026-08-01-17-15-06.jpg 1134w\" sizes=\"auto, (max-width: 576px) 100vw, 576px\" \/><\/a><\/figure>\n<\/div>\n\n\n<p class=\"wp-block-paragraph\"><\/p>\n\n\n\n<p class=\"wp-block-paragraph\">Vous avez de nouveau \u00e9t\u00e9 tr\u00e8s nombreux \u00e0 nous suivre pour cette aventure : plus de 400 personnes ont fait le d\u00e9placement depuis les Esserres jusqu&rsquo;au site d&rsquo;observation. Les photos retranscrivent bien l&rsquo;ambiance de cette journ\u00e9e et le temps suspendu lors du maximum de l&rsquo;\u00e9clipse, avec la subtile apparition d&rsquo;une lumi\u00e8re cr\u00e9pusculaire.<\/p>\n\n\n\n<p class=\"wp-block-paragraph\">Cette journ\u00e9e n&rsquo;a pas \u00e9t\u00e9 uniquement d\u00e9di\u00e9e \u00e0 l&rsquo;observation de l&rsquo;\u00e9clipse : nos ateliers \u00e9taient ouverts d\u00e8s le d\u00e9but de l&rsquo;apr\u00e8s-midi, et l&rsquo;aire d&rsquo;observation nous a offert un beau spectacle apr\u00e8s l&rsquo;\u00e9clipse, gr\u00e2ce aux \u00e9toiles filantes des Pers\u00e9ides. Il n&rsquo;aurait pas \u00e9t\u00e9 possible d&rsquo;organiser cet \u00e9v\u00e9nement sans la quinzaine de b\u00e9n\u00e9voles de REP\u00c8RES pr\u00e9sents ce jour-l\u00e0, et sans les b\u00e9n\u00e9voles de l&rsquo;association des Esserres, qui se sont d\u00e9men\u00e9s pour vous apporter tout le confort au pied des \u00e9oliennes.<\/p>\n\n\n<div class=\"wp-block-image\">\n<figure class=\"aligncenter size-full\"><a href=\"https:\/\/reperes-astro.fr\/%77%70%2d%63%6f%6e%74%65%6e%74\/uploads\/2026\/09\/eclipse_2026-2.jpg\"><img loading=\"lazy\" decoding=\"async\" width=\"1000\" height=\"564\" src=\"https:\/\/reperes-astro.fr\/%77%70%2d%63%6f%6e%74%65%6e%74\/uploads\/2026\/09\/eclipse_2026-2.jpg\" alt=\"Nuit des Etoiles\" class=\"wp-image-23926\" srcset=\"https:\/\/reperes-astro.fr\/%77%70%2d%63%6f%6e%74%65%6e%74\/uploads\/2026\/09\/eclipse_2026-2.jpg 1000w, https:\/\/reperes-astro.fr\/%77%70%2d%63%6f%6e%74%65%6e%74\/uploads\/2026\/09\/eclipse_2026-2-300x169.jpg 300w, https:\/\/reperes-astro.fr\/%77%70%2d%63%6f%6e%74%65%6e%74\/uploads\/2026\/09\/eclipse_2026-2-768x433.jpg 768w\" sizes=\"auto, (max-width: 1000px) 100vw, 1000px\" \/><\/a><\/figure>\n<\/div>\n\n\n<p class=\"wp-block-paragraph\"><\/p>\n\n\n<div class=\"wp-block-image\">\n<figure class=\"aligncenter size-full\"><a href=\"https:\/\/reperes-astro.fr\/%77%70%2d%63%6f%6e%74%65%6e%74\/uploads\/2026\/09\/eclipse_2026-1.jpg\"><img loading=\"lazy\" decoding=\"async\" width=\"1000\" height=\"450\" src=\"https:\/\/reperes-astro.fr\/%77%70%2d%63%6f%6e%74%65%6e%74\/uploads\/2026\/09\/eclipse_2026-1.jpg\" alt=\"Nuit des Etoiles\" class=\"wp-image-23927\" srcset=\"https:\/\/reperes-astro.fr\/%77%70%2d%63%6f%6e%74%65%6e%74\/uploads\/2026\/09\/eclipse_2026-1.jpg 1000w, https:\/\/reperes-astro.fr\/%77%70%2d%63%6f%6e%74%65%6e%74\/uploads\/2026\/09\/eclipse_2026-1-300x135.jpg 300w, https:\/\/reperes-astro.fr\/%77%70%2d%63%6f%6e%74%65%6e%74\/uploads\/2026\/09\/eclipse_2026-1-767x345.jpg 767w\" sizes=\"auto, (max-width: 1000px) 100vw, 1000px\" \/><\/a><\/figure>\n<\/div>\n\n\n<p class=\"wp-block-paragraph\"><\/p>\n\n\n<div class=\"wp-block-image\">\n<figure class=\"aligncenter size-full\"><a href=\"https:\/\/reperes-astro.fr\/%77%70%2d%63%6f%6e%74%65%6e%74\/uploads\/2026\/09\/eclipse_2026-3.jpg\"><img loading=\"lazy\" decoding=\"async\" width=\"1000\" height=\"450\" src=\"https:\/\/reperes-astro.fr\/%77%70%2d%63%6f%6e%74%65%6e%74\/uploads\/2026\/09\/eclipse_2026-3.jpg\" alt=\"Nuit des Etoiles\" class=\"wp-image-23928\" srcset=\"https:\/\/reperes-astro.fr\/%77%70%2d%63%6f%6e%74%65%6e%74\/uploads\/2026\/09\/eclipse_2026-3.jpg 1000w, https:\/\/reperes-astro.fr\/%77%70%2d%63%6f%6e%74%65%6e%74\/uploads\/2026\/09\/eclipse_2026-3-300x135.jpg 300w, https:\/\/reperes-astro.fr\/%77%70%2d%63%6f%6e%74%65%6e%74\/uploads\/2026\/09\/eclipse_2026-3-767x345.jpg 767w\" sizes=\"auto, (max-width: 1000px) 100vw, 1000px\" \/><\/a><\/figure>\n<\/div>\n\n\n<p class=\"wp-block-paragraph\"><\/p>\n\n\n\n<figure class=\"wp-block-video\"><video height=\"534\" style=\"aspect-ratio: 800 \/ 534;\" width=\"800\" controls src=\"https:\/\/reperes-astro.fr\/%77%70%2d%63%6f%6e%74%65%6e%74\/uploads\/2026\/09\/VID-20260819-WA0011.mp4\"><\/video><\/figure>\n\n\n\n<div class=\"wp-block-columns are-vertically-aligned-center is-not-stacked-on-mobile is-layout-flex wp-container-core-columns-is-layout-8f761849 wp-block-columns-is-layout-flex\">\n<div class=\"wp-block-column is-vertically-aligned-center is-layout-flow wp-block-column-is-layout-flow\" style=\"flex-basis:25%\"><\/div>\n\n\n\n<div class=\"wp-block-column is-vertically-aligned-center is-layout-flow wp-block-column-is-layout-flow\" style=\"flex-basis:50%\">\n<hr class=\"wp-block-separator has-alpha-channel-opacity\"\/>\n<\/div>\n\n\n\n<div class=\"wp-block-column is-vertically-aligned-center is-layout-flow wp-block-column-is-layout-flow\" style=\"flex-basis:25%\"><\/div>\n<\/div>\n\n\n\n<h2 class=\"wp-block-heading has-medium-font-size\"><strong>Les autres sites de l\u2019\u00e9clipse&nbsp;<\/strong><\/h2>\n\n\n\n<p class=\"wp-block-paragraph\">Tout au long de l\u2019ann\u00e9e <strong>REP\u00c8RES<\/strong> a organis\u00e9 des formations (reconnues par l\u2019association fran\u00e7aise d\u2019astronomie) pour accompagner les structures ou les particuliers d\u00e9sireux d\u2019organiser une observation de l\u2019\u00e9clipse, voici un petit retour :&nbsp;<\/p>\n\n\n\n<ul class=\"wp-block-list\">\n<li><strong>FROCOURT<\/strong> : 70 personnes et \u2026 b\u00e9n\u00e9voles de l\u2019association <strong>FROCOURTOISE<\/strong><\/li>\n<\/ul>\n\n\n\n<figure class=\"wp-block-video\"><video height=\"850\" style=\"aspect-ratio: 478 \/ 850;\" width=\"478\" controls src=\"https:\/\/reperes-astro.fr\/%77%70%2d%63%6f%6e%74%65%6e%74\/uploads\/2026\/09\/VID-20260813-WA0020.mp4\"><\/video><\/figure>\n\n\n\n<p class=\"wp-block-paragraph\"><\/p>\n\n\n\n<ul class=\"wp-block-list\">\n<li><strong>BRETEUIL<\/strong> \u2026\u2026\u2026..personnes et \u2026\u2026.b\u00e9n\u00e9voles du <strong>Centre Socio Culturel Michel Jubert<\/strong><\/li>\n\n\n\n<li><strong>MYTVAN ISLANDE<\/strong> : 15 personnes dans le cadre du voyage en ISLANDE organis\u00e9 par REP\u00c8RES et 80 JOURS VOYAGES.<\/li>\n<\/ul>\n\n\n\n<figure class=\"wp-block-video\"><video height=\"478\" style=\"aspect-ratio: 848 \/ 478;\" width=\"848\" controls src=\"https:\/\/reperes-astro.fr\/%77%70%2d%63%6f%6e%74%65%6e%74\/uploads\/2026\/09\/VID-20260812-WA0083.mp4\"><\/video><\/figure>\n\n\n\n<p class=\"wp-block-paragraph\"><\/p>\n\n\n\n<ul class=\"wp-block-list\">\n<li><strong>BROYES<\/strong> 70 personnes et\u2026.b\u00e9n\u00e9voles de l\u2019association <strong>BROYES LOISIRS<\/strong><\/li>\n\n\n\n<li><strong>BELLOYE-SUR-SOMME :<\/strong> &nbsp;xx personnes et xx b\u00e9n\u00e9voles avec les Foyers Ruraux de la Somme<\/li>\n<\/ul>\n\n\n<div class=\"wp-block-image\">\n<figure class=\"aligncenter size-full\"><a href=\"https:\/\/reperes-astro.fr\/%77%70%2d%63%6f%6e%74%65%6e%74\/uploads\/2026\/09\/eclipse_2026-4.jpg\"><img loading=\"lazy\" decoding=\"async\" width=\"1000\" height=\"750\" src=\"https:\/\/reperes-astro.fr\/%77%70%2d%63%6f%6e%74%65%6e%74\/uploads\/2026\/09\/eclipse_2026-4.jpg\" alt=\"Nuit des Etoiles\" class=\"wp-image-23929\" srcset=\"https:\/\/reperes-astro.fr\/%77%70%2d%63%6f%6e%74%65%6e%74\/uploads\/2026\/09\/eclipse_2026-4.jpg 1000w, https:\/\/reperes-astro.fr\/%77%70%2d%63%6f%6e%74%65%6e%74\/uploads\/2026\/09\/eclipse_2026-4-300x225.jpg 300w, https:\/\/reperes-astro.fr\/%77%70%2d%63%6f%6e%74%65%6e%74\/uploads\/2026\/09\/eclipse_2026-4-768x576.jpg 768w\" sizes=\"auto, (max-width: 1000px) 100vw, 1000px\" \/><\/a><\/figure>\n<\/div>\n\n\n<p class=\"wp-block-paragraph\"><\/p>\n\n\n\n<p class=\"wp-block-paragraph\">De plus, dans le cadre du dispositif <strong>ECLIPSE-INFO<\/strong>, 2500 paires de lunettes ont \u00e9t\u00e9 vendues \u00e0 petit prix pour que tous puissent profiter de ce spectacle.<\/p>\n\n\n\n<div class=\"wp-block-columns are-vertically-aligned-center is-not-stacked-on-mobile is-layout-flex wp-container-core-columns-is-layout-8f761849 wp-block-columns-is-layout-flex\">\n<div class=\"wp-block-column is-vertically-aligned-center is-layout-flow wp-block-column-is-layout-flow\" style=\"flex-basis:25%\"><\/div>\n\n\n\n<div class=\"wp-block-column is-vertically-aligned-center is-layout-flow wp-block-column-is-layout-flow\" style=\"flex-basis:50%\">\n<hr class=\"wp-block-separator has-alpha-channel-opacity\"\/>\n<\/div>\n\n\n\n<div class=\"wp-block-column is-vertically-aligned-center is-layout-flow wp-block-column-is-layout-flow\" style=\"flex-basis:25%\"><\/div>\n<\/div>\n\n\n\n<h2 class=\"wp-block-heading has-medium-font-size\"><strong>Merci \u00e0 nos partenaires<\/strong><\/h2>\n\n\n\n<p class=\"wp-block-paragraph\">Enfin, merci aux partenaires qui nous accompagnent tout au long de l&rsquo;ann\u00e9e, nous permettent d&rsquo;organiser ce type d&rsquo;\u00e9v\u00e9nement, et nous accordent leur confiance :<\/p>\n\n\n\n<ul class=\"wp-block-list\">\n<li>Association fran\u00e7aise d&rsquo;astronomie<\/li>\n\n\n\n<li>Cr\u00e9dit Agricole Brie Picardie<\/li>\n\n\n\n<li>Conseil d\u00e9partemental de l&rsquo;Oise<\/li>\n\n\n\n<li>Communaut\u00e9 de communes de l&rsquo;Oise picarde<\/li>\n\n\n\n<li>R\u00e9seau Ombelliscience<\/li>\n\n\n\n<li>Commune de Rouvroy-les-merles<\/li>\n\n\n\n<li>Commune de Breteuil<\/li>\n\n\n\n<li>Commune de Vendeuil-Caply<\/li>\n<\/ul>\n\n\n\n<div class=\"wp-block-columns are-vertically-aligned-center is-not-stacked-on-mobile is-layout-flex wp-container-core-columns-is-layout-8f761849 wp-block-columns-is-layout-flex\">\n<div class=\"wp-block-column is-vertically-aligned-center is-layout-flow wp-block-column-is-layout-flow\" style=\"flex-basis:25%\">\n<figure class=\"wp-block-image size-full\"><a href=\"https:\/\/reperes-astro.fr\/%77%70%2d%63%6f%6e%74%65%6e%74\/uploads\/2025\/05\/logo-afa.jpg\"><img loading=\"lazy\" decoding=\"async\" width=\"225\" height=\"225\" src=\"https:\/\/reperes-astro.fr\/%77%70%2d%63%6f%6e%74%65%6e%74\/uploads\/2025\/05\/logo-afa.jpg\" alt=\"\" class=\"wp-image-19663\" srcset=\"https:\/\/reperes-astro.fr\/%77%70%2d%63%6f%6e%74%65%6e%74\/uploads\/2025\/05\/logo-afa.jpg 225w, https:\/\/reperes-astro.fr\/%77%70%2d%63%6f%6e%74%65%6e%74\/uploads\/2025\/05\/logo-afa-150x150.jpg 150w, https:\/\/reperes-astro.fr\/%77%70%2d%63%6f%6e%74%65%6e%74\/uploads\/2025\/05\/logo-afa-80x80.jpg 80w\" sizes=\"auto, (max-width: 225px) 100vw, 225px\" \/><\/a><\/figure>\n<\/div>\n\n\n\n<div class=\"wp-block-column is-vertically-aligned-center is-layout-flow wp-block-column-is-layout-flow\" style=\"flex-basis:25%\">\n<figure class=\"wp-block-image size-full\"><a href=\"https:\/\/reperes-astro.fr\/%77%70%2d%63%6f%6e%74%65%6e%74\/uploads\/2026\/09\/logo_brie_ca.jpg\"><img loading=\"lazy\" decoding=\"async\" width=\"225\" height=\"225\" src=\"https:\/\/reperes-astro.fr\/%77%70%2d%63%6f%6e%74%65%6e%74\/uploads\/2026\/09\/logo_brie_ca.jpg\" alt=\"\" class=\"wp-image-23931\" srcset=\"https:\/\/reperes-astro.fr\/%77%70%2d%63%6f%6e%74%65%6e%74\/uploads\/2026\/09\/logo_brie_ca.jpg 225w, https:\/\/reperes-astro.fr\/%77%70%2d%63%6f%6e%74%65%6e%74\/uploads\/2026\/09\/logo_brie_ca-150x150.jpg 150w, https:\/\/reperes-astro.fr\/%77%70%2d%63%6f%6e%74%65%6e%74\/uploads\/2026\/09\/logo_brie_ca-80x80.jpg 80w\" sizes=\"auto, (max-width: 225px) 100vw, 225px\" \/><\/a><\/figure>\n<\/div>\n\n\n\n<div class=\"wp-block-column is-vertically-aligned-center is-layout-flow wp-block-column-is-layout-flow\" style=\"flex-basis:25%\">\n<figure class=\"wp-block-image size-full\"><a href=\"https:\/\/reperes-astro.fr\/%77%70%2d%63%6f%6e%74%65%6e%74\/uploads\/2026\/09\/logo_oise.jpg\"><img loading=\"lazy\" decoding=\"async\" width=\"225\" height=\"297\" src=\"https:\/\/reperes-astro.fr\/%77%70%2d%63%6f%6e%74%65%6e%74\/uploads\/2026\/09\/logo_oise.jpg\" alt=\"\" class=\"wp-image-23932\" style=\"aspect-ratio:1;object-fit:cover;object-position:50% 100%\"\/><\/a><\/figure>\n<\/div>\n\n\n\n<div class=\"wp-block-column is-vertically-aligned-center is-layout-flow wp-block-column-is-layout-flow\" style=\"flex-basis:25%\">\n<figure class=\"wp-block-image size-full\"><a href=\"https:\/\/reperes-astro.fr\/%77%70%2d%63%6f%6e%74%65%6e%74\/uploads\/2026\/09\/logo_heut_de_france.jpg\"><img loading=\"lazy\" decoding=\"async\" width=\"225\" height=\"225\" src=\"https:\/\/reperes-astro.fr\/%77%70%2d%63%6f%6e%74%65%6e%74\/uploads\/2026\/09\/logo_heut_de_france.jpg\" alt=\"\" class=\"wp-image-23933\" srcset=\"https:\/\/reperes-astro.fr\/%77%70%2d%63%6f%6e%74%65%6e%74\/uploads\/2026\/09\/logo_heut_de_france.jpg 225w, https:\/\/reperes-astro.fr\/%77%70%2d%63%6f%6e%74%65%6e%74\/uploads\/2026\/09\/logo_heut_de_france-150x150.jpg 150w, https:\/\/reperes-astro.fr\/%77%70%2d%63%6f%6e%74%65%6e%74\/uploads\/2026\/09\/logo_heut_de_france-80x80.jpg 80w\" sizes=\"auto, (max-width: 225px) 100vw, 225px\" \/><\/a><\/figure>\n<\/div>\n<\/div>\n\n\n\n<p class=\"wp-block-paragraph\"><\/p>\n\n\n\n<div class=\"wp-block-columns are-vertically-aligned-center is-not-stacked-on-mobile is-layout-flex wp-container-core-columns-is-layout-8f761849 wp-block-columns-is-layout-flex\">\n<div class=\"wp-block-column is-vertically-aligned-center is-layout-flow wp-block-column-is-layout-flow\">\n<figure class=\"wp-block-image size-full\"><a href=\"https:\/\/reperes-astro.fr\/%77%70%2d%63%6f%6e%74%65%6e%74\/uploads\/2026\/09\/logo_breteuil.jpg\"><img loading=\"lazy\" decoding=\"async\" width=\"225\" height=\"225\" src=\"https:\/\/reperes-astro.fr\/%77%70%2d%63%6f%6e%74%65%6e%74\/uploads\/2026\/09\/logo_breteuil.jpg\" alt=\"\" class=\"wp-image-23935\" srcset=\"https:\/\/reperes-astro.fr\/%77%70%2d%63%6f%6e%74%65%6e%74\/uploads\/2026\/09\/logo_breteuil.jpg 225w, https:\/\/reperes-astro.fr\/%77%70%2d%63%6f%6e%74%65%6e%74\/uploads\/2026\/09\/logo_breteuil-150x150.jpg 150w, https:\/\/reperes-astro.fr\/%77%70%2d%63%6f%6e%74%65%6e%74\/uploads\/2026\/09\/logo_breteuil-80x80.jpg 80w\" sizes=\"auto, (max-width: 225px) 100vw, 225px\" \/><\/a><\/figure>\n<\/div>\n\n\n\n<div class=\"wp-block-column is-vertically-aligned-center is-layout-flow wp-block-column-is-layout-flow\">\n<figure class=\"wp-block-image size-full\"><a href=\"https:\/\/reperes-astro.fr\/%77%70%2d%63%6f%6e%74%65%6e%74\/uploads\/2026\/09\/logo_rouvroy.jpg\"><img loading=\"lazy\" decoding=\"async\" width=\"225\" height=\"225\" src=\"https:\/\/reperes-astro.fr\/%77%70%2d%63%6f%6e%74%65%6e%74\/uploads\/2026\/09\/logo_rouvroy.jpg\" alt=\"\" class=\"wp-image-23936\" srcset=\"https:\/\/reperes-astro.fr\/%77%70%2d%63%6f%6e%74%65%6e%74\/uploads\/2026\/09\/logo_rouvroy.jpg 225w, https:\/\/reperes-astro.fr\/%77%70%2d%63%6f%6e%74%65%6e%74\/uploads\/2026\/09\/logo_rouvroy-80x80.jpg 80w, https:\/\/reperes-astro.fr\/%77%70%2d%63%6f%6e%74%65%6e%74\/uploads\/2026\/09\/logo_rouvroy-150x150.jpg 150w\" sizes=\"auto, (max-width: 225px) 100vw, 225px\" \/><\/a><\/figure>\n<\/div>\n\n\n\n<div class=\"wp-block-column is-vertically-aligned-center is-layout-flow wp-block-column-is-layout-flow\">\n<figure class=\"wp-block-image size-full\"><a href=\"https:\/\/reperes-astro.fr\/%77%70%2d%63%6f%6e%74%65%6e%74\/uploads\/2026\/09\/logo_ombelliscience.jpg\"><img loading=\"lazy\" decoding=\"async\" width=\"225\" height=\"225\" src=\"https:\/\/reperes-astro.fr\/%77%70%2d%63%6f%6e%74%65%6e%74\/uploads\/2026\/09\/logo_ombelliscience.jpg\" alt=\"\" class=\"wp-image-23937\" srcset=\"https:\/\/reperes-astro.fr\/%77%70%2d%63%6f%6e%74%65%6e%74\/uploads\/2026\/09\/logo_ombelliscience.jpg 225w, https:\/\/reperes-astro.fr\/%77%70%2d%63%6f%6e%74%65%6e%74\/uploads\/2026\/09\/logo_ombelliscience-80x80.jpg 80w, https:\/\/reperes-astro.fr\/%77%70%2d%63%6f%6e%74%65%6e%74\/uploads\/2026\/09\/logo_ombelliscience-150x150.jpg 150w\" sizes=\"auto, (max-width: 225px) 100vw, 225px\" \/><\/a><\/figure>\n<\/div>\n\n\n\n<div class=\"wp-block-column is-vertically-aligned-center is-layout-flow wp-block-column-is-layout-flow\">\n<figure class=\"wp-block-image size-full\"><a href=\"https:\/\/reperes-astro.fr\/%77%70%2d%63%6f%6e%74%65%6e%74\/uploads\/2026\/09\/logo_oise_picardie.jpg\"><img loading=\"lazy\" decoding=\"async\" width=\"225\" height=\"173\" src=\"https:\/\/reperes-astro.fr\/%77%70%2d%63%6f%6e%74%65%6e%74\/uploads\/2026\/09\/logo_oise_picardie.jpg\" alt=\"\" class=\"wp-image-23934\"\/><\/a><\/figure>\n<\/div>\n<\/div>\n\n\n\n<p class=\"wp-block-paragraph\"><\/p>\n\n\n\n<p class=\"wp-block-paragraph\"><\/p>\n<div class=\"pvc_clear\"><\/div><p id=\"pvc_stats_23905\" class=\"pvc_stats all  \" data-element-id=\"23905\" style=\"\"><i class=\"pvc-stats-icon medium\" aria-hidden=\"true\"><svg aria-hidden=\"true\" focusable=\"false\" data-prefix=\"far\" data-icon=\"chart-bar\" role=\"img\" xmlns=\"http:\/\/www.w3.org\/2000\/svg\" viewBox=\"0 0 512 512\" class=\"svg-inline--fa fa-chart-bar fa-w-16 fa-2x\"><path fill=\"currentColor\" d=\"M396.8 352h22.4c6.4 0 12.8-6.4 12.8-12.8V108.8c0-6.4-6.4-12.8-12.8-12.8h-22.4c-6.4 0-12.8 6.4-12.8 12.8v230.4c0 6.4 6.4 12.8 12.8 12.8zm-192 0h22.4c6.4 0 12.8-6.4 12.8-12.8V140.8c0-6.4-6.4-12.8-12.8-12.8h-22.4c-6.4 0-12.8 6.4-12.8 12.8v198.4c0 6.4 6.4 12.8 12.8 12.8zm96 0h22.4c6.4 0 12.8-6.4 12.8-12.8V204.8c0-6.4-6.4-12.8-12.8-12.8h-22.4c-6.4 0-12.8 6.4-12.8 12.8v134.4c0 6.4 6.4 12.8 12.8 12.8zM496 400H48V80c0-8.84-7.16-16-16-16H16C7.16 64 0 71.16 0 80v336c0 17.67 14.33 32 32 32h464c8.84 0 16-7.16 16-16v-16c0-8.84-7.16-16-16-16zm-387.2-48h22.4c6.4 0 12.8-6.4 12.8-12.8v-70.4c0-6.4-6.4-12.8-12.8-12.8h-22.4c-6.4 0-12.8 6.4-12.8 12.8v70.4c0 6.4 6.4 12.8 12.8 12.8z\" class=\"\"><\/path><\/svg><\/i> <img loading=\"lazy\" decoding=\"async\" width=\"16\" height=\"16\" alt=\"Loading\" src=\"https:\/\/reperes-astro.fr\/%77%70%2d%63%6f%6e%74%65%6e%74\/plugins\/page-views-count\/ajax-loader-2x.gif\" border=0 \/><\/p><div class=\"pvc_clear\"><\/div>","protected":false},"excerpt":{"rendered":"<p>Retour sur la Nuit des Etoiles 2026 qui s&rsquo;est d\u00e9roul\u00e9e, avec en prime un \u00e9v\u00e9nement exceptionnel : une \u00e9clipse de soleil&#46;&#46;&#46;<\/p>\n<div class=\"pvc_clear\"><\/div>\n<p id=\"pvc_stats_23905\" class=\"pvc_stats all  \" data-element-id=\"23905\" style=\"\"><i class=\"pvc-stats-icon medium\" aria-hidden=\"true\"><svg aria-hidden=\"true\" focusable=\"false\" data-prefix=\"far\" data-icon=\"chart-bar\" role=\"img\" xmlns=\"http:\/\/www.w3.org\/2000\/svg\" viewBox=\"0 0 512 512\" class=\"svg-inline--fa fa-chart-bar fa-w-16 fa-2x\"><path fill=\"currentColor\" d=\"M396.8 352h22.4c6.4 0 12.8-6.4 12.8-12.8V108.8c0-6.4-6.4-12.8-12.8-12.8h-22.4c-6.4 0-12.8 6.4-12.8 12.8v230.4c0 6.4 6.4 12.8 12.8 12.8zm-192 0h22.4c6.4 0 12.8-6.4 12.8-12.8V140.8c0-6.4-6.4-12.8-12.8-12.8h-22.4c-6.4 0-12.8 6.4-12.8 12.8v198.4c0 6.4 6.4 12.8 12.8 12.8zm96 0h22.4c6.4 0 12.8-6.4 12.8-12.8V204.8c0-6.4-6.4-12.8-12.8-12.8h-22.4c-6.4 0-12.8 6.4-12.8 12.8v134.4c0 6.4 6.4 12.8 12.8 12.8zM496 400H48V80c0-8.84-7.16-16-16-16H16C7.16 64 0 71.16 0 80v336c0 17.67 14.33 32 32 32h464c8.84 0 16-7.16 16-16v-16c0-8.84-7.16-16-16-16zm-387.2-48h22.4c6.4 0 12.8-6.4 12.8-12.8v-70.4c0-6.4-6.4-12.8-12.8-12.8h-22.4c-6.4 0-12.8 6.4-12.8 12.8v70.4c0 6.4 6.4 12.8 12.8 12.8z\" class=\"\"><\/path><\/svg><\/i> <img loading=\"lazy\" decoding=\"async\" width=\"16\" height=\"16\" alt=\"Loading\" src=\"https:\/\/reperes-astro.fr\/%77%70%2d%63%6f%6e%74%65%6e%74\/plugins\/page-views-count\/ajax-loader-2x.gif\" border=0 \/><\/p>\n<div class=\"pvc_clear\"><\/div>\n","protected":false},"author":6,"featured_media":23917,"comment_status":"closed","ping_status":"closed","sticky":false,"template":"","format":"standard","meta":{"footnotes":""},"categories":[69,6],"tags":[],"class_list":["post-23905","post","type-post","status-publish","format-standard","has-post-thumbnail","hentry","category-nuits-des-etoiles","category-vie-de-lassociation"],"a3_pvc":{"activated":true,"total_views":14,"today_views":0},"yoast_head":"<title>Retour sur la Nuit des Etoiles 2026 et l&#039;\u00e9clipse solaire partielle - Rep\u00e8res Astro<\/title>\n<meta name=\"description\" content=\"Retour la Nuit des Etoiles 2026 qui s&#039;est d\u00e9roul\u00e9e, avec en prime un \u00e9v\u00e9nement exceptionnel : une \u00e9clipse de soleil partielle !\" \/>\n<meta name=\"robots\" content=\"index, follow, max-snippet:-1, max-image-preview:large, max-video-preview:-1\" \/>\n<link rel=\"canonical\" href=\"https:\/\/reperes-astro.fr\/retour-sur-la-nuit-des-etoiles-2026-et-leclipse-solaire-partielle\/\" \/>\n<meta property=\"og:locale\" content=\"fr_FR\" \/>\n<meta property=\"og:type\" content=\"article\" \/>\n<meta property=\"og:title\" content=\"Retour sur la Nuit des Etoiles 2026 et l&#039;\u00e9clipse solaire partielle - Rep\u00e8res Astro\" \/>\n<meta property=\"og:description\" content=\"Retour la Nuit des Etoiles 2026 qui s&#039;est d\u00e9roul\u00e9e, avec en prime un \u00e9v\u00e9nement exceptionnel : une \u00e9clipse de soleil partielle !\" \/>\n<meta property=\"og:url\" content=\"https:\/\/reperes-astro.fr\/retour-sur-la-nuit-des-etoiles-2026-et-leclipse-solaire-partielle\/\" \/>\n<meta property=\"og:site_name\" content=\"Rep\u00e8res Astro\" \/>\n<meta property=\"article:publisher\" content=\"https:\/\/www.facebook.com\/AssoReperesAstro\/?locale=fr_FRrplanetarium\" \/>\n<meta property=\"article:published_time\" content=\"2026-09-05T12:40:07+00:00\" \/>\n<meta property=\"article:modified_time\" content=\"2026-09-05T12:40:09+00:00\" \/>\n<meta property=\"og:image\" content=\"https:\/\/reperes-astro.fr\/%77%70%2d%63%6f%6e%74%65%6e%74\/uploads\/2026\/09\/NDE_2026-5.jpg\" \/>\n\t<meta property=\"og:image:width\" content=\"1000\" \/>\n\t<meta property=\"og:image:height\" content=\"450\" \/>\n\t<meta property=\"og:image:type\" content=\"image\/jpeg\" \/>\n<meta name=\"author\" content=\"Maxence Delmotte\" \/>\n<meta name=\"twitter:card\" content=\"summary_large_image\" \/>\n<meta name=\"twitter:label1\" content=\"\u00c9crit par\" \/>\n\t<meta name=\"twitter:data1\" content=\"Maxence Delmotte\" \/>\n\t<meta name=\"twitter:label2\" content=\"Dur\u00e9e de lecture estim\u00e9e\" \/>\n\t<meta name=\"twitter:data2\" content=\"5 minutes\" \/>\n<script type=\"application\/ld+json\" class=\"yoast-schema-graph\">{\"@context\":\"https:\\\/\\\/schema.org\",\"@graph\":[{\"@type\":\"Article\",\"@id\":\"https:\\\/\\\/reperes-astro.fr\\\/retour-sur-la-nuit-des-etoiles-2026-et-leclipse-solaire-partielle\\\/#article\",\"isPartOf\":{\"@id\":\"https:\\\/\\\/reperes-astro.fr\\\/retour-sur-la-nuit-des-etoiles-2026-et-leclipse-solaire-partielle\\\/\"},\"author\":{\"name\":\"Maxence Delmotte\",\"@id\":\"https:\\\/\\\/reperes-astro.fr\\\/#\\\/schema\\\/person\\\/f5b58eaefe61da413bd91263498f00f4\"},\"headline\":\"Retour sur la Nuit des Etoiles 2026 et l&rsquo;\u00e9clipse solaire partielle\",\"datePublished\":\"2026-09-05T12:40:07+00:00\",\"dateModified\":\"2026-09-05T12:40:09+00:00\",\"mainEntityOfPage\":{\"@id\":\"https:\\\/\\\/reperes-astro.fr\\\/retour-sur-la-nuit-des-etoiles-2026-et-leclipse-solaire-partielle\\\/\"},\"wordCount\":962,\"publisher\":{\"@id\":\"https:\\\/\\\/reperes-astro.fr\\\/#organization\"},\"image\":{\"@id\":\"https:\\\/\\\/reperes-astro.fr\\\/retour-sur-la-nuit-des-etoiles-2026-et-leclipse-solaire-partielle\\\/#primaryimage\"},\"thumbnailUrl\":\"https:\\\/\\\/reperes-astro.fr\\\/%77%70%2d%63%6f%6e%74%65%6e%74\\\/uploads\\\/2026\\\/09\\\/NDE_2026-5.jpg\",\"articleSection\":[\"Nuits des Etoiles\",\"Vie de l'association\"],\"inLanguage\":\"fr-FR\"},{\"@type\":\"WebPage\",\"@id\":\"https:\\\/\\\/reperes-astro.fr\\\/retour-sur-la-nuit-des-etoiles-2026-et-leclipse-solaire-partielle\\\/\",\"url\":\"https:\\\/\\\/reperes-astro.fr\\\/retour-sur-la-nuit-des-etoiles-2026-et-leclipse-solaire-partielle\\\/\",\"name\":\"Retour sur la Nuit des Etoiles 2026 et l'\u00e9clipse solaire partielle - Rep\u00e8res Astro\",\"isPartOf\":{\"@id\":\"https:\\\/\\\/reperes-astro.fr\\\/#website\"},\"primaryImageOfPage\":{\"@id\":\"https:\\\/\\\/reperes-astro.fr\\\/retour-sur-la-nuit-des-etoiles-2026-et-leclipse-solaire-partielle\\\/#primaryimage\"},\"image\":{\"@id\":\"https:\\\/\\\/reperes-astro.fr\\\/retour-sur-la-nuit-des-etoiles-2026-et-leclipse-solaire-partielle\\\/#primaryimage\"},\"thumbnailUrl\":\"https:\\\/\\\/reperes-astro.fr\\\/%77%70%2d%63%6f%6e%74%65%6e%74\\\/uploads\\\/2026\\\/09\\\/NDE_2026-5.jpg\",\"datePublished\":\"2026-09-05T12:40:07+00:00\",\"dateModified\":\"2026-09-05T12:40:09+00:00\",\"description\":\"Retour la Nuit des Etoiles 2026 qui s'est d\u00e9roul\u00e9e, avec en prime un \u00e9v\u00e9nement exceptionnel : une \u00e9clipse de soleil partielle !\",\"breadcrumb\":{\"@id\":\"https:\\\/\\\/reperes-astro.fr\\\/retour-sur-la-nuit-des-etoiles-2026-et-leclipse-solaire-partielle\\\/#breadcrumb\"},\"inLanguage\":\"fr-FR\",\"potentialAction\":[{\"@type\":\"ReadAction\",\"target\":[\"https:\\\/\\\/reperes-astro.fr\\\/retour-sur-la-nuit-des-etoiles-2026-et-leclipse-solaire-partielle\\\/\"]}]},{\"@type\":\"ImageObject\",\"inLanguage\":\"fr-FR\",\"@id\":\"https:\\\/\\\/reperes-astro.fr\\\/retour-sur-la-nuit-des-etoiles-2026-et-leclipse-solaire-partielle\\\/#primaryimage\",\"url\":\"https:\\\/\\\/reperes-astro.fr\\\/%77%70%2d%63%6f%6e%74%65%6e%74\\\/uploads\\\/2026\\\/09\\\/NDE_2026-5.jpg\",\"contentUrl\":\"https:\\\/\\\/reperes-astro.fr\\\/%77%70%2d%63%6f%6e%74%65%6e%74\\\/uploads\\\/2026\\\/09\\\/NDE_2026-5.jpg\",\"width\":1000,\"height\":450},{\"@type\":\"BreadcrumbList\",\"@id\":\"https:\\\/\\\/reperes-astro.fr\\\/retour-sur-la-nuit-des-etoiles-2026-et-leclipse-solaire-partielle\\\/#breadcrumb\",\"itemListElement\":[{\"@type\":\"ListItem\",\"position\":1,\"name\":\"Accueil\",\"item\":\"https:\\\/\\\/reperes-astro.fr\\\/\"},{\"@type\":\"ListItem\",\"position\":2,\"name\":\"Retour sur la Nuit des Etoiles 2026 et l&rsquo;\u00e9clipse solaire partielle\"}]},{\"@type\":\"WebSite\",\"@id\":\"https:\\\/\\\/reperes-astro.fr\\\/#website\",\"url\":\"https:\\\/\\\/reperes-astro.fr\\\/\",\"name\":\"Rep\u00e8res Astro\",\"description\":\"&quot;Heureux soient les f\u00eal\u00e9s, car ils laisseront passer la lumi\u00e8re.&quot; Michel Audiard\",\"publisher\":{\"@id\":\"https:\\\/\\\/reperes-astro.fr\\\/#organization\"},\"potentialAction\":[{\"@type\":\"SearchAction\",\"target\":{\"@type\":\"EntryPoint\",\"urlTemplate\":\"https:\\\/\\\/reperes-astro.fr\\\/?s={search_term_string}\"},\"query-input\":{\"@type\":\"PropertyValueSpecification\",\"valueRequired\":true,\"valueName\":\"search_term_string\"}}],\"inLanguage\":\"fr-FR\"},{\"@type\":\"Organization\",\"@id\":\"https:\\\/\\\/reperes-astro.fr\\\/#organization\",\"name\":\"Rep\u00e8res Astro\",\"url\":\"https:\\\/\\\/reperes-astro.fr\\\/\",\"logo\":{\"@type\":\"ImageObject\",\"inLanguage\":\"fr-FR\",\"@id\":\"https:\\\/\\\/reperes-astro.fr\\\/#\\\/schema\\\/logo\\\/image\\\/\",\"url\":\"https:\\\/\\\/reperes-astro.fr\\\/%77%70%2d%63%6f%6e%74%65%6e%74\\\/uploads\\\/2014\\\/01\\\/logo-reperes1.jpg\",\"contentUrl\":\"https:\\\/\\\/reperes-astro.fr\\\/%77%70%2d%63%6f%6e%74%65%6e%74\\\/uploads\\\/2014\\\/01\\\/logo-reperes1.jpg\",\"width\":510,\"height\":510,\"caption\":\"Rep\u00e8res Astro\"},\"image\":{\"@id\":\"https:\\\/\\\/reperes-astro.fr\\\/#\\\/schema\\\/logo\\\/image\\\/\"},\"sameAs\":[\"https:\\\/\\\/www.facebook.com\\\/AssoReperesAstro\\\/?locale=fr_FRrplanetarium\"]},{\"@type\":\"Person\",\"@id\":\"https:\\\/\\\/reperes-astro.fr\\\/#\\\/schema\\\/person\\\/f5b58eaefe61da413bd91263498f00f4\",\"name\":\"Maxence Delmotte\",\"url\":\"https:\\\/\\\/reperes-astro.fr\\\/author\\\/maxence\\\/\"}]}<\/script>","yoast_head_json":{"title":"Retour sur la Nuit des Etoiles 2026 et l'\u00e9clipse solaire partielle - Rep\u00e8res Astro","description":"Retour la Nuit des Etoiles 2026 qui s'est d\u00e9roul\u00e9e, avec en prime un \u00e9v\u00e9nement exceptionnel : une \u00e9clipse de soleil partielle !","robots":{"index":"index","follow":"follow","max-snippet":"max-snippet:-1","max-image-preview":"max-image-preview:large","max-video-preview":"max-video-preview:-1"},"canonical":"https:\/\/reperes-astro.fr\/retour-sur-la-nuit-des-etoiles-2026-et-leclipse-solaire-partielle\/","og_locale":"fr_FR","og_type":"article","og_title":"Retour sur la Nuit des Etoiles 2026 et l'\u00e9clipse solaire partielle - Rep\u00e8res Astro","og_description":"Retour la Nuit des Etoiles 2026 qui s'est d\u00e9roul\u00e9e, avec en prime un \u00e9v\u00e9nement exceptionnel : une \u00e9clipse de soleil partielle !","og_url":"https:\/\/reperes-astro.fr\/retour-sur-la-nuit-des-etoiles-2026-et-leclipse-solaire-partielle\/","og_site_name":"Rep\u00e8res Astro","article_publisher":"https:\/\/www.facebook.com\/AssoReperesAstro\/?locale=fr_FRrplanetarium","article_published_time":"2026-09-05T12:40:07+00:00","article_modified_time":"2026-09-05T12:40:09+00:00","og_image":[{"width":1000,"height":450,"url":"https:\/\/reperes-astro.fr\/%77%70%2d%63%6f%6e%74%65%6e%74\/uploads\/2026\/09\/NDE_2026-5.jpg","type":"image\/jpeg"}],"author":"Maxence Delmotte","twitter_card":"summary_large_image","twitter_misc":{"\u00c9crit par":"Maxence Delmotte","Dur\u00e9e de lecture estim\u00e9e":"5 minutes"},"schema":{"@context":"https:\/\/schema.org","@graph":[{"@type":"Article","@id":"https:\/\/reperes-astro.fr\/retour-sur-la-nuit-des-etoiles-2026-et-leclipse-solaire-partielle\/#article","isPartOf":{"@id":"https:\/\/reperes-astro.fr\/retour-sur-la-nuit-des-etoiles-2026-et-leclipse-solaire-partielle\/"},"author":{"name":"Maxence Delmotte","@id":"https:\/\/reperes-astro.fr\/#\/schema\/person\/f5b58eaefe61da413bd91263498f00f4"},"headline":"Retour sur la Nuit des Etoiles 2026 et l&rsquo;\u00e9clipse solaire partielle","datePublished":"2026-09-05T12:40:07+00:00","dateModified":"2026-09-05T12:40:09+00:00","mainEntityOfPage":{"@id":"https:\/\/reperes-astro.fr\/retour-sur-la-nuit-des-etoiles-2026-et-leclipse-solaire-partielle\/"},"wordCount":962,"publisher":{"@id":"https:\/\/reperes-astro.fr\/#organization"},"image":{"@id":"https:\/\/reperes-astro.fr\/retour-sur-la-nuit-des-etoiles-2026-et-leclipse-solaire-partielle\/#primaryimage"},"thumbnailUrl":"https:\/\/reperes-astro.fr\/%77%70%2d%63%6f%6e%74%65%6e%74\/uploads\/2026\/09\/NDE_2026-5.jpg","articleSection":["Nuits des Etoiles","Vie de l'association"],"inLanguage":"fr-FR"},{"@type":"WebPage","@id":"https:\/\/reperes-astro.fr\/retour-sur-la-nuit-des-etoiles-2026-et-leclipse-solaire-partielle\/","url":"https:\/\/reperes-astro.fr\/retour-sur-la-nuit-des-etoiles-2026-et-leclipse-solaire-partielle\/","name":"Retour sur la Nuit des Etoiles 2026 et l'\u00e9clipse solaire partielle - Rep\u00e8res Astro","isPartOf":{"@id":"https:\/\/reperes-astro.fr\/#website"},"primaryImageOfPage":{"@id":"https:\/\/reperes-astro.fr\/retour-sur-la-nuit-des-etoiles-2026-et-leclipse-solaire-partielle\/#primaryimage"},"image":{"@id":"https:\/\/reperes-astro.fr\/retour-sur-la-nuit-des-etoiles-2026-et-leclipse-solaire-partielle\/#primaryimage"},"thumbnailUrl":"https:\/\/reperes-astro.fr\/%77%70%2d%63%6f%6e%74%65%6e%74\/uploads\/2026\/09\/NDE_2026-5.jpg","datePublished":"2026-09-05T12:40:07+00:00","dateModified":"2026-09-05T12:40:09+00:00","description":"Retour la Nuit des Etoiles 2026 qui s'est d\u00e9roul\u00e9e, avec en prime un \u00e9v\u00e9nement exceptionnel : une \u00e9clipse de soleil partielle !","breadcrumb":{"@id":"https:\/\/reperes-astro.fr\/retour-sur-la-nuit-des-etoiles-2026-et-leclipse-solaire-partielle\/#breadcrumb"},"inLanguage":"fr-FR","potentialAction":[{"@type":"ReadAction","target":["https:\/\/reperes-astro.fr\/retour-sur-la-nuit-des-etoiles-2026-et-leclipse-solaire-partielle\/"]}]},{"@type":"ImageObject","inLanguage":"fr-FR","@id":"https:\/\/reperes-astro.fr\/retour-sur-la-nuit-des-etoiles-2026-et-leclipse-solaire-partielle\/#primaryimage","url":"https:\/\/reperes-astro.fr\/%77%70%2d%63%6f%6e%74%65%6e%74\/uploads\/2026\/09\/NDE_2026-5.jpg","contentUrl":"https:\/\/reperes-astro.fr\/%77%70%2d%63%6f%6e%74%65%6e%74\/uploads\/2026\/09\/NDE_2026-5.jpg","width":1000,"height":450},{"@type":"BreadcrumbList","@id":"https:\/\/reperes-astro.fr\/retour-sur-la-nuit-des-etoiles-2026-et-leclipse-solaire-partielle\/#breadcrumb","itemListElement":[{"@type":"ListItem","position":1,"name":"Accueil","item":"https:\/\/reperes-astro.fr\/"},{"@type":"ListItem","position":2,"name":"Retour sur la Nuit des Etoiles 2026 et l&rsquo;\u00e9clipse solaire partielle"}]},{"@type":"WebSite","@id":"https:\/\/reperes-astro.fr\/#website","url":"https:\/\/reperes-astro.fr\/","name":"Rep\u00e8res Astro","description":"&quot;Heureux soient les f\u00eal\u00e9s, car ils laisseront passer la lumi\u00e8re.&quot; Michel Audiard","publisher":{"@id":"https:\/\/reperes-astro.fr\/#organization"},"potentialAction":[{"@type":"SearchAction","target":{"@type":"EntryPoint","urlTemplate":"https:\/\/reperes-astro.fr\/?s={search_term_string}"},"query-input":{"@type":"PropertyValueSpecification","valueRequired":true,"valueName":"search_term_string"}}],"inLanguage":"fr-FR"},{"@type":"Organization","@id":"https:\/\/reperes-astro.fr\/#organization","name":"Rep\u00e8res Astro","url":"https:\/\/reperes-astro.fr\/","logo":{"@type":"ImageObject","inLanguage":"fr-FR","@id":"https:\/\/reperes-astro.fr\/#\/schema\/logo\/image\/","url":"https:\/\/reperes-astro.fr\/%77%70%2d%63%6f%6e%74%65%6e%74\/uploads\/2014\/01\/logo-reperes1.jpg","contentUrl":"https:\/\/reperes-astro.fr\/%77%70%2d%63%6f%6e%74%65%6e%74\/uploads\/2014\/01\/logo-reperes1.jpg","width":510,"height":510,"caption":"Rep\u00e8res Astro"},"image":{"@id":"https:\/\/reperes-astro.fr\/#\/schema\/logo\/image\/"},"sameAs":["https:\/\/www.facebook.com\/AssoReperesAstro\/?locale=fr_FRrplanetarium"]},{"@type":"Person","@id":"https:\/\/reperes-astro.fr\/#\/schema\/person\/f5b58eaefe61da413bd91263498f00f4","name":"Maxence Delmotte","url":"https:\/\/reperes-astro.fr\/author\/maxence\/"}]}},"_links":{"self":[{"href":"https:\/\/reperes-astro.fr\/%77%70%2d%6a%73%6f%6e\/wp\/v2\/posts\/23905","targetHints":{"allow":["GET"]}}],"collection":[{"href":"https:\/\/reperes-astro.fr\/%77%70%2d%6a%73%6f%6e\/wp\/v2\/posts"}],"about":[{"href":"https:\/\/reperes-astro.fr\/%77%70%2d%6a%73%6f%6e\/wp\/v2\/types\/post"}],"author":[{"embeddable":true,"href":"https:\/\/reperes-astro.fr\/%77%70%2d%6a%73%6f%6e\/wp\/v2\/users\/6"}],"replies":[{"embeddable":true,"href":"https:\/\/reperes-astro.fr\/%77%70%2d%6a%73%6f%6e\/wp\/v2\/comments?post=23905"}],"version-history":[{"count":22,"href":"https:\/\/reperes-astro.fr\/%77%70%2d%6a%73%6f%6e\/wp\/v2\/posts\/23905\/revisions"}],"predecessor-version":[{"id":23956,"href":"https:\/\/reperes-astro.fr\/%77%70%2d%6a%73%6f%6e\/wp\/v2\/posts\/23905\/revisions\/23956"}],"wp:featuredmedia":[{"embeddable":true,"href":"https:\/\/reperes-astro.fr\/%77%70%2d%6a%73%6f%6e\/wp\/v2\/media\/23917"}],"wp:attachment":[{"href":"https:\/\/reperes-astro.fr\/%77%70%2d%6a%73%6f%6e\/wp\/v2\/media?parent=23905"}],"wp:term":[{"taxonomy":"category","embeddable":true,"href":"https:\/\/reperes-astro.fr\/%77%70%2d%6a%73%6f%6e\/wp\/v2\/categories?post=23905"},{"taxonomy":"post_tag","embeddable":true,"href":"https:\/\/reperes-astro.fr\/%77%70%2d%6a%73%6f%6e\/wp\/v2\/tags?post=23905"}],"curies":[{"name":"wp","href":"https:\/\/api.w.org\/{rel}","templated":true}]}}