{"id":23945,"date":"2026-09-05T13:40:17","date_gmt":"2026-09-05T11:40:17","guid":{"rendered":"https:\/\/reperes-astro.fr\/?p=23945"},"modified":"2026-09-05T13:41:29","modified_gmt":"2026-09-05T11:41:29","slug":"lastronomie-de-septembre-2026","status":"publish","type":"post","link":"https:\/\/reperes-astro.fr\/lastronomie-de-septembre-2026\/","title":{"rendered":"L\u2019Astronomie de septembre 2026"},"content":{"rendered":"\n<p class=\"wp-block-paragraph\">Voici ce que vous trouverez au sommaire de l\u2019Astronomie de septembre 2026\u00a0:<\/p>\n\n\n\n<p class=\"wp-block-paragraph\">&#8211; L\u2019histoire de l\u2019oxyg\u00e9nation de la Terre et de toutes ses variations, observ\u00e9es \u00e0 travers les roches s\u00e9dimentaires de la plan\u00e8te.<\/p>\n\n\n\n<p class=\"wp-block-paragraph\">&#8211; L\u2019hypoth\u00e8se d\u2019une activit\u00e9 volcanique lunaire \u00e0 partir du tr\u00e8s ancien champ magn\u00e9tique de notre satellite.<\/p>\n\n\n\n<p class=\"wp-block-paragraph\">&#8211; Une pr\u00e9sentation de l\u2019exoplan\u00e8te K2-18B et de son analyse spectrale.<\/p>\n\n\n\n<p class=\"wp-block-paragraph\">&#8211; Un r\u00e9sum\u00e9 par Th\u00e9r\u00e8se Encrenaz, de l\u2019observatoire de Paris PSL, de dix ans d\u2019\u00e9tude du syst\u00e8me HIP 41378 dans la constellation du Cancer, plus petit que le syst\u00e8me solaire.<\/p>\n\n\n\n<p class=\"wp-block-paragraph\">&#8211; Une \u00e9tude des galaxies naines cannibales, et de la simulation num\u00e9rique de la fusion de 730 d\u2019entre elles pour aboutir \u00e0 des galaxies comparables \u00e0 la n\u00f4tre, par Fabrice Mottez.<\/p>\n\n\n\n<p class=\"wp-block-paragraph\">&#8211; Le myst\u00e8re des galaxies ultracompactes. Des amas globulaires \u00e9volu\u00e9s&nbsp;? Des courants d\u2019\u00e9toiles&nbsp;? Qu\u2019apportent les donn\u00e9es du JWST&nbsp;?<\/p>\n\n\n\n<p class=\"wp-block-paragraph\">&#8211; Le bilan de Rosetta, dix ans plus tard, par Janet Borg.<\/p>\n\n\n\n<p class=\"wp-block-paragraph\">&#8211; L\u2019\u00e9volution de notre perception du ciel et sa d\u00e9sacralisation, illustr\u00e9e entre autres d\u2019images du <a href=\"https:\/\/gallica.bnf.fr\/ark:\/12148\/btv1b8432266z\/f31.item.r=Al-Sufi\">livre des \u00e9toiles fixes<\/a> d\u2019Al-Sufi,<\/p>\n\n\n\n<p class=\"wp-block-paragraph\">&#8211; Les premi\u00e8res pages d\u2019une BD consacr\u00e9e aux astroparticules,<\/p>\n\n\n\n<p class=\"wp-block-paragraph\">&#8211; Une \u00e9tude des t\u00e9lescopes terrestres chinois,<\/p>\n\n\n\n<p class=\"wp-block-paragraph\">&#8211; Un voyage dans la Lyre et vers la n\u00e9buleuse plan\u00e9taire NGC 6572,<\/p>\n\n\n\n<p class=\"wp-block-paragraph\">&#8211; Et apr\u00e8s les \u00e9ph\u00e9m\u00e9rides et la galerie, une interview de No\u00e9 Cl\u00e9ment, coordinateur du spectacle <em>l\u2019Astrosymphonie.<\/em><\/p>\n\n\n\n<p class=\"wp-block-paragraph\">Retrouvez tous les num\u00e9ros et abonnez-vous directement sur le site :\u00a0<strong><a href=\"https:\/\/lastronomie.fr\/\" target=\"_blank\" rel=\"noopener\">https:\/\/lastronomie.fr\/<\/a><\/strong><\/p>\n<div class=\"pvc_clear\"><\/div><p id=\"pvc_stats_23945\" class=\"pvc_stats all  \" data-element-id=\"23945\" style=\"\"><i class=\"pvc-stats-icon medium\" aria-hidden=\"true\"><svg aria-hidden=\"true\" focusable=\"false\" data-prefix=\"far\" data-icon=\"chart-bar\" role=\"img\" xmlns=\"http:\/\/www.w3.org\/2000\/svg\" viewBox=\"0 0 512 512\" class=\"svg-inline--fa fa-chart-bar fa-w-16 fa-2x\"><path fill=\"currentColor\" d=\"M396.8 352h22.4c6.4 0 12.8-6.4 12.8-12.8V108.8c0-6.4-6.4-12.8-12.8-12.8h-22.4c-6.4 0-12.8 6.4-12.8 12.8v230.4c0 6.4 6.4 12.8 12.8 12.8zm-192 0h22.4c6.4 0 12.8-6.4 12.8-12.8V140.8c0-6.4-6.4-12.8-12.8-12.8h-22.4c-6.4 0-12.8 6.4-12.8 12.8v198.4c0 6.4 6.4 12.8 12.8 12.8zm96 0h22.4c6.4 0 12.8-6.4 12.8-12.8V204.8c0-6.4-6.4-12.8-12.8-12.8h-22.4c-6.4 0-12.8 6.4-12.8 12.8v134.4c0 6.4 6.4 12.8 12.8 12.8zM496 400H48V80c0-8.84-7.16-16-16-16H16C7.16 64 0 71.16 0 80v336c0 17.67 14.33 32 32 32h464c8.84 0 16-7.16 16-16v-16c0-8.84-7.16-16-16-16zm-387.2-48h22.4c6.4 0 12.8-6.4 12.8-12.8v-70.4c0-6.4-6.4-12.8-12.8-12.8h-22.4c-6.4 0-12.8 6.4-12.8 12.8v70.4c0 6.4 6.4 12.8 12.8 12.8z\" class=\"\"><\/path><\/svg><\/i> <img loading=\"lazy\" decoding=\"async\" width=\"16\" height=\"16\" alt=\"Loading\" src=\"https:\/\/reperes-astro.fr\/%77%70%2d%63%6f%6e%74%65%6e%74\/plugins\/page-views-count\/ajax-loader-2x.gif\" border=0 \/><\/p><div class=\"pvc_clear\"><\/div>","protected":false},"excerpt":{"rendered":"<p>Voici ce que vous trouverez au sommaire de l\u2019Astronomie de septembre 2026\u00a0: &#8211; L\u2019histoire de l\u2019oxyg\u00e9nation de la Terre et de&#46;&#46;&#46;<\/p>\n<div class=\"pvc_clear\"><\/div>\n<p id=\"pvc_stats_23945\" class=\"pvc_stats all  \" data-element-id=\"23945\" style=\"\"><i class=\"pvc-stats-icon medium\" aria-hidden=\"true\"><svg aria-hidden=\"true\" focusable=\"false\" data-prefix=\"far\" data-icon=\"chart-bar\" role=\"img\" xmlns=\"http:\/\/www.w3.org\/2000\/svg\" viewBox=\"0 0 512 512\" class=\"svg-inline--fa fa-chart-bar fa-w-16 fa-2x\"><path fill=\"currentColor\" d=\"M396.8 352h22.4c6.4 0 12.8-6.4 12.8-12.8V108.8c0-6.4-6.4-12.8-12.8-12.8h-22.4c-6.4 0-12.8 6.4-12.8 12.8v230.4c0 6.4 6.4 12.8 12.8 12.8zm-192 0h22.4c6.4 0 12.8-6.4 12.8-12.8V140.8c0-6.4-6.4-12.8-12.8-12.8h-22.4c-6.4 0-12.8 6.4-12.8 12.8v198.4c0 6.4 6.4 12.8 12.8 12.8zm96 0h22.4c6.4 0 12.8-6.4 12.8-12.8V204.8c0-6.4-6.4-12.8-12.8-12.8h-22.4c-6.4 0-12.8 6.4-12.8 12.8v134.4c0 6.4 6.4 12.8 12.8 12.8zM496 400H48V80c0-8.84-7.16-16-16-16H16C7.16 64 0 71.16 0 80v336c0 17.67 14.33 32 32 32h464c8.84 0 16-7.16 16-16v-16c0-8.84-7.16-16-16-16zm-387.2-48h22.4c6.4 0 12.8-6.4 12.8-12.8v-70.4c0-6.4-6.4-12.8-12.8-12.8h-22.4c-6.4 0-12.8 6.4-12.8 12.8v70.4c0 6.4 6.4 12.8 12.8 12.8z\" class=\"\"><\/path><\/svg><\/i> <img loading=\"lazy\" decoding=\"async\" width=\"16\" height=\"16\" alt=\"Loading\" src=\"https:\/\/reperes-astro.fr\/%77%70%2d%63%6f%6e%74%65%6e%74\/plugins\/page-views-count\/ajax-loader-2x.gif\" border=0 \/><\/p>\n<div class=\"pvc_clear\"><\/div>\n","protected":false},"author":14,"featured_media":23947,"comment_status":"closed","ping_status":"closed","sticky":false,"template":"","format":"standard","meta":{"footnotes":""},"categories":[61,63,49],"tags":[],"class_list":["post-23945","post","type-post","status-publish","format-standard","has-post-thumbnail","hentry","category-cosmologie","category-espace","category-informations-a-destination-des-enseignants-et-des-animateurs"],"a3_pvc":{"activated":true,"total_views":16,"today_views":0},"yoast_head":"<title>L\u2019Astronomie de septembre 2026 - Rep\u00e8res Astro<\/title>\n<meta name=\"description\" content=\"Voici ce que vous trouverez au sommaire de l\u2019Astronomie de septembre 2026\u00a0:\" \/>\n<meta name=\"robots\" content=\"index, follow, max-snippet:-1, max-image-preview:large, max-video-preview:-1\" \/>\n<link rel=\"canonical\" href=\"https:\/\/reperes-astro.fr\/lastronomie-de-septembre-2026\/\" \/>\n<meta property=\"og:locale\" content=\"fr_FR\" \/>\n<meta property=\"og:type\" content=\"article\" \/>\n<meta property=\"og:title\" content=\"L\u2019Astronomie de septembre 2026 - Rep\u00e8res Astro\" \/>\n<meta property=\"og:description\" content=\"Voici ce que vous trouverez au sommaire de l\u2019Astronomie de septembre 2026\u00a0:\" \/>\n<meta property=\"og:url\" content=\"https:\/\/reperes-astro.fr\/lastronomie-de-septembre-2026\/\" \/>\n<meta property=\"og:site_name\" content=\"Rep\u00e8res Astro\" \/>\n<meta property=\"article:publisher\" content=\"https:\/\/www.facebook.com\/AssoReperesAstro\/?locale=fr_FRrplanetarium\" \/>\n<meta property=\"article:published_time\" content=\"2026-09-05T11:40:17+00:00\" \/>\n<meta property=\"article:modified_time\" content=\"2026-09-05T11:41:29+00:00\" \/>\n<meta property=\"og:image\" content=\"https:\/\/reperes-astro.fr\/%77%70%2d%63%6f%6e%74%65%6e%74\/uploads\/2026\/09\/astronomie_septembre_2026.jpg\" \/>\n\t<meta property=\"og:image:width\" content=\"600\" \/>\n\t<meta property=\"og:image:height\" content=\"420\" \/>\n\t<meta property=\"og:image:type\" content=\"image\/jpeg\" \/>\n<meta name=\"author\" content=\"Axel Guillerand\" \/>\n<meta name=\"twitter:card\" content=\"summary_large_image\" \/>\n<meta name=\"twitter:label1\" content=\"\u00c9crit par\" \/>\n\t<meta name=\"twitter:data1\" content=\"Axel Guillerand\" \/>\n\t<meta name=\"twitter:label2\" content=\"Dur\u00e9e de lecture estim\u00e9e\" \/>\n\t<meta name=\"twitter:data2\" content=\"1 minute\" \/>\n<script type=\"application\/ld+json\" class=\"yoast-schema-graph\">{\"@context\":\"https:\\\/\\\/schema.org\",\"@graph\":[{\"@type\":\"Article\",\"@id\":\"https:\\\/\\\/reperes-astro.fr\\\/lastronomie-de-septembre-2026\\\/#article\",\"isPartOf\":{\"@id\":\"https:\\\/\\\/reperes-astro.fr\\\/lastronomie-de-septembre-2026\\\/\"},\"author\":{\"name\":\"Axel Guillerand\",\"@id\":\"https:\\\/\\\/reperes-astro.fr\\\/#\\\/schema\\\/person\\\/63a42a145e25940d630b542b05dc9b3e\"},\"headline\":\"L\u2019Astronomie de septembre 2026\",\"datePublished\":\"2026-09-05T11:40:17+00:00\",\"dateModified\":\"2026-09-05T11:41:29+00:00\",\"mainEntityOfPage\":{\"@id\":\"https:\\\/\\\/reperes-astro.fr\\\/lastronomie-de-septembre-2026\\\/\"},\"wordCount\":278,\"publisher\":{\"@id\":\"https:\\\/\\\/reperes-astro.fr\\\/#organization\"},\"image\":{\"@id\":\"https:\\\/\\\/reperes-astro.fr\\\/lastronomie-de-septembre-2026\\\/#primaryimage\"},\"thumbnailUrl\":\"https:\\\/\\\/reperes-astro.fr\\\/%77%70%2d%63%6f%6e%74%65%6e%74\\\/uploads\\\/2026\\\/09\\\/astronomie_septembre_2026.jpg\",\"articleSection\":[\"Cosmologie\",\"Espace\",\"Publications\"],\"inLanguage\":\"fr-FR\"},{\"@type\":\"WebPage\",\"@id\":\"https:\\\/\\\/reperes-astro.fr\\\/lastronomie-de-septembre-2026\\\/\",\"url\":\"https:\\\/\\\/reperes-astro.fr\\\/lastronomie-de-septembre-2026\\\/\",\"name\":\"L\u2019Astronomie de septembre 2026 - Rep\u00e8res Astro\",\"isPartOf\":{\"@id\":\"https:\\\/\\\/reperes-astro.fr\\\/#website\"},\"primaryImageOfPage\":{\"@id\":\"https:\\\/\\\/reperes-astro.fr\\\/lastronomie-de-septembre-2026\\\/#primaryimage\"},\"image\":{\"@id\":\"https:\\\/\\\/reperes-astro.fr\\\/lastronomie-de-septembre-2026\\\/#primaryimage\"},\"thumbnailUrl\":\"https:\\\/\\\/reperes-astro.fr\\\/%77%70%2d%63%6f%6e%74%65%6e%74\\\/uploads\\\/2026\\\/09\\\/astronomie_septembre_2026.jpg\",\"datePublished\":\"2026-09-05T11:40:17+00:00\",\"dateModified\":\"2026-09-05T11:41:29+00:00\",\"description\":\"Voici ce que vous trouverez au sommaire de l\u2019Astronomie de septembre 2026\u00a0:\",\"breadcrumb\":{\"@id\":\"https:\\\/\\\/reperes-astro.fr\\\/lastronomie-de-septembre-2026\\\/#breadcrumb\"},\"inLanguage\":\"fr-FR\",\"potentialAction\":[{\"@type\":\"ReadAction\",\"target\":[\"https:\\\/\\\/reperes-astro.fr\\\/lastronomie-de-septembre-2026\\\/\"]}]},{\"@type\":\"ImageObject\",\"inLanguage\":\"fr-FR\",\"@id\":\"https:\\\/\\\/reperes-astro.fr\\\/lastronomie-de-septembre-2026\\\/#primaryimage\",\"url\":\"https:\\\/\\\/reperes-astro.fr\\\/%77%70%2d%63%6f%6e%74%65%6e%74\\\/uploads\\\/2026\\\/09\\\/astronomie_septembre_2026.jpg\",\"contentUrl\":\"https:\\\/\\\/reperes-astro.fr\\\/%77%70%2d%63%6f%6e%74%65%6e%74\\\/uploads\\\/2026\\\/09\\\/astronomie_septembre_2026.jpg\",\"width\":600,\"height\":420},{\"@type\":\"BreadcrumbList\",\"@id\":\"https:\\\/\\\/reperes-astro.fr\\\/lastronomie-de-septembre-2026\\\/#breadcrumb\",\"itemListElement\":[{\"@type\":\"ListItem\",\"position\":1,\"name\":\"Accueil\",\"item\":\"https:\\\/\\\/reperes-astro.fr\\\/\"},{\"@type\":\"ListItem\",\"position\":2,\"name\":\"L\u2019Astronomie de septembre 2026\"}]},{\"@type\":\"WebSite\",\"@id\":\"https:\\\/\\\/reperes-astro.fr\\\/#website\",\"url\":\"https:\\\/\\\/reperes-astro.fr\\\/\",\"name\":\"Rep\u00e8res Astro\",\"description\":\"&quot;Heureux soient les f\u00eal\u00e9s, car ils laisseront passer la lumi\u00e8re.&quot; Michel Audiard\",\"publisher\":{\"@id\":\"https:\\\/\\\/reperes-astro.fr\\\/#organization\"},\"potentialAction\":[{\"@type\":\"SearchAction\",\"target\":{\"@type\":\"EntryPoint\",\"urlTemplate\":\"https:\\\/\\\/reperes-astro.fr\\\/?s={search_term_string}\"},\"query-input\":{\"@type\":\"PropertyValueSpecification\",\"valueRequired\":true,\"valueName\":\"search_term_string\"}}],\"inLanguage\":\"fr-FR\"},{\"@type\":\"Organization\",\"@id\":\"https:\\\/\\\/reperes-astro.fr\\\/#organization\",\"name\":\"Rep\u00e8res Astro\",\"url\":\"https:\\\/\\\/reperes-astro.fr\\\/\",\"logo\":{\"@type\":\"ImageObject\",\"inLanguage\":\"fr-FR\",\"@id\":\"https:\\\/\\\/reperes-astro.fr\\\/#\\\/schema\\\/logo\\\/image\\\/\",\"url\":\"https:\\\/\\\/reperes-astro.fr\\\/%77%70%2d%63%6f%6e%74%65%6e%74\\\/uploads\\\/2014\\\/01\\\/logo-reperes1.jpg\",\"contentUrl\":\"https:\\\/\\\/reperes-astro.fr\\\/%77%70%2d%63%6f%6e%74%65%6e%74\\\/uploads\\\/2014\\\/01\\\/logo-reperes1.jpg\",\"width\":510,\"height\":510,\"caption\":\"Rep\u00e8res Astro\"},\"image\":{\"@id\":\"https:\\\/\\\/reperes-astro.fr\\\/#\\\/schema\\\/logo\\\/image\\\/\"},\"sameAs\":[\"https:\\\/\\\/www.facebook.com\\\/AssoReperesAstro\\\/?locale=fr_FRrplanetarium\"]},{\"@type\":\"Person\",\"@id\":\"https:\\\/\\\/reperes-astro.fr\\\/#\\\/schema\\\/person\\\/63a42a145e25940d630b542b05dc9b3e\",\"name\":\"Axel Guillerand\",\"url\":\"https:\\\/\\\/reperes-astro.fr\\\/author\\\/axel-guillerand\\\/\"}]}<\/script>","yoast_head_json":{"title":"L\u2019Astronomie de septembre 2026 - Rep\u00e8res Astro","description":"Voici ce que vous trouverez au sommaire de l\u2019Astronomie de septembre 2026\u00a0:","robots":{"index":"index","follow":"follow","max-snippet":"max-snippet:-1","max-image-preview":"max-image-preview:large","max-video-preview":"max-video-preview:-1"},"canonical":"https:\/\/reperes-astro.fr\/lastronomie-de-septembre-2026\/","og_locale":"fr_FR","og_type":"article","og_title":"L\u2019Astronomie de septembre 2026 - Rep\u00e8res Astro","og_description":"Voici ce que vous trouverez au sommaire de l\u2019Astronomie de septembre 2026\u00a0:","og_url":"https:\/\/reperes-astro.fr\/lastronomie-de-septembre-2026\/","og_site_name":"Rep\u00e8res Astro","article_publisher":"https:\/\/www.facebook.com\/AssoReperesAstro\/?locale=fr_FRrplanetarium","article_published_time":"2026-09-05T11:40:17+00:00","article_modified_time":"2026-09-05T11:41:29+00:00","og_image":[{"width":600,"height":420,"url":"https:\/\/reperes-astro.fr\/%77%70%2d%63%6f%6e%74%65%6e%74\/uploads\/2026\/09\/astronomie_septembre_2026.jpg","type":"image\/jpeg"}],"author":"Axel Guillerand","twitter_card":"summary_large_image","twitter_misc":{"\u00c9crit par":"Axel Guillerand","Dur\u00e9e de lecture estim\u00e9e":"1 minute"},"schema":{"@context":"https:\/\/schema.org","@graph":[{"@type":"Article","@id":"https:\/\/reperes-astro.fr\/lastronomie-de-septembre-2026\/#article","isPartOf":{"@id":"https:\/\/reperes-astro.fr\/lastronomie-de-septembre-2026\/"},"author":{"name":"Axel Guillerand","@id":"https:\/\/reperes-astro.fr\/#\/schema\/person\/63a42a145e25940d630b542b05dc9b3e"},"headline":"L\u2019Astronomie de septembre 2026","datePublished":"2026-09-05T11:40:17+00:00","dateModified":"2026-09-05T11:41:29+00:00","mainEntityOfPage":{"@id":"https:\/\/reperes-astro.fr\/lastronomie-de-septembre-2026\/"},"wordCount":278,"publisher":{"@id":"https:\/\/reperes-astro.fr\/#organization"},"image":{"@id":"https:\/\/reperes-astro.fr\/lastronomie-de-septembre-2026\/#primaryimage"},"thumbnailUrl":"https:\/\/reperes-astro.fr\/%77%70%2d%63%6f%6e%74%65%6e%74\/uploads\/2026\/09\/astronomie_septembre_2026.jpg","articleSection":["Cosmologie","Espace","Publications"],"inLanguage":"fr-FR"},{"@type":"WebPage","@id":"https:\/\/reperes-astro.fr\/lastronomie-de-septembre-2026\/","url":"https:\/\/reperes-astro.fr\/lastronomie-de-septembre-2026\/","name":"L\u2019Astronomie de septembre 2026 - Rep\u00e8res Astro","isPartOf":{"@id":"https:\/\/reperes-astro.fr\/#website"},"primaryImageOfPage":{"@id":"https:\/\/reperes-astro.fr\/lastronomie-de-septembre-2026\/#primaryimage"},"image":{"@id":"https:\/\/reperes-astro.fr\/lastronomie-de-septembre-2026\/#primaryimage"},"thumbnailUrl":"https:\/\/reperes-astro.fr\/%77%70%2d%63%6f%6e%74%65%6e%74\/uploads\/2026\/09\/astronomie_septembre_2026.jpg","datePublished":"2026-09-05T11:40:17+00:00","dateModified":"2026-09-05T11:41:29+00:00","description":"Voici ce que vous trouverez au sommaire de l\u2019Astronomie de septembre 2026\u00a0:","breadcrumb":{"@id":"https:\/\/reperes-astro.fr\/lastronomie-de-septembre-2026\/#breadcrumb"},"inLanguage":"fr-FR","potentialAction":[{"@type":"ReadAction","target":["https:\/\/reperes-astro.fr\/lastronomie-de-septembre-2026\/"]}]},{"@type":"ImageObject","inLanguage":"fr-FR","@id":"https:\/\/reperes-astro.fr\/lastronomie-de-septembre-2026\/#primaryimage","url":"https:\/\/reperes-astro.fr\/%77%70%2d%63%6f%6e%74%65%6e%74\/uploads\/2026\/09\/astronomie_septembre_2026.jpg","contentUrl":"https:\/\/reperes-astro.fr\/%77%70%2d%63%6f%6e%74%65%6e%74\/uploads\/2026\/09\/astronomie_septembre_2026.jpg","width":600,"height":420},{"@type":"BreadcrumbList","@id":"https:\/\/reperes-astro.fr\/lastronomie-de-septembre-2026\/#breadcrumb","itemListElement":[{"@type":"ListItem","position":1,"name":"Accueil","item":"https:\/\/reperes-astro.fr\/"},{"@type":"ListItem","position":2,"name":"L\u2019Astronomie de septembre 2026"}]},{"@type":"WebSite","@id":"https:\/\/reperes-astro.fr\/#website","url":"https:\/\/reperes-astro.fr\/","name":"Rep\u00e8res Astro","description":"&quot;Heureux soient les f\u00eal\u00e9s, car ils laisseront passer la lumi\u00e8re.&quot; Michel Audiard","publisher":{"@id":"https:\/\/reperes-astro.fr\/#organization"},"potentialAction":[{"@type":"SearchAction","target":{"@type":"EntryPoint","urlTemplate":"https:\/\/reperes-astro.fr\/?s={search_term_string}"},"query-input":{"@type":"PropertyValueSpecification","valueRequired":true,"valueName":"search_term_string"}}],"inLanguage":"fr-FR"},{"@type":"Organization","@id":"https:\/\/reperes-astro.fr\/#organization","name":"Rep\u00e8res Astro","url":"https:\/\/reperes-astro.fr\/","logo":{"@type":"ImageObject","inLanguage":"fr-FR","@id":"https:\/\/reperes-astro.fr\/#\/schema\/logo\/image\/","url":"https:\/\/reperes-astro.fr\/%77%70%2d%63%6f%6e%74%65%6e%74\/uploads\/2014\/01\/logo-reperes1.jpg","contentUrl":"https:\/\/reperes-astro.fr\/%77%70%2d%63%6f%6e%74%65%6e%74\/uploads\/2014\/01\/logo-reperes1.jpg","width":510,"height":510,"caption":"Rep\u00e8res Astro"},"image":{"@id":"https:\/\/reperes-astro.fr\/#\/schema\/logo\/image\/"},"sameAs":["https:\/\/www.facebook.com\/AssoReperesAstro\/?locale=fr_FRrplanetarium"]},{"@type":"Person","@id":"https:\/\/reperes-astro.fr\/#\/schema\/person\/63a42a145e25940d630b542b05dc9b3e","name":"Axel Guillerand","url":"https:\/\/reperes-astro.fr\/author\/axel-guillerand\/"}]}},"_links":{"self":[{"href":"https:\/\/reperes-astro.fr\/%77%70%2d%6a%73%6f%6e\/wp\/v2\/posts\/23945","targetHints":{"allow":["GET"]}}],"collection":[{"href":"https:\/\/reperes-astro.fr\/%77%70%2d%6a%73%6f%6e\/wp\/v2\/posts"}],"about":[{"href":"https:\/\/reperes-astro.fr\/%77%70%2d%6a%73%6f%6e\/wp\/v2\/types\/post"}],"author":[{"embeddable":true,"href":"https:\/\/reperes-astro.fr\/%77%70%2d%6a%73%6f%6e\/wp\/v2\/users\/14"}],"replies":[{"embeddable":true,"href":"https:\/\/reperes-astro.fr\/%77%70%2d%6a%73%6f%6e\/wp\/v2\/comments?post=23945"}],"version-history":[{"count":3,"href":"https:\/\/reperes-astro.fr\/%77%70%2d%6a%73%6f%6e\/wp\/v2\/posts\/23945\/revisions"}],"predecessor-version":[{"id":23949,"href":"https:\/\/reperes-astro.fr\/%77%70%2d%6a%73%6f%6e\/wp\/v2\/posts\/23945\/revisions\/23949"}],"wp:featuredmedia":[{"embeddable":true,"href":"https:\/\/reperes-astro.fr\/%77%70%2d%6a%73%6f%6e\/wp\/v2\/media\/23947"}],"wp:attachment":[{"href":"https:\/\/reperes-astro.fr\/%77%70%2d%6a%73%6f%6e\/wp\/v2\/media?parent=23945"}],"wp:term":[{"taxonomy":"category","embeddable":true,"href":"https:\/\/reperes-astro.fr\/%77%70%2d%6a%73%6f%6e\/wp\/v2\/categories?post=23945"},{"taxonomy":"post_tag","embeddable":true,"href":"https:\/\/reperes-astro.fr\/%77%70%2d%6a%73%6f%6e\/wp\/v2\/tags?post=23945"}],"curies":[{"name":"wp","href":"https:\/\/api.w.org\/{rel}","templated":true}]}}