{"id":3559,"date":"2015-07-08T16:33:02","date_gmt":"2015-07-08T14:33:02","guid":{"rendered":"http:\/\/reperes-astro.fr\/?p=3559"},"modified":"2025-02-11T17:51:10","modified_gmt":"2025-02-11T16:51:10","slug":"samedi-4-juillet-echanges-de-ciels-a-laerodrome-de-loeuilly","status":"publish","type":"post","link":"https:\/\/reperes-astro.fr\/samedi-4-juillet-echanges-de-ciels-a-laerodrome-de-loeuilly\/","title":{"rendered":"Echanges de ciels \u00e0 l&rsquo;a\u00e9rodrome de LOEUILLY"},"content":{"rendered":"\n<p>Samedi 4 Juillet, pour la seconde fois REPERES \u00e9changeait des \u00e9toiles et des plan\u00e8tes contre un bapt\u00eame de l&rsquo;air.<\/p>\n\n\n<div class=\"wp-block-image\">\n<figure class=\"aligncenter size-large is-resized\"><a href=\"https:\/\/reperes-astro.fr\/%77%70%2d%63%6f%6e%74%65%6e%74\/uploads\/2015\/07\/IMG_20150704_201933529-scaled.jpg\"><img loading=\"lazy\" decoding=\"async\" width=\"1024\" height=\"579\" src=\"https:\/\/reperes-astro.fr\/%77%70%2d%63%6f%6e%74%65%6e%74\/uploads\/2015\/07\/IMG_20150704_201933529-1024x579.jpg\" alt=\"\" class=\"wp-image-3560\" style=\"width:630px\" srcset=\"https:\/\/reperes-astro.fr\/%77%70%2d%63%6f%6e%74%65%6e%74\/uploads\/2015\/07\/IMG_20150704_201933529-1024x579.jpg 1024w, https:\/\/reperes-astro.fr\/%77%70%2d%63%6f%6e%74%65%6e%74\/uploads\/2015\/07\/IMG_20150704_201933529-300x170.jpg 300w, https:\/\/reperes-astro.fr\/%77%70%2d%63%6f%6e%74%65%6e%74\/uploads\/2015\/07\/IMG_20150704_201933529-768x434.jpg 768w, https:\/\/reperes-astro.fr\/%77%70%2d%63%6f%6e%74%65%6e%74\/uploads\/2015\/07\/IMG_20150704_201933529-1536x869.jpg 1536w, https:\/\/reperes-astro.fr\/%77%70%2d%63%6f%6e%74%65%6e%74\/uploads\/2015\/07\/IMG_20150704_201933529-2048x1158.jpg 2048w\" sizes=\"auto, (max-width: 1024px) 100vw, 1024px\" \/><\/a><\/figure>\n<\/div>\n\n\n<p><\/p>\n\n\n\n<p>COMPTE RENDU D&rsquo;ELIZABETH :<\/p>\n\n\n\n<p>Soir\u00e9e \u00ab&nbsp;Le Ciel de la terre, en vol et sous le plan\u00e9\u00bb \u00e0 Loeuilly, le 4 juillet 2015<\/p>\n\n\n\n<p>Les membres de Rep\u00e8res ont \u00e9t\u00e9 convi\u00e9s par l\u2019A\u00e9roclub de Loeuilly \u00e0 une soir\u00e9e d\u2019\u00e9change de bapt\u00eames&nbsp; de l\u2019air et d\u2019observations du ciel&nbsp;; deux passions qui se rencontrent, qui s\u2019\u00e9taient d\u00e9j\u00e0 bien concili\u00e9es en juillet 2013, et qui s\u00fbrement se rencontreront encore.<\/p>\n\n\n\n<p>Nous nous sommes retrouv\u00e9s en fin d\u2019apr\u00e8s midi et avons savour\u00e9 le beau temps, sans canicule, dans ce lieu l\u00e9g\u00e8rement vent\u00e9.<\/p>\n\n\n\n<p>Puis ce furent les tours en ULM, les pilotes ravis de rapprocher les astronomes amateurs de leurs ch\u00e8res \u00e9toiles, pas visibles encore tant que le soleil brille, mais nous savons tous bien qu\u2019elles sont l\u00e0, et qu\u2019elles brilleront dans la vo\u00fbte c\u00e9leste d\u00e8s que la nuit se fera noire&nbsp;; enfin, cela veut dire s\u2019il n\u2019y a pas de nuage.<\/p>\n\n\n<div class=\"wp-block-image\">\n<figure class=\"aligncenter size-full is-resized\"><a href=\"https:\/\/reperes-astro.fr\/%77%70%2d%63%6f%6e%74%65%6e%74\/uploads\/2015\/07\/DSCN0990.jpg\"><img loading=\"lazy\" decoding=\"async\" width=\"2560\" height=\"1920\" src=\"https:\/\/reperes-astro.fr\/%77%70%2d%63%6f%6e%74%65%6e%74\/uploads\/2015\/07\/DSCN0990-scaled.jpg\" alt=\"\" class=\"wp-image-3561\" style=\"width:630px\" title=\"DSCN0990\" srcset=\"https:\/\/reperes-astro.fr\/%77%70%2d%63%6f%6e%74%65%6e%74\/uploads\/2015\/07\/DSCN0990-scaled.jpg 2560w, https:\/\/reperes-astro.fr\/%77%70%2d%63%6f%6e%74%65%6e%74\/uploads\/2015\/07\/DSCN0990-300x225.jpg 300w, https:\/\/reperes-astro.fr\/%77%70%2d%63%6f%6e%74%65%6e%74\/uploads\/2015\/07\/DSCN0990-1024x768.jpg 1024w, https:\/\/reperes-astro.fr\/%77%70%2d%63%6f%6e%74%65%6e%74\/uploads\/2015\/07\/DSCN0990-768x576.jpg 768w, https:\/\/reperes-astro.fr\/%77%70%2d%63%6f%6e%74%65%6e%74\/uploads\/2015\/07\/DSCN0990-1536x1152.jpg 1536w, https:\/\/reperes-astro.fr\/%77%70%2d%63%6f%6e%74%65%6e%74\/uploads\/2015\/07\/DSCN0990-2048x1536.jpg 2048w\" sizes=\"auto, (max-width: 2560px) 100vw, 2560px\" \/><\/a><\/figure>\n<\/div>\n\n\n<p><\/p>\n\n\n\n<p>Les aviateurs aiment prendre de la hauteur et nous ont fait partager cette exp\u00e9rience de voir la terre d\u2019une altitude de 300m, \u00e0 une vitesse d\u2019environ 120 kms\/h. Echanges tr\u00e8s int\u00e9ressants \u00e0 bord&nbsp;;<\/p>\n\n\n\n<p>Impressions magiques de voir d\u00e9filer champs, vall\u00e9es, villages et plans d\u2019eau, bref&nbsp; la diversit\u00e9 de la nature. Quelle \u00e9motion pour moi quand l\u2019ULM a vol\u00e9 face au Soleil, comme si on allait le rencontrer.<\/p>\n\n\n\n<p>Ap\u00e9ritif avec un punch qui coulait dans nos bouches comme du nectar.<\/p>\n\n\n<div class=\"wp-block-image\">\n<figure class=\"aligncenter size-full\"><a href=\"https:\/\/reperes-astro.fr\/%77%70%2d%63%6f%6e%74%65%6e%74\/uploads\/2015\/07\/DSCN0983-en-600.jpg\"><img loading=\"lazy\" decoding=\"async\" width=\"600\" height=\"450\" src=\"https:\/\/reperes-astro.fr\/%77%70%2d%63%6f%6e%74%65%6e%74\/uploads\/2015\/07\/DSCN0983-en-600.jpg\" alt=\"\" class=\"wp-image-3562\" title=\"DSCN0983 en 600\" srcset=\"https:\/\/reperes-astro.fr\/%77%70%2d%63%6f%6e%74%65%6e%74\/uploads\/2015\/07\/DSCN0983-en-600.jpg 600w, https:\/\/reperes-astro.fr\/%77%70%2d%63%6f%6e%74%65%6e%74\/uploads\/2015\/07\/DSCN0983-en-600-300x225.jpg 300w\" sizes=\"auto, (max-width: 600px) 100vw, 600px\" \/><\/a><\/figure>\n<\/div>\n\n\n<p><\/p>\n\n\n\n<p>D\u00e8s que le Soleil passait sous l\u2019horizon, les montreurs d\u2019\u00e9toiles ont commenc\u00e9 \u00e0 pointer leurs divers instruments vers les deux plan\u00e8tes V\u00e9nus et Jupiter qui sont toutes proches l\u2019une de l\u2019autre en ce moment&nbsp; (Visibles toutes deux dans le champ d\u2019une paire de jumelle).<\/p>\n\n\n<div class=\"wp-block-image\">\n<figure class=\"aligncenter size-full\"><a href=\"https:\/\/reperes-astro.fr\/%77%70%2d%63%6f%6e%74%65%6e%74\/uploads\/2015\/07\/IMG_20150704_194118832-1-en-600.jpg\"><img loading=\"lazy\" decoding=\"async\" width=\"600\" height=\"339\" src=\"https:\/\/reperes-astro.fr\/%77%70%2d%63%6f%6e%74%65%6e%74\/uploads\/2015\/07\/IMG_20150704_194118832-1-en-600.jpg\" alt=\"\" class=\"wp-image-3564\" srcset=\"https:\/\/reperes-astro.fr\/%77%70%2d%63%6f%6e%74%65%6e%74\/uploads\/2015\/07\/IMG_20150704_194118832-1-en-600.jpg 600w, https:\/\/reperes-astro.fr\/%77%70%2d%63%6f%6e%74%65%6e%74\/uploads\/2015\/07\/IMG_20150704_194118832-1-en-600-300x170.jpg 300w\" sizes=\"auto, (max-width: 600px) 100vw, 600px\" \/><\/a><\/figure>\n<\/div>\n\n\n<p><\/p>\n\n\n\n<p>Claude de son c\u00f4t\u00e9 faisait le tour de notre galaxie, la voie lact\u00e9e, sous le plan\u00e9tarium,&nbsp; enchante ses auditeurs&nbsp; par ce parcours qui a quelque chose de magique, d\u2019autant que Claude l\u2019agr\u00e9mente des histoires de la mythologie grecque. 45 personnes ont appr\u00e9ci\u00e9 ce voyage virtuel dans le ciel.<\/p>\n\n\n\n<p>Il y eut une premi\u00e8re&nbsp;: le chien NEMO, le premier chien sous le plan\u00e9tarium&nbsp;! Lui aussi en est sorti plus savant et tout \u00e9merveill\u00e9&nbsp;! Comme a dit une dame en sortant du plan\u00e9tarium \u00ab&nbsp;une autre fa\u00e7on de voir le monde et de faire de la science&nbsp;\u00bb.<\/p>\n\n\n<div class=\"wp-block-image\">\n<figure class=\"aligncenter size-full\"><a href=\"https:\/\/reperes-astro.fr\/%77%70%2d%63%6f%6e%74%65%6e%74\/uploads\/2015\/07\/IMG_20150704_194135835-en-600.jpg\"><img loading=\"lazy\" decoding=\"async\" width=\"600\" height=\"339\" src=\"https:\/\/reperes-astro.fr\/%77%70%2d%63%6f%6e%74%65%6e%74\/uploads\/2015\/07\/IMG_20150704_194135835-en-600.jpg\" alt=\"\" class=\"wp-image-3563\" srcset=\"https:\/\/reperes-astro.fr\/%77%70%2d%63%6f%6e%74%65%6e%74\/uploads\/2015\/07\/IMG_20150704_194135835-en-600.jpg 600w, https:\/\/reperes-astro.fr\/%77%70%2d%63%6f%6e%74%65%6e%74\/uploads\/2015\/07\/IMG_20150704_194135835-en-600-300x170.jpg 300w\" sizes=\"auto, (max-width: 600px) 100vw, 600px\" \/><\/a><\/figure>\n<\/div>\n\n\n<p><\/p>\n\n\n\n<p>Toujours \u00e0 leur poste d\u2019observation, les montreurs d\u2019\u00e9toiles rep\u00e9r\u00e8rent Saturne en train de se lever&nbsp;; c\u2019est toujours un moment enchant\u00e9 que celui de d\u00e9couvrir pour la premi\u00e8re fois Saturne et ses magnifiques&nbsp; anneaux.&nbsp;<\/p>\n\n\n\n<p>Quelques belles \u00e9toiles se laiss\u00e8rent d\u00e9couvrir, Arcturus, le triangle d\u2019\u00e9t\u00e9 avec les \u00e9toiles Vega (de la constellation de la Lyre), Deneb (du Cygne) et Alta\u00efr (de l\u2019Aigle).&nbsp;<\/p>\n\n\n\n<p>Et puis le clou de la soir\u00e9e&nbsp;: un superbe lever de Lune, \u00e9norme et un peu rousse, ce qui suscita bien des question et explications, lune qui nous pr\u00e9senta&nbsp; un aspect bien singulier quand des bandes de nuages lui passaient devant.&nbsp;<\/p>\n\n\n\n<p>Malheureusement la m\u00e9t\u00e9o ne fut gu\u00e8re favorable pour d\u00e9couvrir les merveilles du ciel profond&nbsp;: si, l\u2019anneau de la Lyre put \u00eatre observ\u00e9.<\/p>\n\n\n\n<p>D\u2019autres r\u00e9jouissances nous attendaient&nbsp;: un d\u00e9licieux d\u00eener, auquel tous firent honneur.<\/p>\n\n\n\n<p>&nbsp;Soir\u00e9e tr\u00e8s r\u00e9ussie, qui en appellera d\u2019autres \u00e0 coup s\u00fbr.&nbsp;<\/p>\n\n\n\n<p><\/p>\n<div class=\"pvc_clear\"><\/div><p id=\"pvc_stats_3559\" class=\"pvc_stats all  \" data-element-id=\"3559\" style=\"\"><i class=\"pvc-stats-icon medium\" aria-hidden=\"true\"><svg aria-hidden=\"true\" focusable=\"false\" data-prefix=\"far\" data-icon=\"chart-bar\" role=\"img\" xmlns=\"http:\/\/www.w3.org\/2000\/svg\" viewBox=\"0 0 512 512\" class=\"svg-inline--fa fa-chart-bar fa-w-16 fa-2x\"><path fill=\"currentColor\" d=\"M396.8 352h22.4c6.4 0 12.8-6.4 12.8-12.8V108.8c0-6.4-6.4-12.8-12.8-12.8h-22.4c-6.4 0-12.8 6.4-12.8 12.8v230.4c0 6.4 6.4 12.8 12.8 12.8zm-192 0h22.4c6.4 0 12.8-6.4 12.8-12.8V140.8c0-6.4-6.4-12.8-12.8-12.8h-22.4c-6.4 0-12.8 6.4-12.8 12.8v198.4c0 6.4 6.4 12.8 12.8 12.8zm96 0h22.4c6.4 0 12.8-6.4 12.8-12.8V204.8c0-6.4-6.4-12.8-12.8-12.8h-22.4c-6.4 0-12.8 6.4-12.8 12.8v134.4c0 6.4 6.4 12.8 12.8 12.8zM496 400H48V80c0-8.84-7.16-16-16-16H16C7.16 64 0 71.16 0 80v336c0 17.67 14.33 32 32 32h464c8.84 0 16-7.16 16-16v-16c0-8.84-7.16-16-16-16zm-387.2-48h22.4c6.4 0 12.8-6.4 12.8-12.8v-70.4c0-6.4-6.4-12.8-12.8-12.8h-22.4c-6.4 0-12.8 6.4-12.8 12.8v70.4c0 6.4 6.4 12.8 12.8 12.8z\" class=\"\"><\/path><\/svg><\/i> <img loading=\"lazy\" decoding=\"async\" width=\"16\" height=\"16\" alt=\"Loading\" src=\"https:\/\/reperes-astro.fr\/%77%70%2d%63%6f%6e%74%65%6e%74\/plugins\/page-views-count\/ajax-loader-2x.gif\" border=0 \/><\/p><div class=\"pvc_clear\"><\/div>","protected":false},"excerpt":{"rendered":"<p>Samedi 4 Juillet, pour la seconde fois REPERES \u00e9changeait des \u00e9toiles et des plan\u00e8tes contre un bapt\u00eame de l&rsquo;air. COMPTE RENDU&#46;&#46;&#46;<\/p>\n<div class=\"pvc_clear\"><\/div>\n<p id=\"pvc_stats_3559\" class=\"pvc_stats all  \" data-element-id=\"3559\" style=\"\"><i class=\"pvc-stats-icon medium\" aria-hidden=\"true\"><svg aria-hidden=\"true\" focusable=\"false\" data-prefix=\"far\" data-icon=\"chart-bar\" role=\"img\" xmlns=\"http:\/\/www.w3.org\/2000\/svg\" viewBox=\"0 0 512 512\" class=\"svg-inline--fa fa-chart-bar fa-w-16 fa-2x\"><path fill=\"currentColor\" d=\"M396.8 352h22.4c6.4 0 12.8-6.4 12.8-12.8V108.8c0-6.4-6.4-12.8-12.8-12.8h-22.4c-6.4 0-12.8 6.4-12.8 12.8v230.4c0 6.4 6.4 12.8 12.8 12.8zm-192 0h22.4c6.4 0 12.8-6.4 12.8-12.8V140.8c0-6.4-6.4-12.8-12.8-12.8h-22.4c-6.4 0-12.8 6.4-12.8 12.8v198.4c0 6.4 6.4 12.8 12.8 12.8zm96 0h22.4c6.4 0 12.8-6.4 12.8-12.8V204.8c0-6.4-6.4-12.8-12.8-12.8h-22.4c-6.4 0-12.8 6.4-12.8 12.8v134.4c0 6.4 6.4 12.8 12.8 12.8zM496 400H48V80c0-8.84-7.16-16-16-16H16C7.16 64 0 71.16 0 80v336c0 17.67 14.33 32 32 32h464c8.84 0 16-7.16 16-16v-16c0-8.84-7.16-16-16-16zm-387.2-48h22.4c6.4 0 12.8-6.4 12.8-12.8v-70.4c0-6.4-6.4-12.8-12.8-12.8h-22.4c-6.4 0-12.8 6.4-12.8 12.8v70.4c0 6.4 6.4 12.8 12.8 12.8z\" class=\"\"><\/path><\/svg><\/i> <img loading=\"lazy\" decoding=\"async\" width=\"16\" height=\"16\" alt=\"Loading\" src=\"https:\/\/reperes-astro.fr\/%77%70%2d%63%6f%6e%74%65%6e%74\/plugins\/page-views-count\/ajax-loader-2x.gif\" border=0 \/><\/p>\n<div class=\"pvc_clear\"><\/div>\n","protected":false},"author":2,"featured_media":3560,"comment_status":"closed","ping_status":"closed","sticky":false,"template":"","format":"standard","meta":{"footnotes":""},"categories":[106,16,102],"tags":[],"class_list":["post-3559","post","type-post","status-publish","format-standard","has-post-thumbnail","hentry","category-archives-reperes-astro-2015","category-actualites","category-archives-reperes-astro"],"a3_pvc":{"activated":true,"total_views":22,"today_views":0},"yoast_head":"<title>Echanges de ciels \u00e0 l&#039;a\u00e9rodrome de LOEUILLY - Rep\u00e8res Astro<\/title>\n<meta name=\"robots\" content=\"index, follow, max-snippet:-1, max-image-preview:large, max-video-preview:-1\" \/>\n<link rel=\"canonical\" href=\"https:\/\/reperes-astro.fr\/samedi-4-juillet-echanges-de-ciels-a-laerodrome-de-loeuilly\/\" \/>\n<meta property=\"og:locale\" content=\"fr_FR\" \/>\n<meta property=\"og:type\" content=\"article\" \/>\n<meta property=\"og:title\" content=\"Echanges de ciels \u00e0 l&#039;a\u00e9rodrome de LOEUILLY - Rep\u00e8res Astro\" \/>\n<meta property=\"og:description\" content=\"Samedi 4 Juillet, pour la seconde fois REPERES \u00e9changeait des \u00e9toiles et des plan\u00e8tes contre un bapt\u00eame de l&rsquo;air. COMPTE RENDU&#046;&#046;&#046;\" \/>\n<meta property=\"og:url\" content=\"https:\/\/reperes-astro.fr\/samedi-4-juillet-echanges-de-ciels-a-laerodrome-de-loeuilly\/\" \/>\n<meta property=\"og:site_name\" content=\"Rep\u00e8res Astro\" \/>\n<meta property=\"article:publisher\" content=\"https:\/\/www.facebook.com\/AssoReperesAstro\/?locale=fr_FRrplanetarium\" \/>\n<meta property=\"article:published_time\" content=\"2015-07-08T14:33:02+00:00\" \/>\n<meta property=\"article:modified_time\" content=\"2025-02-11T16:51:10+00:00\" \/>\n<meta property=\"og:image\" content=\"https:\/\/reperes-astro.fr\/%77%70%2d%63%6f%6e%74%65%6e%74\/uploads\/2015\/07\/IMG_20150704_201933529-scaled.jpg\" \/>\n\t<meta property=\"og:image:width\" content=\"2560\" \/>\n\t<meta property=\"og:image:height\" content=\"1448\" \/>\n\t<meta property=\"og:image:type\" content=\"image\/jpeg\" \/>\n<meta name=\"author\" content=\"Claude Grimaud\" \/>\n<meta name=\"twitter:card\" content=\"summary_large_image\" \/>\n<meta name=\"twitter:label1\" content=\"\u00c9crit par\" \/>\n\t<meta name=\"twitter:data1\" content=\"Claude Grimaud\" \/>\n\t<meta name=\"twitter:label2\" content=\"Dur\u00e9e de lecture estim\u00e9e\" \/>\n\t<meta name=\"twitter:data2\" content=\"3 minutes\" \/>\n<script type=\"application\/ld+json\" class=\"yoast-schema-graph\">{\"@context\":\"https:\\\/\\\/schema.org\",\"@graph\":[{\"@type\":\"Article\",\"@id\":\"https:\\\/\\\/reperes-astro.fr\\\/samedi-4-juillet-echanges-de-ciels-a-laerodrome-de-loeuilly\\\/#article\",\"isPartOf\":{\"@id\":\"https:\\\/\\\/reperes-astro.fr\\\/samedi-4-juillet-echanges-de-ciels-a-laerodrome-de-loeuilly\\\/\"},\"author\":{\"name\":\"Claude Grimaud\",\"@id\":\"https:\\\/\\\/reperes-astro.fr\\\/#\\\/schema\\\/person\\\/df305cef14844cc5dc8a7927e48142cd\"},\"headline\":\"Echanges de ciels \u00e0 l&rsquo;a\u00e9rodrome de LOEUILLY\",\"datePublished\":\"2015-07-08T14:33:02+00:00\",\"dateModified\":\"2025-02-11T16:51:10+00:00\",\"mainEntityOfPage\":{\"@id\":\"https:\\\/\\\/reperes-astro.fr\\\/samedi-4-juillet-echanges-de-ciels-a-laerodrome-de-loeuilly\\\/\"},\"wordCount\":632,\"publisher\":{\"@id\":\"https:\\\/\\\/reperes-astro.fr\\\/#organization\"},\"image\":{\"@id\":\"https:\\\/\\\/reperes-astro.fr\\\/samedi-4-juillet-echanges-de-ciels-a-laerodrome-de-loeuilly\\\/#primaryimage\"},\"thumbnailUrl\":\"https:\\\/\\\/reperes-astro.fr\\\/%77%70%2d%63%6f%6e%74%65%6e%74\\\/uploads\\\/2015\\\/07\\\/IMG_20150704_201933529-scaled.jpg\",\"articleSection\":[\"2015\",\"Actualit\u00e9s\",\"Archives\"],\"inLanguage\":\"fr-FR\"},{\"@type\":\"WebPage\",\"@id\":\"https:\\\/\\\/reperes-astro.fr\\\/samedi-4-juillet-echanges-de-ciels-a-laerodrome-de-loeuilly\\\/\",\"url\":\"https:\\\/\\\/reperes-astro.fr\\\/samedi-4-juillet-echanges-de-ciels-a-laerodrome-de-loeuilly\\\/\",\"name\":\"Echanges de ciels \u00e0 l'a\u00e9rodrome de LOEUILLY - Rep\u00e8res Astro\",\"isPartOf\":{\"@id\":\"https:\\\/\\\/reperes-astro.fr\\\/#website\"},\"primaryImageOfPage\":{\"@id\":\"https:\\\/\\\/reperes-astro.fr\\\/samedi-4-juillet-echanges-de-ciels-a-laerodrome-de-loeuilly\\\/#primaryimage\"},\"image\":{\"@id\":\"https:\\\/\\\/reperes-astro.fr\\\/samedi-4-juillet-echanges-de-ciels-a-laerodrome-de-loeuilly\\\/#primaryimage\"},\"thumbnailUrl\":\"https:\\\/\\\/reperes-astro.fr\\\/%77%70%2d%63%6f%6e%74%65%6e%74\\\/uploads\\\/2015\\\/07\\\/IMG_20150704_201933529-scaled.jpg\",\"datePublished\":\"2015-07-08T14:33:02+00:00\",\"dateModified\":\"2025-02-11T16:51:10+00:00\",\"breadcrumb\":{\"@id\":\"https:\\\/\\\/reperes-astro.fr\\\/samedi-4-juillet-echanges-de-ciels-a-laerodrome-de-loeuilly\\\/#breadcrumb\"},\"inLanguage\":\"fr-FR\",\"potentialAction\":[{\"@type\":\"ReadAction\",\"target\":[\"https:\\\/\\\/reperes-astro.fr\\\/samedi-4-juillet-echanges-de-ciels-a-laerodrome-de-loeuilly\\\/\"]}]},{\"@type\":\"ImageObject\",\"inLanguage\":\"fr-FR\",\"@id\":\"https:\\\/\\\/reperes-astro.fr\\\/samedi-4-juillet-echanges-de-ciels-a-laerodrome-de-loeuilly\\\/#primaryimage\",\"url\":\"https:\\\/\\\/reperes-astro.fr\\\/%77%70%2d%63%6f%6e%74%65%6e%74\\\/uploads\\\/2015\\\/07\\\/IMG_20150704_201933529-scaled.jpg\",\"contentUrl\":\"https:\\\/\\\/reperes-astro.fr\\\/%77%70%2d%63%6f%6e%74%65%6e%74\\\/uploads\\\/2015\\\/07\\\/IMG_20150704_201933529-scaled.jpg\",\"width\":2560,\"height\":1448},{\"@type\":\"BreadcrumbList\",\"@id\":\"https:\\\/\\\/reperes-astro.fr\\\/samedi-4-juillet-echanges-de-ciels-a-laerodrome-de-loeuilly\\\/#breadcrumb\",\"itemListElement\":[{\"@type\":\"ListItem\",\"position\":1,\"name\":\"Accueil\",\"item\":\"https:\\\/\\\/reperes-astro.fr\\\/\"},{\"@type\":\"ListItem\",\"position\":2,\"name\":\"Echanges de ciels \u00e0 l&#8217;a\u00e9rodrome de LOEUILLY\"}]},{\"@type\":\"WebSite\",\"@id\":\"https:\\\/\\\/reperes-astro.fr\\\/#website\",\"url\":\"https:\\\/\\\/reperes-astro.fr\\\/\",\"name\":\"Rep\u00e8res Astro\",\"description\":\"&quot;Heureux soient les f\u00eal\u00e9s, car ils laisseront passer la lumi\u00e8re.&quot; Michel Audiard\",\"publisher\":{\"@id\":\"https:\\\/\\\/reperes-astro.fr\\\/#organization\"},\"potentialAction\":[{\"@type\":\"SearchAction\",\"target\":{\"@type\":\"EntryPoint\",\"urlTemplate\":\"https:\\\/\\\/reperes-astro.fr\\\/?s={search_term_string}\"},\"query-input\":{\"@type\":\"PropertyValueSpecification\",\"valueRequired\":true,\"valueName\":\"search_term_string\"}}],\"inLanguage\":\"fr-FR\"},{\"@type\":\"Organization\",\"@id\":\"https:\\\/\\\/reperes-astro.fr\\\/#organization\",\"name\":\"Rep\u00e8res Astro\",\"url\":\"https:\\\/\\\/reperes-astro.fr\\\/\",\"logo\":{\"@type\":\"ImageObject\",\"inLanguage\":\"fr-FR\",\"@id\":\"https:\\\/\\\/reperes-astro.fr\\\/#\\\/schema\\\/logo\\\/image\\\/\",\"url\":\"https:\\\/\\\/reperes-astro.fr\\\/%77%70%2d%63%6f%6e%74%65%6e%74\\\/uploads\\\/2014\\\/01\\\/logo-reperes1.jpg\",\"contentUrl\":\"https:\\\/\\\/reperes-astro.fr\\\/%77%70%2d%63%6f%6e%74%65%6e%74\\\/uploads\\\/2014\\\/01\\\/logo-reperes1.jpg\",\"width\":510,\"height\":510,\"caption\":\"Rep\u00e8res Astro\"},\"image\":{\"@id\":\"https:\\\/\\\/reperes-astro.fr\\\/#\\\/schema\\\/logo\\\/image\\\/\"},\"sameAs\":[\"https:\\\/\\\/www.facebook.com\\\/AssoReperesAstro\\\/?locale=fr_FRrplanetarium\"]},{\"@type\":\"Person\",\"@id\":\"https:\\\/\\\/reperes-astro.fr\\\/#\\\/schema\\\/person\\\/df305cef14844cc5dc8a7927e48142cd\",\"name\":\"Claude Grimaud\",\"url\":\"https:\\\/\\\/reperes-astro.fr\\\/author\\\/claude\\\/\"}]}<\/script>","yoast_head_json":{"title":"Echanges de ciels \u00e0 l'a\u00e9rodrome de LOEUILLY - Rep\u00e8res Astro","robots":{"index":"index","follow":"follow","max-snippet":"max-snippet:-1","max-image-preview":"max-image-preview:large","max-video-preview":"max-video-preview:-1"},"canonical":"https:\/\/reperes-astro.fr\/samedi-4-juillet-echanges-de-ciels-a-laerodrome-de-loeuilly\/","og_locale":"fr_FR","og_type":"article","og_title":"Echanges de ciels \u00e0 l'a\u00e9rodrome de LOEUILLY - Rep\u00e8res Astro","og_description":"Samedi 4 Juillet, pour la seconde fois REPERES \u00e9changeait des \u00e9toiles et des plan\u00e8tes contre un bapt\u00eame de l&rsquo;air. COMPTE RENDU&#46;&#46;&#46;","og_url":"https:\/\/reperes-astro.fr\/samedi-4-juillet-echanges-de-ciels-a-laerodrome-de-loeuilly\/","og_site_name":"Rep\u00e8res Astro","article_publisher":"https:\/\/www.facebook.com\/AssoReperesAstro\/?locale=fr_FRrplanetarium","article_published_time":"2015-07-08T14:33:02+00:00","article_modified_time":"2025-02-11T16:51:10+00:00","og_image":[{"width":2560,"height":1448,"url":"https:\/\/reperes-astro.fr\/%77%70%2d%63%6f%6e%74%65%6e%74\/uploads\/2015\/07\/IMG_20150704_201933529-scaled.jpg","type":"image\/jpeg"}],"author":"Claude Grimaud","twitter_card":"summary_large_image","twitter_misc":{"\u00c9crit par":"Claude Grimaud","Dur\u00e9e de lecture estim\u00e9e":"3 minutes"},"schema":{"@context":"https:\/\/schema.org","@graph":[{"@type":"Article","@id":"https:\/\/reperes-astro.fr\/samedi-4-juillet-echanges-de-ciels-a-laerodrome-de-loeuilly\/#article","isPartOf":{"@id":"https:\/\/reperes-astro.fr\/samedi-4-juillet-echanges-de-ciels-a-laerodrome-de-loeuilly\/"},"author":{"name":"Claude Grimaud","@id":"https:\/\/reperes-astro.fr\/#\/schema\/person\/df305cef14844cc5dc8a7927e48142cd"},"headline":"Echanges de ciels \u00e0 l&rsquo;a\u00e9rodrome de LOEUILLY","datePublished":"2015-07-08T14:33:02+00:00","dateModified":"2025-02-11T16:51:10+00:00","mainEntityOfPage":{"@id":"https:\/\/reperes-astro.fr\/samedi-4-juillet-echanges-de-ciels-a-laerodrome-de-loeuilly\/"},"wordCount":632,"publisher":{"@id":"https:\/\/reperes-astro.fr\/#organization"},"image":{"@id":"https:\/\/reperes-astro.fr\/samedi-4-juillet-echanges-de-ciels-a-laerodrome-de-loeuilly\/#primaryimage"},"thumbnailUrl":"https:\/\/reperes-astro.fr\/%77%70%2d%63%6f%6e%74%65%6e%74\/uploads\/2015\/07\/IMG_20150704_201933529-scaled.jpg","articleSection":["2015","Actualit\u00e9s","Archives"],"inLanguage":"fr-FR"},{"@type":"WebPage","@id":"https:\/\/reperes-astro.fr\/samedi-4-juillet-echanges-de-ciels-a-laerodrome-de-loeuilly\/","url":"https:\/\/reperes-astro.fr\/samedi-4-juillet-echanges-de-ciels-a-laerodrome-de-loeuilly\/","name":"Echanges de ciels \u00e0 l'a\u00e9rodrome de LOEUILLY - Rep\u00e8res Astro","isPartOf":{"@id":"https:\/\/reperes-astro.fr\/#website"},"primaryImageOfPage":{"@id":"https:\/\/reperes-astro.fr\/samedi-4-juillet-echanges-de-ciels-a-laerodrome-de-loeuilly\/#primaryimage"},"image":{"@id":"https:\/\/reperes-astro.fr\/samedi-4-juillet-echanges-de-ciels-a-laerodrome-de-loeuilly\/#primaryimage"},"thumbnailUrl":"https:\/\/reperes-astro.fr\/%77%70%2d%63%6f%6e%74%65%6e%74\/uploads\/2015\/07\/IMG_20150704_201933529-scaled.jpg","datePublished":"2015-07-08T14:33:02+00:00","dateModified":"2025-02-11T16:51:10+00:00","breadcrumb":{"@id":"https:\/\/reperes-astro.fr\/samedi-4-juillet-echanges-de-ciels-a-laerodrome-de-loeuilly\/#breadcrumb"},"inLanguage":"fr-FR","potentialAction":[{"@type":"ReadAction","target":["https:\/\/reperes-astro.fr\/samedi-4-juillet-echanges-de-ciels-a-laerodrome-de-loeuilly\/"]}]},{"@type":"ImageObject","inLanguage":"fr-FR","@id":"https:\/\/reperes-astro.fr\/samedi-4-juillet-echanges-de-ciels-a-laerodrome-de-loeuilly\/#primaryimage","url":"https:\/\/reperes-astro.fr\/%77%70%2d%63%6f%6e%74%65%6e%74\/uploads\/2015\/07\/IMG_20150704_201933529-scaled.jpg","contentUrl":"https:\/\/reperes-astro.fr\/%77%70%2d%63%6f%6e%74%65%6e%74\/uploads\/2015\/07\/IMG_20150704_201933529-scaled.jpg","width":2560,"height":1448},{"@type":"BreadcrumbList","@id":"https:\/\/reperes-astro.fr\/samedi-4-juillet-echanges-de-ciels-a-laerodrome-de-loeuilly\/#breadcrumb","itemListElement":[{"@type":"ListItem","position":1,"name":"Accueil","item":"https:\/\/reperes-astro.fr\/"},{"@type":"ListItem","position":2,"name":"Echanges de ciels \u00e0 l&#8217;a\u00e9rodrome de LOEUILLY"}]},{"@type":"WebSite","@id":"https:\/\/reperes-astro.fr\/#website","url":"https:\/\/reperes-astro.fr\/","name":"Rep\u00e8res Astro","description":"&quot;Heureux soient les f\u00eal\u00e9s, car ils laisseront passer la lumi\u00e8re.&quot; Michel Audiard","publisher":{"@id":"https:\/\/reperes-astro.fr\/#organization"},"potentialAction":[{"@type":"SearchAction","target":{"@type":"EntryPoint","urlTemplate":"https:\/\/reperes-astro.fr\/?s={search_term_string}"},"query-input":{"@type":"PropertyValueSpecification","valueRequired":true,"valueName":"search_term_string"}}],"inLanguage":"fr-FR"},{"@type":"Organization","@id":"https:\/\/reperes-astro.fr\/#organization","name":"Rep\u00e8res Astro","url":"https:\/\/reperes-astro.fr\/","logo":{"@type":"ImageObject","inLanguage":"fr-FR","@id":"https:\/\/reperes-astro.fr\/#\/schema\/logo\/image\/","url":"https:\/\/reperes-astro.fr\/%77%70%2d%63%6f%6e%74%65%6e%74\/uploads\/2014\/01\/logo-reperes1.jpg","contentUrl":"https:\/\/reperes-astro.fr\/%77%70%2d%63%6f%6e%74%65%6e%74\/uploads\/2014\/01\/logo-reperes1.jpg","width":510,"height":510,"caption":"Rep\u00e8res Astro"},"image":{"@id":"https:\/\/reperes-astro.fr\/#\/schema\/logo\/image\/"},"sameAs":["https:\/\/www.facebook.com\/AssoReperesAstro\/?locale=fr_FRrplanetarium"]},{"@type":"Person","@id":"https:\/\/reperes-astro.fr\/#\/schema\/person\/df305cef14844cc5dc8a7927e48142cd","name":"Claude Grimaud","url":"https:\/\/reperes-astro.fr\/author\/claude\/"}]}},"_links":{"self":[{"href":"https:\/\/reperes-astro.fr\/%77%70%2d%6a%73%6f%6e\/wp\/v2\/posts\/3559","targetHints":{"allow":["GET"]}}],"collection":[{"href":"https:\/\/reperes-astro.fr\/%77%70%2d%6a%73%6f%6e\/wp\/v2\/posts"}],"about":[{"href":"https:\/\/reperes-astro.fr\/%77%70%2d%6a%73%6f%6e\/wp\/v2\/types\/post"}],"author":[{"embeddable":true,"href":"https:\/\/reperes-astro.fr\/%77%70%2d%6a%73%6f%6e\/wp\/v2\/users\/2"}],"replies":[{"embeddable":true,"href":"https:\/\/reperes-astro.fr\/%77%70%2d%6a%73%6f%6e\/wp\/v2\/comments?post=3559"}],"version-history":[{"count":0,"href":"https:\/\/reperes-astro.fr\/%77%70%2d%6a%73%6f%6e\/wp\/v2\/posts\/3559\/revisions"}],"wp:featuredmedia":[{"embeddable":true,"href":"https:\/\/reperes-astro.fr\/%77%70%2d%6a%73%6f%6e\/wp\/v2\/media\/3560"}],"wp:attachment":[{"href":"https:\/\/reperes-astro.fr\/%77%70%2d%6a%73%6f%6e\/wp\/v2\/media?parent=3559"}],"wp:term":[{"taxonomy":"category","embeddable":true,"href":"https:\/\/reperes-astro.fr\/%77%70%2d%6a%73%6f%6e\/wp\/v2\/categories?post=3559"},{"taxonomy":"post_tag","embeddable":true,"href":"https:\/\/reperes-astro.fr\/%77%70%2d%6a%73%6f%6e\/wp\/v2\/tags?post=3559"}],"curies":[{"name":"wp","href":"https:\/\/api.w.org\/{rel}","templated":true}]}}