{"id":3863,"date":"2015-09-19T21:52:52","date_gmt":"2015-09-19T19:52:52","guid":{"rendered":"http:\/\/reperes-astro.fr\/?p=3863"},"modified":"2025-02-01T13:54:08","modified_gmt":"2025-02-01T12:54:08","slug":"vendredi-18-septembre-une-journee-beton","status":"publish","type":"post","link":"https:\/\/reperes-astro.fr\/vendredi-18-septembre-une-journee-beton\/","title":{"rendered":"VENDREDI 18 septembre : une journ\u00e9e b\u00e9ton&#8230;"},"content":{"rendered":"<div class=\"wp-block-image\">\n<figure class=\"alignleft\"><a href=\"https:\/\/reperes-astro.fr\/%77%70%2d%63%6f%6e%74%65%6e%74\/uploads\/2015\/09\/IMG_0447-en-600.jpg\"><img decoding=\"async\" src=\"https:\/\/reperes-astro.fr\/%77%70%2d%63%6f%6e%74%65%6e%74\/uploads\/2015\/09\/IMG_0447-en-600-300x224.jpg\" alt=\"\" style=\"object-fit:cover\"\/><\/a><figcaption class=\"wp-element-caption\">Tout est pr\u00eat \u00e0 12h00.<\/figcaption><\/figure>\n<\/div>\n\n\n<p>D\u00e8s le matin, Christophe, Jean Claude, Claude, Eddy, Michel se retrouvent pour fignoler les coffrages pour accueillir la Toupie de b\u00e9ton \u00e0 13h30.<\/p>\n\n\n\n<p><\/p>\n\n\n\n<p><\/p>\n\n\n\n<p><\/p>\n\n\n\n<p><\/p>\n\n\n\n<p><\/p>\n\n\n<div class=\"wp-block-image\">\n<figure class=\"aligncenter size-full\"><a href=\"https:\/\/reperes-astro.fr\/%77%70%2d%63%6f%6e%74%65%6e%74\/uploads\/2015\/09\/DSCN1074-en-600.jpg\"><img loading=\"lazy\" decoding=\"async\" width=\"600\" height=\"450\" src=\"https:\/\/reperes-astro.fr\/%77%70%2d%63%6f%6e%74%65%6e%74\/uploads\/2015\/09\/DSCN1074-en-600.jpg\" alt=\"\" class=\"wp-image-3879\" title=\"DSCN1074 en 600\" srcset=\"https:\/\/reperes-astro.fr\/%77%70%2d%63%6f%6e%74%65%6e%74\/uploads\/2015\/09\/DSCN1074-en-600.jpg 600w, https:\/\/reperes-astro.fr\/%77%70%2d%63%6f%6e%74%65%6e%74\/uploads\/2015\/09\/DSCN1074-en-600-300x225.jpg 300w\" sizes=\"auto, (max-width: 600px) 100vw, 600px\" \/><\/a><\/figure>\n<\/div>\n\n\n<p><\/p>\n\n\n\n<p class=\"has-text-align-left\"> En cas de surplus de b\u00e9ton nous d\u00e9caissons une avanc\u00e9e pour le transport du mat\u00e9riel et pour les handicap\u00e9s.\u00a0<\/p>\n\n\n\n<p>Edwige am\u00e8ne le repas et Sophie nous rejoint<\/p>\n\n\n\n<p>Bruno Beuzeval notre ma\u00e7on nous rejoint b\u00e9n\u00e9volement pour nous aider<\/p>\n\n\n\n<p>A 13h15, \u00ab\u00a0Argenlieu b\u00e9ton\u00a0\u00bb nous appelle car la toupie pr\u00e9vue va \u00eatre remplac\u00e9e par un dispositif lourd : une \u00e9norme pompe et une toupie ordinaire.<\/p>\n\n\n<div class=\"wp-block-image\">\n<figure class=\"aligncenter size-full\"><a href=\"https:\/\/reperes-astro.fr\/%77%70%2d%63%6f%6e%74%65%6e%74\/uploads\/2015\/09\/IMG_0448-en-600.jpg\"><img loading=\"lazy\" decoding=\"async\" width=\"600\" height=\"448\" src=\"https:\/\/reperes-astro.fr\/%77%70%2d%63%6f%6e%74%65%6e%74\/uploads\/2015\/09\/IMG_0448-en-600.jpg\" alt=\"\" class=\"wp-image-3836\" srcset=\"https:\/\/reperes-astro.fr\/%77%70%2d%63%6f%6e%74%65%6e%74\/uploads\/2015\/09\/IMG_0448-en-600.jpg 600w, https:\/\/reperes-astro.fr\/%77%70%2d%63%6f%6e%74%65%6e%74\/uploads\/2015\/09\/IMG_0448-en-600-300x224.jpg 300w\" sizes=\"auto, (max-width: 600px) 100vw, 600px\" \/><\/a><figcaption class=\"wp-element-caption\">30 minutes d&rsquo;attente pour la toupie annonc\u00e9e&#8230;<\/figcaption><\/figure>\n<\/div>\n\n\n<p>Et voil\u00e0 le monstre :<\/p>\n\n\n<div class=\"wp-block-image\">\n<figure class=\"aligncenter size-full\"><a href=\"https:\/\/reperes-astro.fr\/%77%70%2d%63%6f%6e%74%65%6e%74\/uploads\/2015\/09\/IMG_0450-en-600.jpg\"><img loading=\"lazy\" decoding=\"async\" width=\"600\" height=\"448\" src=\"https:\/\/reperes-astro.fr\/%77%70%2d%63%6f%6e%74%65%6e%74\/uploads\/2015\/09\/IMG_0450-en-600.jpg\" alt=\"\" class=\"wp-image-3837\" title=\"IMG_0450 en 600\" srcset=\"https:\/\/reperes-astro.fr\/%77%70%2d%63%6f%6e%74%65%6e%74\/uploads\/2015\/09\/IMG_0450-en-600.jpg 600w, https:\/\/reperes-astro.fr\/%77%70%2d%63%6f%6e%74%65%6e%74\/uploads\/2015\/09\/IMG_0450-en-600-300x224.jpg 300w\" sizes=\"auto, (max-width: 600px) 100vw, 600px\" \/><\/a><\/figure>\n<\/div>\n\n\n<p><\/p>\n\n\n<div class=\"wp-block-image\">\n<figure class=\"aligncenter size-full\"><a href=\"https:\/\/reperes-astro.fr\/%77%70%2d%63%6f%6e%74%65%6e%74\/uploads\/2015\/09\/IMG_0452-en-600.jpg\"><img loading=\"lazy\" decoding=\"async\" width=\"448\" height=\"600\" src=\"https:\/\/reperes-astro.fr\/%77%70%2d%63%6f%6e%74%65%6e%74\/uploads\/2015\/09\/IMG_0452-en-600.jpg\" alt=\"\" class=\"wp-image-3839\" title=\"IMG_0452 en 600\" srcset=\"https:\/\/reperes-astro.fr\/%77%70%2d%63%6f%6e%74%65%6e%74\/uploads\/2015\/09\/IMG_0452-en-600.jpg 448w, https:\/\/reperes-astro.fr\/%77%70%2d%63%6f%6e%74%65%6e%74\/uploads\/2015\/09\/IMG_0452-en-600-224x300.jpg 224w\" sizes=\"auto, (max-width: 448px) 100vw, 448px\" \/><\/a><\/figure>\n<\/div>\n\n\n<p><\/p>\n\n\n\n<p>En une heure, gr\u00e2ce \u00e0 la technicit\u00e9 de Bruno et \u00e0 la pr\u00e9cision du livreur, l&rsquo;affaire est jou\u00e9e<\/p>\n\n\n<div class=\"wp-block-image\">\n<figure class=\"aligncenter size-full\"><a href=\"https:\/\/reperes-astro.fr\/%77%70%2d%63%6f%6e%74%65%6e%74\/uploads\/2015\/09\/IMG_0458-en-600.jpg\"><img loading=\"lazy\" decoding=\"async\" width=\"448\" height=\"600\" src=\"https:\/\/reperes-astro.fr\/%77%70%2d%63%6f%6e%74%65%6e%74\/uploads\/2015\/09\/IMG_0458-en-600.jpg\" alt=\"\" class=\"wp-image-3842\" srcset=\"https:\/\/reperes-astro.fr\/%77%70%2d%63%6f%6e%74%65%6e%74\/uploads\/2015\/09\/IMG_0458-en-600.jpg 448w, https:\/\/reperes-astro.fr\/%77%70%2d%63%6f%6e%74%65%6e%74\/uploads\/2015\/09\/IMG_0458-en-600-224x300.jpg 224w\" sizes=\"auto, (max-width: 448px) 100vw, 448px\" \/><\/a><figcaption class=\"wp-element-caption\">Merci Bruno&#8230;<\/figcaption><\/figure>\n<\/div>\n\n\n<div class=\"wp-block-columns is-layout-flex wp-container-core-columns-is-layout-9d6595d7 wp-block-columns-is-layout-flex\">\n<div class=\"wp-block-column is-layout-flow wp-block-column-is-layout-flow\">\n<figure class=\"wp-block-image size-full\"><a href=\"https:\/\/reperes-astro.fr\/%77%70%2d%63%6f%6e%74%65%6e%74\/uploads\/2015\/09\/20150918_142859-en-600.jpg\"><img loading=\"lazy\" decoding=\"async\" width=\"600\" height=\"450\" src=\"https:\/\/reperes-astro.fr\/%77%70%2d%63%6f%6e%74%65%6e%74\/uploads\/2015\/09\/20150918_142859-en-600.jpg\" alt=\"\" class=\"wp-image-3854\" srcset=\"https:\/\/reperes-astro.fr\/%77%70%2d%63%6f%6e%74%65%6e%74\/uploads\/2015\/09\/20150918_142859-en-600.jpg 600w, https:\/\/reperes-astro.fr\/%77%70%2d%63%6f%6e%74%65%6e%74\/uploads\/2015\/09\/20150918_142859-en-600-300x225.jpg 300w\" sizes=\"auto, (max-width: 600px) 100vw, 600px\" \/><\/a><\/figure>\n<\/div>\n\n\n\n<div class=\"wp-block-column is-layout-flow wp-block-column-is-layout-flow\">\n<figure class=\"wp-block-image size-full\"><a href=\"https:\/\/reperes-astro.fr\/%77%70%2d%63%6f%6e%74%65%6e%74\/uploads\/2015\/09\/20150918_143848-en-600.jpg\"><img loading=\"lazy\" decoding=\"async\" width=\"600\" height=\"450\" src=\"https:\/\/reperes-astro.fr\/%77%70%2d%63%6f%6e%74%65%6e%74\/uploads\/2015\/09\/20150918_143848-en-600.jpg\" alt=\"\" class=\"wp-image-3855\" srcset=\"https:\/\/reperes-astro.fr\/%77%70%2d%63%6f%6e%74%65%6e%74\/uploads\/2015\/09\/20150918_143848-en-600.jpg 600w, https:\/\/reperes-astro.fr\/%77%70%2d%63%6f%6e%74%65%6e%74\/uploads\/2015\/09\/20150918_143848-en-600-300x225.jpg 300w\" sizes=\"auto, (max-width: 600px) 100vw, 600px\" \/><\/a><\/figure>\n<\/div>\n<\/div>\n\n\n\n<p><\/p>\n\n\n<div class=\"wp-block-image\">\n<figure class=\"aligncenter size-full\"><a href=\"https:\/\/reperes-astro.fr\/%77%70%2d%63%6f%6e%74%65%6e%74\/uploads\/2015\/09\/DSCN1095-en-600.jpg\"><img loading=\"lazy\" decoding=\"async\" width=\"450\" height=\"600\" src=\"https:\/\/reperes-astro.fr\/%77%70%2d%63%6f%6e%74%65%6e%74\/uploads\/2015\/09\/DSCN1095-en-600.jpg\" alt=\"\" class=\"wp-image-3880\" title=\"DSCN1095 en 600\" srcset=\"https:\/\/reperes-astro.fr\/%77%70%2d%63%6f%6e%74%65%6e%74\/uploads\/2015\/09\/DSCN1095-en-600.jpg 450w, https:\/\/reperes-astro.fr\/%77%70%2d%63%6f%6e%74%65%6e%74\/uploads\/2015\/09\/DSCN1095-en-600-225x300.jpg 225w\" sizes=\"auto, (max-width: 450px) 100vw, 450px\" \/><\/a><\/figure>\n<\/div>\n\n\n<p><\/p>\n\n\n\n<div class=\"wp-block-columns is-layout-flex wp-container-core-columns-is-layout-9d6595d7 wp-block-columns-is-layout-flex\">\n<div class=\"wp-block-column is-layout-flow wp-block-column-is-layout-flow\">\n<figure class=\"wp-block-image size-full\"><a href=\"https:\/\/reperes-astro.fr\/%77%70%2d%63%6f%6e%74%65%6e%74\/uploads\/2015\/09\/20150918_150010-en-600.jpg\"><img loading=\"lazy\" decoding=\"async\" width=\"600\" height=\"450\" src=\"https:\/\/reperes-astro.fr\/%77%70%2d%63%6f%6e%74%65%6e%74\/uploads\/2015\/09\/20150918_150010-en-600.jpg\" alt=\"\" class=\"wp-image-3857\" srcset=\"https:\/\/reperes-astro.fr\/%77%70%2d%63%6f%6e%74%65%6e%74\/uploads\/2015\/09\/20150918_150010-en-600.jpg 600w, https:\/\/reperes-astro.fr\/%77%70%2d%63%6f%6e%74%65%6e%74\/uploads\/2015\/09\/20150918_150010-en-600-300x225.jpg 300w\" sizes=\"auto, (max-width: 600px) 100vw, 600px\" \/><\/a><\/figure>\n<\/div>\n\n\n\n<div class=\"wp-block-column is-layout-flow wp-block-column-is-layout-flow\">\n<figure class=\"wp-block-image size-full\"><a href=\"https:\/\/reperes-astro.fr\/%77%70%2d%63%6f%6e%74%65%6e%74\/uploads\/2015\/09\/20150918_150110-en-600.jpg\"><img loading=\"lazy\" decoding=\"async\" width=\"600\" height=\"450\" src=\"https:\/\/reperes-astro.fr\/%77%70%2d%63%6f%6e%74%65%6e%74\/uploads\/2015\/09\/20150918_150110-en-600.jpg\" alt=\"\" class=\"wp-image-3858\" srcset=\"https:\/\/reperes-astro.fr\/%77%70%2d%63%6f%6e%74%65%6e%74\/uploads\/2015\/09\/20150918_150110-en-600.jpg 600w, https:\/\/reperes-astro.fr\/%77%70%2d%63%6f%6e%74%65%6e%74\/uploads\/2015\/09\/20150918_150110-en-600-300x225.jpg 300w\" sizes=\"auto, (max-width: 600px) 100vw, 600px\" \/><\/a><\/figure>\n<\/div>\n<\/div>\n\n\n\n<p><\/p>\n\n\n\n<h2 class=\"wp-block-heading has-medium-font-size\"><strong>MAIS L&rsquo;ORAGE PREVU ARRIVE<\/strong><\/h2>\n\n\n\n<p>nous couvrons \u00e0 la h\u00e2te et au mieux les surfaces.<\/p>\n\n\n\n<p>Une heure de repos forc\u00e9 dans le salon. Bien difficile de se relever quand la pluie cesse&#8230;<\/p>\n\n\n\n<p>Christophe nous quitte, appel\u00e9 dans le 62 pour mettre en chauffe une locomotive associative&#8230;<\/p>\n\n\n\n<p>BONNE SURPRISE : le b\u00e9ton commence doucement \u00e0 prendre. il est temps de \u00ab\u00a0talocher\u00a0\u00bb. Christian et Eddy y jettent leurs derni\u00e8res forces.<\/p>\n\n\n<div class=\"wp-block-image\">\n<figure class=\"aligncenter size-full\"><a href=\"https:\/\/reperes-astro.fr\/%77%70%2d%63%6f%6e%74%65%6e%74\/uploads\/2015\/09\/IMG_0476-en-600.jpg\"><img loading=\"lazy\" decoding=\"async\" width=\"600\" height=\"448\" src=\"https:\/\/reperes-astro.fr\/%77%70%2d%63%6f%6e%74%65%6e%74\/uploads\/2015\/09\/IMG_0476-en-600.jpg\" alt=\"\" class=\"wp-image-3843\" title=\"IMG_0476 en 600\" srcset=\"https:\/\/reperes-astro.fr\/%77%70%2d%63%6f%6e%74%65%6e%74\/uploads\/2015\/09\/IMG_0476-en-600.jpg 600w, https:\/\/reperes-astro.fr\/%77%70%2d%63%6f%6e%74%65%6e%74\/uploads\/2015\/09\/IMG_0476-en-600-300x224.jpg 300w\" sizes=\"auto, (max-width: 600px) 100vw, 600px\" \/><\/a><\/figure>\n<\/div>\n\n\n<p><\/p>\n\n\n<div class=\"wp-block-image\">\n<figure class=\"aligncenter size-full\"><a href=\"https:\/\/reperes-astro.fr\/%77%70%2d%63%6f%6e%74%65%6e%74\/uploads\/2015\/09\/IMG_0479-en-600.jpg\"><img loading=\"lazy\" decoding=\"async\" width=\"448\" height=\"600\" src=\"https:\/\/reperes-astro.fr\/%77%70%2d%63%6f%6e%74%65%6e%74\/uploads\/2015\/09\/IMG_0479-en-600.jpg\" alt=\"\" class=\"wp-image-3844\" title=\"IMG_0479 en 600\" srcset=\"https:\/\/reperes-astro.fr\/%77%70%2d%63%6f%6e%74%65%6e%74\/uploads\/2015\/09\/IMG_0479-en-600.jpg 448w, https:\/\/reperes-astro.fr\/%77%70%2d%63%6f%6e%74%65%6e%74\/uploads\/2015\/09\/IMG_0479-en-600-224x300.jpg 224w\" sizes=\"auto, (max-width: 448px) 100vw, 448px\" \/><\/a><\/figure>\n<\/div>\n\n\n<p class=\"has-text-align-left\"><\/p>\n\n\n<div class=\"wp-block-image\">\n<figure class=\"aligncenter size-full\"><a href=\"https:\/\/reperes-astro.fr\/%77%70%2d%63%6f%6e%74%65%6e%74\/uploads\/2015\/09\/IMG_0480-en-600.jpg\"><img loading=\"lazy\" decoding=\"async\" width=\"600\" height=\"600\" src=\"https:\/\/reperes-astro.fr\/%77%70%2d%63%6f%6e%74%65%6e%74\/uploads\/2015\/09\/IMG_0480-en-600.jpg\" alt=\"\" class=\"wp-image-3845\" title=\"IMG_0480 en 600\" srcset=\"https:\/\/reperes-astro.fr\/%77%70%2d%63%6f%6e%74%65%6e%74\/uploads\/2015\/09\/IMG_0480-en-600.jpg 600w, https:\/\/reperes-astro.fr\/%77%70%2d%63%6f%6e%74%65%6e%74\/uploads\/2015\/09\/IMG_0480-en-600-300x300.jpg 300w, https:\/\/reperes-astro.fr\/%77%70%2d%63%6f%6e%74%65%6e%74\/uploads\/2015\/09\/IMG_0480-en-600-150x150.jpg 150w, https:\/\/reperes-astro.fr\/%77%70%2d%63%6f%6e%74%65%6e%74\/uploads\/2015\/09\/IMG_0480-en-600-80x80.jpg 80w, https:\/\/reperes-astro.fr\/%77%70%2d%63%6f%6e%74%65%6e%74\/uploads\/2015\/09\/IMG_0480-en-600-320x320.jpg 320w\" sizes=\"auto, (max-width: 600px) 100vw, 600px\" \/><\/a><\/figure>\n<\/div>\n\n\n<p class=\"has-text-align-center\"><\/p>\n\n\n\n<p>La m\u00e9t\u00e9o est si mena\u00e7ante que nous d\u00e9cidons de prot\u00e9ger le plus efficacement possible. Jean Claude et Claude suivent au plus vite la progression des talocheurs&#8230;<\/p>\n\n\n<div class=\"wp-block-image\">\n<figure class=\"aligncenter size-full\"><a href=\"https:\/\/reperes-astro.fr\/%77%70%2d%63%6f%6e%74%65%6e%74\/uploads\/2015\/09\/IMG_0474-en-600.jpg\"><img loading=\"lazy\" decoding=\"async\" width=\"474\" height=\"600\" src=\"https:\/\/reperes-astro.fr\/%77%70%2d%63%6f%6e%74%65%6e%74\/uploads\/2015\/09\/IMG_0474-en-600.jpg\" alt=\"\" class=\"wp-image-3846\" title=\"IMG_0474 en 600\" srcset=\"https:\/\/reperes-astro.fr\/%77%70%2d%63%6f%6e%74%65%6e%74\/uploads\/2015\/09\/IMG_0474-en-600.jpg 474w, https:\/\/reperes-astro.fr\/%77%70%2d%63%6f%6e%74%65%6e%74\/uploads\/2015\/09\/IMG_0474-en-600-237x300.jpg 237w\" sizes=\"auto, (max-width: 474px) 100vw, 474px\" \/><\/a><\/figure>\n<\/div>\n\n\n<p><\/p>\n\n\n<div class=\"wp-block-image\">\n<figure class=\"aligncenter size-full\"><a href=\"https:\/\/reperes-astro.fr\/%77%70%2d%63%6f%6e%74%65%6e%74\/uploads\/2015\/09\/IMG_0477-en-600.jpg\"><img loading=\"lazy\" decoding=\"async\" width=\"448\" height=\"600\" src=\"https:\/\/reperes-astro.fr\/%77%70%2d%63%6f%6e%74%65%6e%74\/uploads\/2015\/09\/IMG_0477-en-600.jpg\" alt=\"\" class=\"wp-image-3847\" title=\"IMG_0477 en 600\" srcset=\"https:\/\/reperes-astro.fr\/%77%70%2d%63%6f%6e%74%65%6e%74\/uploads\/2015\/09\/IMG_0477-en-600.jpg 448w, https:\/\/reperes-astro.fr\/%77%70%2d%63%6f%6e%74%65%6e%74\/uploads\/2015\/09\/IMG_0477-en-600-224x300.jpg 224w\" sizes=\"auto, (max-width: 448px) 100vw, 448px\" \/><\/a><\/figure>\n<\/div>\n\n\n<p class=\"has-text-align-center\"><\/p>\n\n\n\n<p>Sophie nous quitte, bien tremp\u00e9e mais visiblement satisfaite d&rsquo;avoir pu participer \u00e0 cette journ\u00e9e, elle nous enverra bient\u00f4t toute ses photos&#8230;<\/p>\n\n\n\n<p>Vers 19h30, apr\u00e8s avoir nettoy\u00e9 le chantier et rang\u00e9 les outils, nous d\u00e9cidons de manger \u00e0 ROUVROY ce qui reste du barbecue de midi. Nos am\u00e9nagements prennent du sens apr\u00e8s une telle journ\u00e9e.<\/p>\n\n\n\n<p>Dimanche, Claude ira surveiller nos protections et \u00e9ventuellement commencer \u00e0 d\u00e9b\u00e2cher&#8230;<\/p>\n\n\n\n<p>Le site est donc pr\u00eat \u00e0 accueillir le t\u00e9lescope de BERNARD.<\/p>\n\n\n\n<h2 class=\"wp-block-heading has-medium-font-size\"><strong>PROCHAINES ETAPES :<\/strong><\/h2>\n\n\n\n<p>SAMEDI 26 : rendez vous chez Bernard pour affiner les strat\u00e9gies de d\u00e9montage et de remontage puis accueil de Bernard \u00e0 ROUVROY<\/p>\n\n\n\n<p>Lundi 28 : rendez vous chez DENIS BACHES pour pr\u00e9ciser la commande de la b\u00e2che de protection mais auparavant on contacte l&rsquo;ex SAINT FRERES pour voir la solidit\u00e9 d&rsquo;un thermo soudage et v\u00e9rifier que des coutures ne soient pas n\u00e9cessaires&#8230;<\/p>\n\n\n\n<h2 class=\"wp-block-heading has-medium-font-size\"><strong>MONTAGE ET DE MONTAGE TOUJOURS PREVUS DANS LA SEMAINE DU 9 au 15 NOVEMBRE.<\/strong><\/h2>\n\n\n\n<p>Daniel DEWAELE nous pr\u00eate sa remorque.\u00a0<\/p>\n\n\n\n<p><\/p>\n<div class=\"pvc_clear\"><\/div><p id=\"pvc_stats_3863\" class=\"pvc_stats all  \" data-element-id=\"3863\" style=\"\"><i class=\"pvc-stats-icon medium\" aria-hidden=\"true\"><svg aria-hidden=\"true\" focusable=\"false\" data-prefix=\"far\" data-icon=\"chart-bar\" role=\"img\" xmlns=\"http:\/\/www.w3.org\/2000\/svg\" viewBox=\"0 0 512 512\" class=\"svg-inline--fa fa-chart-bar fa-w-16 fa-2x\"><path fill=\"currentColor\" d=\"M396.8 352h22.4c6.4 0 12.8-6.4 12.8-12.8V108.8c0-6.4-6.4-12.8-12.8-12.8h-22.4c-6.4 0-12.8 6.4-12.8 12.8v230.4c0 6.4 6.4 12.8 12.8 12.8zm-192 0h22.4c6.4 0 12.8-6.4 12.8-12.8V140.8c0-6.4-6.4-12.8-12.8-12.8h-22.4c-6.4 0-12.8 6.4-12.8 12.8v198.4c0 6.4 6.4 12.8 12.8 12.8zm96 0h22.4c6.4 0 12.8-6.4 12.8-12.8V204.8c0-6.4-6.4-12.8-12.8-12.8h-22.4c-6.4 0-12.8 6.4-12.8 12.8v134.4c0 6.4 6.4 12.8 12.8 12.8zM496 400H48V80c0-8.84-7.16-16-16-16H16C7.16 64 0 71.16 0 80v336c0 17.67 14.33 32 32 32h464c8.84 0 16-7.16 16-16v-16c0-8.84-7.16-16-16-16zm-387.2-48h22.4c6.4 0 12.8-6.4 12.8-12.8v-70.4c0-6.4-6.4-12.8-12.8-12.8h-22.4c-6.4 0-12.8 6.4-12.8 12.8v70.4c0 6.4 6.4 12.8 12.8 12.8z\" class=\"\"><\/path><\/svg><\/i> <img loading=\"lazy\" decoding=\"async\" width=\"16\" height=\"16\" alt=\"Loading\" src=\"https:\/\/reperes-astro.fr\/%77%70%2d%63%6f%6e%74%65%6e%74\/plugins\/page-views-count\/ajax-loader-2x.gif\" border=0 \/><\/p><div class=\"pvc_clear\"><\/div>","protected":false},"excerpt":{"rendered":"<p>D\u00e8s le matin, Christophe, Jean Claude, Claude, Eddy, Michel se retrouvent pour fignoler les coffrages pour accueillir la Toupie de b\u00e9ton&#46;&#46;&#46;<\/p>\n<div class=\"pvc_clear\"><\/div>\n<p id=\"pvc_stats_3863\" class=\"pvc_stats all  \" data-element-id=\"3863\" style=\"\"><i class=\"pvc-stats-icon medium\" aria-hidden=\"true\"><svg aria-hidden=\"true\" focusable=\"false\" data-prefix=\"far\" data-icon=\"chart-bar\" role=\"img\" xmlns=\"http:\/\/www.w3.org\/2000\/svg\" viewBox=\"0 0 512 512\" class=\"svg-inline--fa fa-chart-bar fa-w-16 fa-2x\"><path fill=\"currentColor\" d=\"M396.8 352h22.4c6.4 0 12.8-6.4 12.8-12.8V108.8c0-6.4-6.4-12.8-12.8-12.8h-22.4c-6.4 0-12.8 6.4-12.8 12.8v230.4c0 6.4 6.4 12.8 12.8 12.8zm-192 0h22.4c6.4 0 12.8-6.4 12.8-12.8V140.8c0-6.4-6.4-12.8-12.8-12.8h-22.4c-6.4 0-12.8 6.4-12.8 12.8v198.4c0 6.4 6.4 12.8 12.8 12.8zm96 0h22.4c6.4 0 12.8-6.4 12.8-12.8V204.8c0-6.4-6.4-12.8-12.8-12.8h-22.4c-6.4 0-12.8 6.4-12.8 12.8v134.4c0 6.4 6.4 12.8 12.8 12.8zM496 400H48V80c0-8.84-7.16-16-16-16H16C7.16 64 0 71.16 0 80v336c0 17.67 14.33 32 32 32h464c8.84 0 16-7.16 16-16v-16c0-8.84-7.16-16-16-16zm-387.2-48h22.4c6.4 0 12.8-6.4 12.8-12.8v-70.4c0-6.4-6.4-12.8-12.8-12.8h-22.4c-6.4 0-12.8 6.4-12.8 12.8v70.4c0 6.4 6.4 12.8 12.8 12.8z\" class=\"\"><\/path><\/svg><\/i> <img loading=\"lazy\" decoding=\"async\" width=\"16\" height=\"16\" alt=\"Loading\" src=\"https:\/\/reperes-astro.fr\/%77%70%2d%63%6f%6e%74%65%6e%74\/plugins\/page-views-count\/ajax-loader-2x.gif\" border=0 \/><\/p>\n<div class=\"pvc_clear\"><\/div>\n","protected":false},"author":6,"featured_media":3843,"comment_status":"closed","ping_status":"closed","sticky":false,"template":"","format":"standard","meta":{"footnotes":""},"categories":[106,102,115],"tags":[],"class_list":["post-3863","post","type-post","status-publish","format-standard","has-post-thumbnail","hentry","category-archives-reperes-astro-2015","category-archives-reperes-astro","category-travaux-bricolages"],"a3_pvc":{"activated":true,"total_views":10,"today_views":0},"yoast_head":"<title>VENDREDI 18 septembre : une journ\u00e9e b\u00e9ton... - Rep\u00e8res Astro<\/title>\n<meta name=\"robots\" content=\"index, follow, max-snippet:-1, max-image-preview:large, max-video-preview:-1\" \/>\n<link rel=\"canonical\" href=\"https:\/\/reperes-astro.fr\/vendredi-18-septembre-une-journee-beton\/\" \/>\n<meta property=\"og:locale\" content=\"fr_FR\" \/>\n<meta property=\"og:type\" content=\"article\" \/>\n<meta property=\"og:title\" content=\"VENDREDI 18 septembre : une journ\u00e9e b\u00e9ton... - Rep\u00e8res Astro\" \/>\n<meta property=\"og:description\" content=\"D\u00e8s le matin, Christophe, Jean Claude, Claude, Eddy, Michel se retrouvent pour fignoler les coffrages pour accueillir la Toupie de b\u00e9ton&#046;&#046;&#046;\" \/>\n<meta property=\"og:url\" content=\"https:\/\/reperes-astro.fr\/vendredi-18-septembre-une-journee-beton\/\" \/>\n<meta property=\"og:site_name\" content=\"Rep\u00e8res Astro\" \/>\n<meta property=\"article:publisher\" content=\"https:\/\/www.facebook.com\/AssoReperesAstro\/?locale=fr_FRrplanetarium\" \/>\n<meta property=\"article:published_time\" content=\"2015-09-19T19:52:52+00:00\" \/>\n<meta property=\"article:modified_time\" content=\"2025-02-01T12:54:08+00:00\" \/>\n<meta property=\"og:image\" content=\"https:\/\/reperes-astro.fr\/%77%70%2d%63%6f%6e%74%65%6e%74\/uploads\/2015\/09\/IMG_0476-en-600.jpg\" \/>\n\t<meta property=\"og:image:width\" content=\"600\" \/>\n\t<meta property=\"og:image:height\" content=\"448\" \/>\n\t<meta property=\"og:image:type\" content=\"image\/jpeg\" \/>\n<meta name=\"author\" content=\"Maxence Delmotte\" \/>\n<meta name=\"twitter:card\" content=\"summary_large_image\" \/>\n<meta name=\"twitter:label1\" content=\"\u00c9crit par\" \/>\n\t<meta name=\"twitter:data1\" content=\"Maxence Delmotte\" \/>\n\t<meta name=\"twitter:label2\" content=\"Dur\u00e9e de lecture estim\u00e9e\" \/>\n\t<meta name=\"twitter:data2\" content=\"2 minutes\" \/>\n<script type=\"application\/ld+json\" class=\"yoast-schema-graph\">{\"@context\":\"https:\\\/\\\/schema.org\",\"@graph\":[{\"@type\":\"Article\",\"@id\":\"https:\\\/\\\/reperes-astro.fr\\\/vendredi-18-septembre-une-journee-beton\\\/#article\",\"isPartOf\":{\"@id\":\"https:\\\/\\\/reperes-astro.fr\\\/vendredi-18-septembre-une-journee-beton\\\/\"},\"author\":{\"name\":\"Maxence Delmotte\",\"@id\":\"https:\\\/\\\/reperes-astro.fr\\\/#\\\/schema\\\/person\\\/f5b58eaefe61da413bd91263498f00f4\"},\"headline\":\"VENDREDI 18 septembre : une journ\u00e9e b\u00e9ton&#8230;\",\"datePublished\":\"2015-09-19T19:52:52+00:00\",\"dateModified\":\"2025-02-01T12:54:08+00:00\",\"mainEntityOfPage\":{\"@id\":\"https:\\\/\\\/reperes-astro.fr\\\/vendredi-18-septembre-une-journee-beton\\\/\"},\"wordCount\":412,\"publisher\":{\"@id\":\"https:\\\/\\\/reperes-astro.fr\\\/#organization\"},\"image\":{\"@id\":\"https:\\\/\\\/reperes-astro.fr\\\/vendredi-18-septembre-une-journee-beton\\\/#primaryimage\"},\"thumbnailUrl\":\"https:\\\/\\\/reperes-astro.fr\\\/%77%70%2d%63%6f%6e%74%65%6e%74\\\/uploads\\\/2015\\\/09\\\/IMG_0476-en-600.jpg\",\"articleSection\":[\"2015\",\"Archives\",\"Travaux et Bricolages\"],\"inLanguage\":\"fr-FR\"},{\"@type\":\"WebPage\",\"@id\":\"https:\\\/\\\/reperes-astro.fr\\\/vendredi-18-septembre-une-journee-beton\\\/\",\"url\":\"https:\\\/\\\/reperes-astro.fr\\\/vendredi-18-septembre-une-journee-beton\\\/\",\"name\":\"VENDREDI 18 septembre : une journ\u00e9e b\u00e9ton... - Rep\u00e8res Astro\",\"isPartOf\":{\"@id\":\"https:\\\/\\\/reperes-astro.fr\\\/#website\"},\"primaryImageOfPage\":{\"@id\":\"https:\\\/\\\/reperes-astro.fr\\\/vendredi-18-septembre-une-journee-beton\\\/#primaryimage\"},\"image\":{\"@id\":\"https:\\\/\\\/reperes-astro.fr\\\/vendredi-18-septembre-une-journee-beton\\\/#primaryimage\"},\"thumbnailUrl\":\"https:\\\/\\\/reperes-astro.fr\\\/%77%70%2d%63%6f%6e%74%65%6e%74\\\/uploads\\\/2015\\\/09\\\/IMG_0476-en-600.jpg\",\"datePublished\":\"2015-09-19T19:52:52+00:00\",\"dateModified\":\"2025-02-01T12:54:08+00:00\",\"breadcrumb\":{\"@id\":\"https:\\\/\\\/reperes-astro.fr\\\/vendredi-18-septembre-une-journee-beton\\\/#breadcrumb\"},\"inLanguage\":\"fr-FR\",\"potentialAction\":[{\"@type\":\"ReadAction\",\"target\":[\"https:\\\/\\\/reperes-astro.fr\\\/vendredi-18-septembre-une-journee-beton\\\/\"]}]},{\"@type\":\"ImageObject\",\"inLanguage\":\"fr-FR\",\"@id\":\"https:\\\/\\\/reperes-astro.fr\\\/vendredi-18-septembre-une-journee-beton\\\/#primaryimage\",\"url\":\"https:\\\/\\\/reperes-astro.fr\\\/%77%70%2d%63%6f%6e%74%65%6e%74\\\/uploads\\\/2015\\\/09\\\/IMG_0476-en-600.jpg\",\"contentUrl\":\"https:\\\/\\\/reperes-astro.fr\\\/%77%70%2d%63%6f%6e%74%65%6e%74\\\/uploads\\\/2015\\\/09\\\/IMG_0476-en-600.jpg\",\"width\":600,\"height\":448},{\"@type\":\"BreadcrumbList\",\"@id\":\"https:\\\/\\\/reperes-astro.fr\\\/vendredi-18-septembre-une-journee-beton\\\/#breadcrumb\",\"itemListElement\":[{\"@type\":\"ListItem\",\"position\":1,\"name\":\"Accueil\",\"item\":\"https:\\\/\\\/reperes-astro.fr\\\/\"},{\"@type\":\"ListItem\",\"position\":2,\"name\":\"VENDREDI 18 septembre : une journ\u00e9e b\u00e9ton&#8230;\"}]},{\"@type\":\"WebSite\",\"@id\":\"https:\\\/\\\/reperes-astro.fr\\\/#website\",\"url\":\"https:\\\/\\\/reperes-astro.fr\\\/\",\"name\":\"Rep\u00e8res Astro\",\"description\":\"&quot;Heureux soient les f\u00eal\u00e9s, car ils laisseront passer la lumi\u00e8re.&quot; Michel Audiard\",\"publisher\":{\"@id\":\"https:\\\/\\\/reperes-astro.fr\\\/#organization\"},\"potentialAction\":[{\"@type\":\"SearchAction\",\"target\":{\"@type\":\"EntryPoint\",\"urlTemplate\":\"https:\\\/\\\/reperes-astro.fr\\\/?s={search_term_string}\"},\"query-input\":{\"@type\":\"PropertyValueSpecification\",\"valueRequired\":true,\"valueName\":\"search_term_string\"}}],\"inLanguage\":\"fr-FR\"},{\"@type\":\"Organization\",\"@id\":\"https:\\\/\\\/reperes-astro.fr\\\/#organization\",\"name\":\"Rep\u00e8res Astro\",\"url\":\"https:\\\/\\\/reperes-astro.fr\\\/\",\"logo\":{\"@type\":\"ImageObject\",\"inLanguage\":\"fr-FR\",\"@id\":\"https:\\\/\\\/reperes-astro.fr\\\/#\\\/schema\\\/logo\\\/image\\\/\",\"url\":\"https:\\\/\\\/reperes-astro.fr\\\/%77%70%2d%63%6f%6e%74%65%6e%74\\\/uploads\\\/2014\\\/01\\\/logo-reperes1.jpg\",\"contentUrl\":\"https:\\\/\\\/reperes-astro.fr\\\/%77%70%2d%63%6f%6e%74%65%6e%74\\\/uploads\\\/2014\\\/01\\\/logo-reperes1.jpg\",\"width\":510,\"height\":510,\"caption\":\"Rep\u00e8res Astro\"},\"image\":{\"@id\":\"https:\\\/\\\/reperes-astro.fr\\\/#\\\/schema\\\/logo\\\/image\\\/\"},\"sameAs\":[\"https:\\\/\\\/www.facebook.com\\\/AssoReperesAstro\\\/?locale=fr_FRrplanetarium\"]},{\"@type\":\"Person\",\"@id\":\"https:\\\/\\\/reperes-astro.fr\\\/#\\\/schema\\\/person\\\/f5b58eaefe61da413bd91263498f00f4\",\"name\":\"Maxence Delmotte\",\"url\":\"https:\\\/\\\/reperes-astro.fr\\\/author\\\/maxence\\\/\"}]}<\/script>","yoast_head_json":{"title":"VENDREDI 18 septembre : une journ\u00e9e b\u00e9ton... - Rep\u00e8res Astro","robots":{"index":"index","follow":"follow","max-snippet":"max-snippet:-1","max-image-preview":"max-image-preview:large","max-video-preview":"max-video-preview:-1"},"canonical":"https:\/\/reperes-astro.fr\/vendredi-18-septembre-une-journee-beton\/","og_locale":"fr_FR","og_type":"article","og_title":"VENDREDI 18 septembre : une journ\u00e9e b\u00e9ton... - Rep\u00e8res Astro","og_description":"D\u00e8s le matin, Christophe, Jean Claude, Claude, Eddy, Michel se retrouvent pour fignoler les coffrages pour accueillir la Toupie de b\u00e9ton&#46;&#46;&#46;","og_url":"https:\/\/reperes-astro.fr\/vendredi-18-septembre-une-journee-beton\/","og_site_name":"Rep\u00e8res Astro","article_publisher":"https:\/\/www.facebook.com\/AssoReperesAstro\/?locale=fr_FRrplanetarium","article_published_time":"2015-09-19T19:52:52+00:00","article_modified_time":"2025-02-01T12:54:08+00:00","og_image":[{"width":600,"height":448,"url":"https:\/\/reperes-astro.fr\/%77%70%2d%63%6f%6e%74%65%6e%74\/uploads\/2015\/09\/IMG_0476-en-600.jpg","type":"image\/jpeg"}],"author":"Maxence Delmotte","twitter_card":"summary_large_image","twitter_misc":{"\u00c9crit par":"Maxence Delmotte","Dur\u00e9e de lecture estim\u00e9e":"2 minutes"},"schema":{"@context":"https:\/\/schema.org","@graph":[{"@type":"Article","@id":"https:\/\/reperes-astro.fr\/vendredi-18-septembre-une-journee-beton\/#article","isPartOf":{"@id":"https:\/\/reperes-astro.fr\/vendredi-18-septembre-une-journee-beton\/"},"author":{"name":"Maxence Delmotte","@id":"https:\/\/reperes-astro.fr\/#\/schema\/person\/f5b58eaefe61da413bd91263498f00f4"},"headline":"VENDREDI 18 septembre : une journ\u00e9e b\u00e9ton&#8230;","datePublished":"2015-09-19T19:52:52+00:00","dateModified":"2025-02-01T12:54:08+00:00","mainEntityOfPage":{"@id":"https:\/\/reperes-astro.fr\/vendredi-18-septembre-une-journee-beton\/"},"wordCount":412,"publisher":{"@id":"https:\/\/reperes-astro.fr\/#organization"},"image":{"@id":"https:\/\/reperes-astro.fr\/vendredi-18-septembre-une-journee-beton\/#primaryimage"},"thumbnailUrl":"https:\/\/reperes-astro.fr\/%77%70%2d%63%6f%6e%74%65%6e%74\/uploads\/2015\/09\/IMG_0476-en-600.jpg","articleSection":["2015","Archives","Travaux et Bricolages"],"inLanguage":"fr-FR"},{"@type":"WebPage","@id":"https:\/\/reperes-astro.fr\/vendredi-18-septembre-une-journee-beton\/","url":"https:\/\/reperes-astro.fr\/vendredi-18-septembre-une-journee-beton\/","name":"VENDREDI 18 septembre : une journ\u00e9e b\u00e9ton... - Rep\u00e8res Astro","isPartOf":{"@id":"https:\/\/reperes-astro.fr\/#website"},"primaryImageOfPage":{"@id":"https:\/\/reperes-astro.fr\/vendredi-18-septembre-une-journee-beton\/#primaryimage"},"image":{"@id":"https:\/\/reperes-astro.fr\/vendredi-18-septembre-une-journee-beton\/#primaryimage"},"thumbnailUrl":"https:\/\/reperes-astro.fr\/%77%70%2d%63%6f%6e%74%65%6e%74\/uploads\/2015\/09\/IMG_0476-en-600.jpg","datePublished":"2015-09-19T19:52:52+00:00","dateModified":"2025-02-01T12:54:08+00:00","breadcrumb":{"@id":"https:\/\/reperes-astro.fr\/vendredi-18-septembre-une-journee-beton\/#breadcrumb"},"inLanguage":"fr-FR","potentialAction":[{"@type":"ReadAction","target":["https:\/\/reperes-astro.fr\/vendredi-18-septembre-une-journee-beton\/"]}]},{"@type":"ImageObject","inLanguage":"fr-FR","@id":"https:\/\/reperes-astro.fr\/vendredi-18-septembre-une-journee-beton\/#primaryimage","url":"https:\/\/reperes-astro.fr\/%77%70%2d%63%6f%6e%74%65%6e%74\/uploads\/2015\/09\/IMG_0476-en-600.jpg","contentUrl":"https:\/\/reperes-astro.fr\/%77%70%2d%63%6f%6e%74%65%6e%74\/uploads\/2015\/09\/IMG_0476-en-600.jpg","width":600,"height":448},{"@type":"BreadcrumbList","@id":"https:\/\/reperes-astro.fr\/vendredi-18-septembre-une-journee-beton\/#breadcrumb","itemListElement":[{"@type":"ListItem","position":1,"name":"Accueil","item":"https:\/\/reperes-astro.fr\/"},{"@type":"ListItem","position":2,"name":"VENDREDI 18 septembre : une journ\u00e9e b\u00e9ton&#8230;"}]},{"@type":"WebSite","@id":"https:\/\/reperes-astro.fr\/#website","url":"https:\/\/reperes-astro.fr\/","name":"Rep\u00e8res Astro","description":"&quot;Heureux soient les f\u00eal\u00e9s, car ils laisseront passer la lumi\u00e8re.&quot; Michel Audiard","publisher":{"@id":"https:\/\/reperes-astro.fr\/#organization"},"potentialAction":[{"@type":"SearchAction","target":{"@type":"EntryPoint","urlTemplate":"https:\/\/reperes-astro.fr\/?s={search_term_string}"},"query-input":{"@type":"PropertyValueSpecification","valueRequired":true,"valueName":"search_term_string"}}],"inLanguage":"fr-FR"},{"@type":"Organization","@id":"https:\/\/reperes-astro.fr\/#organization","name":"Rep\u00e8res Astro","url":"https:\/\/reperes-astro.fr\/","logo":{"@type":"ImageObject","inLanguage":"fr-FR","@id":"https:\/\/reperes-astro.fr\/#\/schema\/logo\/image\/","url":"https:\/\/reperes-astro.fr\/%77%70%2d%63%6f%6e%74%65%6e%74\/uploads\/2014\/01\/logo-reperes1.jpg","contentUrl":"https:\/\/reperes-astro.fr\/%77%70%2d%63%6f%6e%74%65%6e%74\/uploads\/2014\/01\/logo-reperes1.jpg","width":510,"height":510,"caption":"Rep\u00e8res Astro"},"image":{"@id":"https:\/\/reperes-astro.fr\/#\/schema\/logo\/image\/"},"sameAs":["https:\/\/www.facebook.com\/AssoReperesAstro\/?locale=fr_FRrplanetarium"]},{"@type":"Person","@id":"https:\/\/reperes-astro.fr\/#\/schema\/person\/f5b58eaefe61da413bd91263498f00f4","name":"Maxence Delmotte","url":"https:\/\/reperes-astro.fr\/author\/maxence\/"}]}},"_links":{"self":[{"href":"https:\/\/reperes-astro.fr\/%77%70%2d%6a%73%6f%6e\/wp\/v2\/posts\/3863","targetHints":{"allow":["GET"]}}],"collection":[{"href":"https:\/\/reperes-astro.fr\/%77%70%2d%6a%73%6f%6e\/wp\/v2\/posts"}],"about":[{"href":"https:\/\/reperes-astro.fr\/%77%70%2d%6a%73%6f%6e\/wp\/v2\/types\/post"}],"author":[{"embeddable":true,"href":"https:\/\/reperes-astro.fr\/%77%70%2d%6a%73%6f%6e\/wp\/v2\/users\/6"}],"replies":[{"embeddable":true,"href":"https:\/\/reperes-astro.fr\/%77%70%2d%6a%73%6f%6e\/wp\/v2\/comments?post=3863"}],"version-history":[{"count":0,"href":"https:\/\/reperes-astro.fr\/%77%70%2d%6a%73%6f%6e\/wp\/v2\/posts\/3863\/revisions"}],"wp:featuredmedia":[{"embeddable":true,"href":"https:\/\/reperes-astro.fr\/%77%70%2d%6a%73%6f%6e\/wp\/v2\/media\/3843"}],"wp:attachment":[{"href":"https:\/\/reperes-astro.fr\/%77%70%2d%6a%73%6f%6e\/wp\/v2\/media?parent=3863"}],"wp:term":[{"taxonomy":"category","embeddable":true,"href":"https:\/\/reperes-astro.fr\/%77%70%2d%6a%73%6f%6e\/wp\/v2\/categories?post=3863"},{"taxonomy":"post_tag","embeddable":true,"href":"https:\/\/reperes-astro.fr\/%77%70%2d%6a%73%6f%6e\/wp\/v2\/tags?post=3863"}],"curies":[{"name":"wp","href":"https:\/\/api.w.org\/{rel}","templated":true}]}}