{"id":4723,"date":"2016-07-24T09:20:44","date_gmt":"2016-07-24T07:20:44","guid":{"rendered":"http:\/\/reperes-astro.fr\/?p=4723"},"modified":"2025-01-17T19:20:08","modified_gmt":"2025-01-17T18:20:08","slug":"5-et-6-aout-nuit-des-etoiles-a-lavacquerie","status":"publish","type":"post","link":"https:\/\/reperes-astro.fr\/5-et-6-aout-nuit-des-etoiles-a-lavacquerie\/","title":{"rendered":"NUITS DES ETOILES A LAVACQUERIE"},"content":{"rendered":"<div class=\"wp-block-image\">\n<figure class=\"aligncenter size-full\"><a href=\"https:\/\/reperes-astro.fr\/%77%70%2d%63%6f%6e%74%65%6e%74\/uploads\/2016\/07\/Affiche_Nde16_30x40-en-600-avec-texte.jpg\"><img loading=\"lazy\" decoding=\"async\" width=\"450\" height=\"600\" src=\"https:\/\/reperes-astro.fr\/%77%70%2d%63%6f%6e%74%65%6e%74\/uploads\/2016\/07\/Affiche_Nde16_30x40-en-600-avec-texte.jpg\" alt=\"\" class=\"wp-image-4724\" srcset=\"https:\/\/reperes-astro.fr\/%77%70%2d%63%6f%6e%74%65%6e%74\/uploads\/2016\/07\/Affiche_Nde16_30x40-en-600-avec-texte.jpg 450w, https:\/\/reperes-astro.fr\/%77%70%2d%63%6f%6e%74%65%6e%74\/uploads\/2016\/07\/Affiche_Nde16_30x40-en-600-avec-texte-225x300.jpg 225w\" sizes=\"auto, (max-width: 450px) 100vw, 450px\" \/><\/a><figcaption class=\"wp-element-caption\">LES 5 ET 6 AOUT<\/figcaption><\/figure>\n<\/div>\n\n\n<p>LES ESSERRES ET REPERES ont le plaisir de vous inviter pour les<\/p>\n\n\n\n<h2 class=\"wp-block-heading has-medium-font-size\"><strong>Quatri\u00e8mes NUITS DES ETOILES \u00e0 LAVACQUERIE AVEC AU PROGRAMME :<\/strong><\/h2>\n\n\n\n<p><span style=\"font-family: Arial;\"><strong>Les deux jours (vendredi de 17h \u00e0 minuit et samedi de 14h \u00e0 minuit)<\/strong><\/span><\/p>\n\n\n\n<ul class=\"wp-block-list\">\n<li><span style=\"font-family: Arial;\"><span style=\"font-size: x-small;\">observation d<span style=\"color: #000000;\">u Soleil avec plusieurs instruments et en toute s\u00e9curit\u00e9<\/span><\/span><\/span><\/li>\n\n\n\n<li><span style=\"font-family: Arial; font-size: x-small;\">observation du ciel nocturn<span style=\"color: #000000;\">e (\u00e0 partir de <\/span><span style=\"color: #ff0000;\"><span style=\"color: #000000;\">20h30<\/span><\/span><\/span>)<\/li>\n\n\n\n<li class=\"has-white-background-color has-background\"><span style=\"background-color: rgba(0, 0, 0, 0.2); font-family: Arial; font-size: x-small; color: initial;\">atelier instruments (pour ceux qui veulent apprendre \u00e0 se servir de leurs instruments, ceux qui voudraient en acheter un ou tout simplement ceux qui veulent voir comment cela fonctionne)<\/span><\/li>\n\n\n\n<li><span style=\"font-family: Arial;\"><span style=\"font-size: x-small;\">pr\u00e9sentation du ciel avec Stellarium, carte du ciel, plan\u00e9taire (de <\/span><\/span><span style=\"font-family: Arial; font-size: x-small;\">20h30 au coucher du soleil &#8211; 21h23)<\/span><\/li>\n\n\n\n<li><span style=\"font-family: Arial; font-size: x-small;\">S\u00e9ances de plan\u00e9tarium (21h30 et 22h30) <\/span><\/li>\n\n\n\n<li><span style=\"font-family: Arial; font-size: x-small;\">Concours photo du coucher de Soleil<br><\/span>\n<ul class=\"wp-block-list\">\n<li><span style=\"font-family: Arial; font-size: x-small;\">Les participants au concours devront prendre un photo du coucher du Soleil le vendredi ou le samedi soir aux ESSERRES. ils les transmettront \u00e0 REPERES par mail avant le 16 AOUT. Des livres seront \u00e0 gagner<br><\/span><\/li>\n<\/ul>\n<\/li>\n\n\n\n<li><span style=\"font-family: Arial; font-size: x-small;\">expositions d&rsquo;arts plastiques<\/span><\/li>\n\n\n\n<li><span style=\"font-family: Arial; font-size: x-small;\">restauration sur place (merci de soutenir l\u2019association en \u00e9vitant d&rsquo;amener votre pique-nique)<br><\/span><\/li>\n<\/ul>\n\n\n\n<p><strong>le Vendredi- ouverture \u00e0 17h<\/strong><\/p>\n\n\n\n<ul class=\"wp-block-list\">\n<li>Conf\u00e9rence sur les actualit\u00e9s de l&rsquo;espace, les derni\u00e8res d\u00e9couvertes et celles \u00e0 venir&#8230;(18h \u00e0 19h)<br><\/li>\n<\/ul>\n\n\n\n<p><strong>Le samedi- ouverture \u00e0&nbsp;14h00<\/strong><\/p>\n\n\n\n<ul class=\"wp-block-list\">\n<li>s\u00e9ances suppl\u00e9mentaires de plan\u00e9tarium dans l&rsquo;apr\u00e8s midi (sous r\u00e9serve)<\/li>\n\n\n\n<li>construction de carte du ciel<\/li>\n\n\n\n<li>Conf\u00e9rence \u00ab\u00a0<strong>Au fil de l&rsquo;eau : la recherche de la Vie<\/strong> \u00a0\u00bb avec l\u2019approche de la sonde Exomars, de Juice et le crash annonc\u00e9 de Rosetta sur Tchouri en septembre (17h30 \u00e0 18h30)<\/li>\n<\/ul>\n\n\n\n<p>Vous pouvez trouver le dossier de presse :<\/p>\n\n\n\n<div class=\"wp-block-file aligncenter\"><a id=\"wp-block-file--media-58e82e2e-3a90-4884-9e51-58d58c0d5b6a\" href=\"https:\/\/reperes-astro.fr\/%77%70%2d%63%6f%6e%74%65%6e%74\/uploads\/2016\/07\/Dossier-de-Presse-Nuits-des-Etoiles-2016-5763.pdf\">Dossier de Presse &#8211; Nuits des Etoiles 2016-5763<\/a><a href=\"https:\/\/reperes-astro.fr\/%77%70%2d%63%6f%6e%74%65%6e%74\/uploads\/2016\/07\/Dossier-de-Presse-Nuits-des-Etoiles-2016-5763.pdf\" class=\"wp-block-file__button wp-element-button\" download aria-describedby=\"wp-block-file--media-58e82e2e-3a90-4884-9e51-58d58c0d5b6a\">T\u00e9l\u00e9charger<\/a><\/div>\n\n\n\n<p><\/p>\n<div class=\"pvc_clear\"><\/div><p id=\"pvc_stats_4723\" class=\"pvc_stats all  \" data-element-id=\"4723\" style=\"\"><i class=\"pvc-stats-icon medium\" aria-hidden=\"true\"><svg aria-hidden=\"true\" focusable=\"false\" data-prefix=\"far\" data-icon=\"chart-bar\" role=\"img\" xmlns=\"http:\/\/www.w3.org\/2000\/svg\" viewBox=\"0 0 512 512\" class=\"svg-inline--fa fa-chart-bar fa-w-16 fa-2x\"><path fill=\"currentColor\" d=\"M396.8 352h22.4c6.4 0 12.8-6.4 12.8-12.8V108.8c0-6.4-6.4-12.8-12.8-12.8h-22.4c-6.4 0-12.8 6.4-12.8 12.8v230.4c0 6.4 6.4 12.8 12.8 12.8zm-192 0h22.4c6.4 0 12.8-6.4 12.8-12.8V140.8c0-6.4-6.4-12.8-12.8-12.8h-22.4c-6.4 0-12.8 6.4-12.8 12.8v198.4c0 6.4 6.4 12.8 12.8 12.8zm96 0h22.4c6.4 0 12.8-6.4 12.8-12.8V204.8c0-6.4-6.4-12.8-12.8-12.8h-22.4c-6.4 0-12.8 6.4-12.8 12.8v134.4c0 6.4 6.4 12.8 12.8 12.8zM496 400H48V80c0-8.84-7.16-16-16-16H16C7.16 64 0 71.16 0 80v336c0 17.67 14.33 32 32 32h464c8.84 0 16-7.16 16-16v-16c0-8.84-7.16-16-16-16zm-387.2-48h22.4c6.4 0 12.8-6.4 12.8-12.8v-70.4c0-6.4-6.4-12.8-12.8-12.8h-22.4c-6.4 0-12.8 6.4-12.8 12.8v70.4c0 6.4 6.4 12.8 12.8 12.8z\" class=\"\"><\/path><\/svg><\/i> <img loading=\"lazy\" decoding=\"async\" width=\"16\" height=\"16\" alt=\"Loading\" src=\"https:\/\/reperes-astro.fr\/%77%70%2d%63%6f%6e%74%65%6e%74\/plugins\/page-views-count\/ajax-loader-2x.gif\" border=0 \/><\/p><div class=\"pvc_clear\"><\/div>","protected":false},"excerpt":{"rendered":"<p>LES ESSERRES ET REPERES ont le plaisir de vous inviter pour les Quatri\u00e8mes NUITS DES ETOILES \u00e0 LAVACQUERIE AVEC AU PROGRAMME&#46;&#46;&#46;<\/p>\n<div class=\"pvc_clear\"><\/div>\n<p id=\"pvc_stats_4723\" class=\"pvc_stats all  \" data-element-id=\"4723\" style=\"\"><i class=\"pvc-stats-icon medium\" aria-hidden=\"true\"><svg aria-hidden=\"true\" focusable=\"false\" data-prefix=\"far\" data-icon=\"chart-bar\" role=\"img\" xmlns=\"http:\/\/www.w3.org\/2000\/svg\" viewBox=\"0 0 512 512\" class=\"svg-inline--fa fa-chart-bar fa-w-16 fa-2x\"><path fill=\"currentColor\" d=\"M396.8 352h22.4c6.4 0 12.8-6.4 12.8-12.8V108.8c0-6.4-6.4-12.8-12.8-12.8h-22.4c-6.4 0-12.8 6.4-12.8 12.8v230.4c0 6.4 6.4 12.8 12.8 12.8zm-192 0h22.4c6.4 0 12.8-6.4 12.8-12.8V140.8c0-6.4-6.4-12.8-12.8-12.8h-22.4c-6.4 0-12.8 6.4-12.8 12.8v198.4c0 6.4 6.4 12.8 12.8 12.8zm96 0h22.4c6.4 0 12.8-6.4 12.8-12.8V204.8c0-6.4-6.4-12.8-12.8-12.8h-22.4c-6.4 0-12.8 6.4-12.8 12.8v134.4c0 6.4 6.4 12.8 12.8 12.8zM496 400H48V80c0-8.84-7.16-16-16-16H16C7.16 64 0 71.16 0 80v336c0 17.67 14.33 32 32 32h464c8.84 0 16-7.16 16-16v-16c0-8.84-7.16-16-16-16zm-387.2-48h22.4c6.4 0 12.8-6.4 12.8-12.8v-70.4c0-6.4-6.4-12.8-12.8-12.8h-22.4c-6.4 0-12.8 6.4-12.8 12.8v70.4c0 6.4 6.4 12.8 12.8 12.8z\" class=\"\"><\/path><\/svg><\/i> <img loading=\"lazy\" decoding=\"async\" width=\"16\" height=\"16\" alt=\"Loading\" src=\"https:\/\/reperes-astro.fr\/%77%70%2d%63%6f%6e%74%65%6e%74\/plugins\/page-views-count\/ajax-loader-2x.gif\" border=0 \/><\/p>\n<div class=\"pvc_clear\"><\/div>\n","protected":false},"author":2,"featured_media":4724,"comment_status":"closed","ping_status":"closed","sticky":false,"template":"","format":"standard","meta":{"footnotes":""},"categories":[107,1,102],"tags":[],"class_list":["post-4723","post","type-post","status-publish","format-standard","has-post-thumbnail","hentry","category-archives-reperes-astro-2016","category-agenda","category-archives-reperes-astro"],"a3_pvc":{"activated":true,"total_views":18,"today_views":0},"yoast_head":"<title>NUITS DES ETOILES A LAVACQUERIE - Rep\u00e8res Astro<\/title>\n<meta name=\"robots\" content=\"index, follow, max-snippet:-1, max-image-preview:large, max-video-preview:-1\" \/>\n<link rel=\"canonical\" href=\"https:\/\/reperes-astro.fr\/5-et-6-aout-nuit-des-etoiles-a-lavacquerie\/\" \/>\n<meta property=\"og:locale\" content=\"fr_FR\" \/>\n<meta property=\"og:type\" content=\"article\" \/>\n<meta property=\"og:title\" content=\"NUITS DES ETOILES A LAVACQUERIE - Rep\u00e8res Astro\" \/>\n<meta property=\"og:description\" content=\"LES ESSERRES ET REPERES ont le plaisir de vous inviter pour les Quatri\u00e8mes NUITS DES ETOILES \u00e0 LAVACQUERIE AVEC AU PROGRAMME&#046;&#046;&#046;\" \/>\n<meta property=\"og:url\" content=\"https:\/\/reperes-astro.fr\/5-et-6-aout-nuit-des-etoiles-a-lavacquerie\/\" \/>\n<meta property=\"og:site_name\" content=\"Rep\u00e8res Astro\" \/>\n<meta property=\"article:publisher\" content=\"https:\/\/www.facebook.com\/AssoReperesAstro\/?locale=fr_FRrplanetarium\" \/>\n<meta property=\"article:published_time\" content=\"2016-07-24T07:20:44+00:00\" \/>\n<meta property=\"article:modified_time\" content=\"2025-01-17T18:20:08+00:00\" \/>\n<meta property=\"og:image\" content=\"https:\/\/reperes-astro.fr\/%77%70%2d%63%6f%6e%74%65%6e%74\/uploads\/2016\/07\/Affiche_Nde16_30x40-en-600-avec-texte.jpg\" \/>\n\t<meta property=\"og:image:width\" content=\"450\" \/>\n\t<meta property=\"og:image:height\" content=\"600\" \/>\n\t<meta property=\"og:image:type\" content=\"image\/jpeg\" \/>\n<meta name=\"author\" content=\"Claude Grimaud\" \/>\n<meta name=\"twitter:card\" content=\"summary_large_image\" \/>\n<meta name=\"twitter:label1\" content=\"\u00c9crit par\" \/>\n\t<meta name=\"twitter:data1\" content=\"Claude Grimaud\" \/>\n\t<meta name=\"twitter:label2\" content=\"Dur\u00e9e de lecture estim\u00e9e\" \/>\n\t<meta name=\"twitter:data2\" content=\"1 minute\" \/>\n<script type=\"application\/ld+json\" class=\"yoast-schema-graph\">{\"@context\":\"https:\\\/\\\/schema.org\",\"@graph\":[{\"@type\":\"Article\",\"@id\":\"https:\\\/\\\/reperes-astro.fr\\\/5-et-6-aout-nuit-des-etoiles-a-lavacquerie\\\/#article\",\"isPartOf\":{\"@id\":\"https:\\\/\\\/reperes-astro.fr\\\/5-et-6-aout-nuit-des-etoiles-a-lavacquerie\\\/\"},\"author\":{\"name\":\"Claude Grimaud\",\"@id\":\"https:\\\/\\\/reperes-astro.fr\\\/#\\\/schema\\\/person\\\/df305cef14844cc5dc8a7927e48142cd\"},\"headline\":\"NUITS DES ETOILES A LAVACQUERIE\",\"datePublished\":\"2016-07-24T07:20:44+00:00\",\"dateModified\":\"2025-01-17T18:20:08+00:00\",\"mainEntityOfPage\":{\"@id\":\"https:\\\/\\\/reperes-astro.fr\\\/5-et-6-aout-nuit-des-etoiles-a-lavacquerie\\\/\"},\"wordCount\":270,\"publisher\":{\"@id\":\"https:\\\/\\\/reperes-astro.fr\\\/#organization\"},\"image\":{\"@id\":\"https:\\\/\\\/reperes-astro.fr\\\/5-et-6-aout-nuit-des-etoiles-a-lavacquerie\\\/#primaryimage\"},\"thumbnailUrl\":\"https:\\\/\\\/reperes-astro.fr\\\/%77%70%2d%63%6f%6e%74%65%6e%74\\\/uploads\\\/2016\\\/07\\\/Affiche_Nde16_30x40-en-600-avec-texte.jpg\",\"articleSection\":[\"2016\",\"Agenda\",\"Archives\"],\"inLanguage\":\"fr-FR\"},{\"@type\":\"WebPage\",\"@id\":\"https:\\\/\\\/reperes-astro.fr\\\/5-et-6-aout-nuit-des-etoiles-a-lavacquerie\\\/\",\"url\":\"https:\\\/\\\/reperes-astro.fr\\\/5-et-6-aout-nuit-des-etoiles-a-lavacquerie\\\/\",\"name\":\"NUITS DES ETOILES A LAVACQUERIE - Rep\u00e8res Astro\",\"isPartOf\":{\"@id\":\"https:\\\/\\\/reperes-astro.fr\\\/#website\"},\"primaryImageOfPage\":{\"@id\":\"https:\\\/\\\/reperes-astro.fr\\\/5-et-6-aout-nuit-des-etoiles-a-lavacquerie\\\/#primaryimage\"},\"image\":{\"@id\":\"https:\\\/\\\/reperes-astro.fr\\\/5-et-6-aout-nuit-des-etoiles-a-lavacquerie\\\/#primaryimage\"},\"thumbnailUrl\":\"https:\\\/\\\/reperes-astro.fr\\\/%77%70%2d%63%6f%6e%74%65%6e%74\\\/uploads\\\/2016\\\/07\\\/Affiche_Nde16_30x40-en-600-avec-texte.jpg\",\"datePublished\":\"2016-07-24T07:20:44+00:00\",\"dateModified\":\"2025-01-17T18:20:08+00:00\",\"breadcrumb\":{\"@id\":\"https:\\\/\\\/reperes-astro.fr\\\/5-et-6-aout-nuit-des-etoiles-a-lavacquerie\\\/#breadcrumb\"},\"inLanguage\":\"fr-FR\",\"potentialAction\":[{\"@type\":\"ReadAction\",\"target\":[\"https:\\\/\\\/reperes-astro.fr\\\/5-et-6-aout-nuit-des-etoiles-a-lavacquerie\\\/\"]}]},{\"@type\":\"ImageObject\",\"inLanguage\":\"fr-FR\",\"@id\":\"https:\\\/\\\/reperes-astro.fr\\\/5-et-6-aout-nuit-des-etoiles-a-lavacquerie\\\/#primaryimage\",\"url\":\"https:\\\/\\\/reperes-astro.fr\\\/%77%70%2d%63%6f%6e%74%65%6e%74\\\/uploads\\\/2016\\\/07\\\/Affiche_Nde16_30x40-en-600-avec-texte.jpg\",\"contentUrl\":\"https:\\\/\\\/reperes-astro.fr\\\/%77%70%2d%63%6f%6e%74%65%6e%74\\\/uploads\\\/2016\\\/07\\\/Affiche_Nde16_30x40-en-600-avec-texte.jpg\",\"width\":450,\"height\":600,\"caption\":\"LES 5 ET 6 AOUT\"},{\"@type\":\"BreadcrumbList\",\"@id\":\"https:\\\/\\\/reperes-astro.fr\\\/5-et-6-aout-nuit-des-etoiles-a-lavacquerie\\\/#breadcrumb\",\"itemListElement\":[{\"@type\":\"ListItem\",\"position\":1,\"name\":\"Accueil\",\"item\":\"https:\\\/\\\/reperes-astro.fr\\\/\"},{\"@type\":\"ListItem\",\"position\":2,\"name\":\"NUITS DES ETOILES A LAVACQUERIE\"}]},{\"@type\":\"WebSite\",\"@id\":\"https:\\\/\\\/reperes-astro.fr\\\/#website\",\"url\":\"https:\\\/\\\/reperes-astro.fr\\\/\",\"name\":\"Rep\u00e8res Astro\",\"description\":\"&quot;Heureux soient les f\u00eal\u00e9s, car ils laisseront passer la lumi\u00e8re.&quot; Michel Audiard\",\"publisher\":{\"@id\":\"https:\\\/\\\/reperes-astro.fr\\\/#organization\"},\"potentialAction\":[{\"@type\":\"SearchAction\",\"target\":{\"@type\":\"EntryPoint\",\"urlTemplate\":\"https:\\\/\\\/reperes-astro.fr\\\/?s={search_term_string}\"},\"query-input\":{\"@type\":\"PropertyValueSpecification\",\"valueRequired\":true,\"valueName\":\"search_term_string\"}}],\"inLanguage\":\"fr-FR\"},{\"@type\":\"Organization\",\"@id\":\"https:\\\/\\\/reperes-astro.fr\\\/#organization\",\"name\":\"Rep\u00e8res Astro\",\"url\":\"https:\\\/\\\/reperes-astro.fr\\\/\",\"logo\":{\"@type\":\"ImageObject\",\"inLanguage\":\"fr-FR\",\"@id\":\"https:\\\/\\\/reperes-astro.fr\\\/#\\\/schema\\\/logo\\\/image\\\/\",\"url\":\"https:\\\/\\\/reperes-astro.fr\\\/%77%70%2d%63%6f%6e%74%65%6e%74\\\/uploads\\\/2014\\\/01\\\/logo-reperes1.jpg\",\"contentUrl\":\"https:\\\/\\\/reperes-astro.fr\\\/%77%70%2d%63%6f%6e%74%65%6e%74\\\/uploads\\\/2014\\\/01\\\/logo-reperes1.jpg\",\"width\":510,\"height\":510,\"caption\":\"Rep\u00e8res Astro\"},\"image\":{\"@id\":\"https:\\\/\\\/reperes-astro.fr\\\/#\\\/schema\\\/logo\\\/image\\\/\"},\"sameAs\":[\"https:\\\/\\\/www.facebook.com\\\/AssoReperesAstro\\\/?locale=fr_FRrplanetarium\"]},{\"@type\":\"Person\",\"@id\":\"https:\\\/\\\/reperes-astro.fr\\\/#\\\/schema\\\/person\\\/df305cef14844cc5dc8a7927e48142cd\",\"name\":\"Claude Grimaud\",\"url\":\"https:\\\/\\\/reperes-astro.fr\\\/author\\\/claude\\\/\"}]}<\/script>","yoast_head_json":{"title":"NUITS DES ETOILES A LAVACQUERIE - Rep\u00e8res Astro","robots":{"index":"index","follow":"follow","max-snippet":"max-snippet:-1","max-image-preview":"max-image-preview:large","max-video-preview":"max-video-preview:-1"},"canonical":"https:\/\/reperes-astro.fr\/5-et-6-aout-nuit-des-etoiles-a-lavacquerie\/","og_locale":"fr_FR","og_type":"article","og_title":"NUITS DES ETOILES A LAVACQUERIE - Rep\u00e8res Astro","og_description":"LES ESSERRES ET REPERES ont le plaisir de vous inviter pour les Quatri\u00e8mes NUITS DES ETOILES \u00e0 LAVACQUERIE AVEC AU PROGRAMME&#46;&#46;&#46;","og_url":"https:\/\/reperes-astro.fr\/5-et-6-aout-nuit-des-etoiles-a-lavacquerie\/","og_site_name":"Rep\u00e8res Astro","article_publisher":"https:\/\/www.facebook.com\/AssoReperesAstro\/?locale=fr_FRrplanetarium","article_published_time":"2016-07-24T07:20:44+00:00","article_modified_time":"2025-01-17T18:20:08+00:00","og_image":[{"width":450,"height":600,"url":"https:\/\/reperes-astro.fr\/%77%70%2d%63%6f%6e%74%65%6e%74\/uploads\/2016\/07\/Affiche_Nde16_30x40-en-600-avec-texte.jpg","type":"image\/jpeg"}],"author":"Claude Grimaud","twitter_card":"summary_large_image","twitter_misc":{"\u00c9crit par":"Claude Grimaud","Dur\u00e9e de lecture estim\u00e9e":"1 minute"},"schema":{"@context":"https:\/\/schema.org","@graph":[{"@type":"Article","@id":"https:\/\/reperes-astro.fr\/5-et-6-aout-nuit-des-etoiles-a-lavacquerie\/#article","isPartOf":{"@id":"https:\/\/reperes-astro.fr\/5-et-6-aout-nuit-des-etoiles-a-lavacquerie\/"},"author":{"name":"Claude Grimaud","@id":"https:\/\/reperes-astro.fr\/#\/schema\/person\/df305cef14844cc5dc8a7927e48142cd"},"headline":"NUITS DES ETOILES A LAVACQUERIE","datePublished":"2016-07-24T07:20:44+00:00","dateModified":"2025-01-17T18:20:08+00:00","mainEntityOfPage":{"@id":"https:\/\/reperes-astro.fr\/5-et-6-aout-nuit-des-etoiles-a-lavacquerie\/"},"wordCount":270,"publisher":{"@id":"https:\/\/reperes-astro.fr\/#organization"},"image":{"@id":"https:\/\/reperes-astro.fr\/5-et-6-aout-nuit-des-etoiles-a-lavacquerie\/#primaryimage"},"thumbnailUrl":"https:\/\/reperes-astro.fr\/%77%70%2d%63%6f%6e%74%65%6e%74\/uploads\/2016\/07\/Affiche_Nde16_30x40-en-600-avec-texte.jpg","articleSection":["2016","Agenda","Archives"],"inLanguage":"fr-FR"},{"@type":"WebPage","@id":"https:\/\/reperes-astro.fr\/5-et-6-aout-nuit-des-etoiles-a-lavacquerie\/","url":"https:\/\/reperes-astro.fr\/5-et-6-aout-nuit-des-etoiles-a-lavacquerie\/","name":"NUITS DES ETOILES A LAVACQUERIE - Rep\u00e8res Astro","isPartOf":{"@id":"https:\/\/reperes-astro.fr\/#website"},"primaryImageOfPage":{"@id":"https:\/\/reperes-astro.fr\/5-et-6-aout-nuit-des-etoiles-a-lavacquerie\/#primaryimage"},"image":{"@id":"https:\/\/reperes-astro.fr\/5-et-6-aout-nuit-des-etoiles-a-lavacquerie\/#primaryimage"},"thumbnailUrl":"https:\/\/reperes-astro.fr\/%77%70%2d%63%6f%6e%74%65%6e%74\/uploads\/2016\/07\/Affiche_Nde16_30x40-en-600-avec-texte.jpg","datePublished":"2016-07-24T07:20:44+00:00","dateModified":"2025-01-17T18:20:08+00:00","breadcrumb":{"@id":"https:\/\/reperes-astro.fr\/5-et-6-aout-nuit-des-etoiles-a-lavacquerie\/#breadcrumb"},"inLanguage":"fr-FR","potentialAction":[{"@type":"ReadAction","target":["https:\/\/reperes-astro.fr\/5-et-6-aout-nuit-des-etoiles-a-lavacquerie\/"]}]},{"@type":"ImageObject","inLanguage":"fr-FR","@id":"https:\/\/reperes-astro.fr\/5-et-6-aout-nuit-des-etoiles-a-lavacquerie\/#primaryimage","url":"https:\/\/reperes-astro.fr\/%77%70%2d%63%6f%6e%74%65%6e%74\/uploads\/2016\/07\/Affiche_Nde16_30x40-en-600-avec-texte.jpg","contentUrl":"https:\/\/reperes-astro.fr\/%77%70%2d%63%6f%6e%74%65%6e%74\/uploads\/2016\/07\/Affiche_Nde16_30x40-en-600-avec-texte.jpg","width":450,"height":600,"caption":"LES 5 ET 6 AOUT"},{"@type":"BreadcrumbList","@id":"https:\/\/reperes-astro.fr\/5-et-6-aout-nuit-des-etoiles-a-lavacquerie\/#breadcrumb","itemListElement":[{"@type":"ListItem","position":1,"name":"Accueil","item":"https:\/\/reperes-astro.fr\/"},{"@type":"ListItem","position":2,"name":"NUITS DES ETOILES A LAVACQUERIE"}]},{"@type":"WebSite","@id":"https:\/\/reperes-astro.fr\/#website","url":"https:\/\/reperes-astro.fr\/","name":"Rep\u00e8res Astro","description":"&quot;Heureux soient les f\u00eal\u00e9s, car ils laisseront passer la lumi\u00e8re.&quot; Michel Audiard","publisher":{"@id":"https:\/\/reperes-astro.fr\/#organization"},"potentialAction":[{"@type":"SearchAction","target":{"@type":"EntryPoint","urlTemplate":"https:\/\/reperes-astro.fr\/?s={search_term_string}"},"query-input":{"@type":"PropertyValueSpecification","valueRequired":true,"valueName":"search_term_string"}}],"inLanguage":"fr-FR"},{"@type":"Organization","@id":"https:\/\/reperes-astro.fr\/#organization","name":"Rep\u00e8res Astro","url":"https:\/\/reperes-astro.fr\/","logo":{"@type":"ImageObject","inLanguage":"fr-FR","@id":"https:\/\/reperes-astro.fr\/#\/schema\/logo\/image\/","url":"https:\/\/reperes-astro.fr\/%77%70%2d%63%6f%6e%74%65%6e%74\/uploads\/2014\/01\/logo-reperes1.jpg","contentUrl":"https:\/\/reperes-astro.fr\/%77%70%2d%63%6f%6e%74%65%6e%74\/uploads\/2014\/01\/logo-reperes1.jpg","width":510,"height":510,"caption":"Rep\u00e8res Astro"},"image":{"@id":"https:\/\/reperes-astro.fr\/#\/schema\/logo\/image\/"},"sameAs":["https:\/\/www.facebook.com\/AssoReperesAstro\/?locale=fr_FRrplanetarium"]},{"@type":"Person","@id":"https:\/\/reperes-astro.fr\/#\/schema\/person\/df305cef14844cc5dc8a7927e48142cd","name":"Claude Grimaud","url":"https:\/\/reperes-astro.fr\/author\/claude\/"}]}},"_links":{"self":[{"href":"https:\/\/reperes-astro.fr\/%77%70%2d%6a%73%6f%6e\/wp\/v2\/posts\/4723","targetHints":{"allow":["GET"]}}],"collection":[{"href":"https:\/\/reperes-astro.fr\/%77%70%2d%6a%73%6f%6e\/wp\/v2\/posts"}],"about":[{"href":"https:\/\/reperes-astro.fr\/%77%70%2d%6a%73%6f%6e\/wp\/v2\/types\/post"}],"author":[{"embeddable":true,"href":"https:\/\/reperes-astro.fr\/%77%70%2d%6a%73%6f%6e\/wp\/v2\/users\/2"}],"replies":[{"embeddable":true,"href":"https:\/\/reperes-astro.fr\/%77%70%2d%6a%73%6f%6e\/wp\/v2\/comments?post=4723"}],"version-history":[{"count":0,"href":"https:\/\/reperes-astro.fr\/%77%70%2d%6a%73%6f%6e\/wp\/v2\/posts\/4723\/revisions"}],"wp:featuredmedia":[{"embeddable":true,"href":"https:\/\/reperes-astro.fr\/%77%70%2d%6a%73%6f%6e\/wp\/v2\/media\/4724"}],"wp:attachment":[{"href":"https:\/\/reperes-astro.fr\/%77%70%2d%6a%73%6f%6e\/wp\/v2\/media?parent=4723"}],"wp:term":[{"taxonomy":"category","embeddable":true,"href":"https:\/\/reperes-astro.fr\/%77%70%2d%6a%73%6f%6e\/wp\/v2\/categories?post=4723"},{"taxonomy":"post_tag","embeddable":true,"href":"https:\/\/reperes-astro.fr\/%77%70%2d%6a%73%6f%6e\/wp\/v2\/tags?post=4723"}],"curies":[{"name":"wp","href":"https:\/\/api.w.org\/{rel}","templated":true}]}}