{"id":5281,"date":"2016-11-17T08:11:42","date_gmt":"2016-11-17T07:11:42","guid":{"rendered":"http:\/\/reperes-astro.fr\/?p=5281"},"modified":"2025-02-11T18:21:01","modified_gmt":"2025-02-11T17:21:01","slug":"prets-pour-le-decollage-vers-liss-article-delizabeth","status":"publish","type":"post","link":"https:\/\/reperes-astro.fr\/prets-pour-le-decollage-vers-liss-article-delizabeth\/","title":{"rendered":"Pr\u00eats pour le d\u00e9collage vers l&rsquo;ISS"},"content":{"rendered":"\n<p>A Ba\u00efkonour ce 16 novembre, \u00e0 la veille du lancement, les 3 astronautes Peggy, Oleg et Thomas Pesquet de l\u2019exp\u00e9dition 50 font leurs derniers pr\u00e9paratifs pour leur&nbsp; exp\u00e9dition 50.<\/p>\n\n\n\n<p>La fus\u00e9e a \u00e9t\u00e9 mise en place lundi 14 novembre sur le pas de tir de Ba\u00efkonour. Les moteurs sont prot\u00e9g\u00e9s par des bouchons rouges \u00e0 enlever au dernier moment.<\/p>\n\n\n\n<p>Le lanceur Soyouz MS-03 mettra plus de 48h avant de s\u2019arrimer \u00e0 l\u2019ISS en orbite \u00e0 quelque 420 kms de la Terre.<\/p>\n\n\n\n<p>Le d\u00e9collage est pr\u00e9vu le 17 novembre \u00e0 3h20 pm&nbsp; EST, soit&nbsp; 21h20 heure de Paris.<\/p>\n\n\n\n<p>Thomas Pesquet, dont nous avons suivi l\u2019intensif entra\u00eenement pour vivre 6 mois \u00e0 bord de l\u2019ISS en apesanteur, est le 10<sup>\u00e8me<\/sup> spationaute fran\u00e7ais qui rentrera dans l\u2019histoire de la conqu\u00eate spatiale.<\/p>\n\n\n<div class=\"wp-block-image\">\n<figure class=\"aligncenter size-full\"><a href=\"https:\/\/reperes-astro.fr\/%77%70%2d%63%6f%6e%74%65%6e%74\/uploads\/2016\/11\/nhq201611140001_900x1238-en-600.jpg\"><img loading=\"lazy\" decoding=\"async\" width=\"436\" height=\"600\" src=\"https:\/\/reperes-astro.fr\/%77%70%2d%63%6f%6e%74%65%6e%74\/uploads\/2016\/11\/nhq201611140001_900x1238-en-600.jpg\" alt=\"\" class=\"wp-image-5284\" title=\"nhq201611140001_900x1238 en 600\" srcset=\"https:\/\/reperes-astro.fr\/%77%70%2d%63%6f%6e%74%65%6e%74\/uploads\/2016\/11\/nhq201611140001_900x1238-en-600.jpg 436w, https:\/\/reperes-astro.fr\/%77%70%2d%63%6f%6e%74%65%6e%74\/uploads\/2016\/11\/nhq201611140001_900x1238-en-600-218x300.jpg 218w\" sizes=\"auto, (max-width: 436px) 100vw, 436px\" \/><\/a><figcaption class=\"wp-element-caption\">La Super Lune et le Soyouz de l\u2019Expedition 50<\/figcaption><\/figure>\n<\/div>\n\n\n<p>Cr\u00e9dit photo&nbsp;: NASA le 14 novembre 2016.<\/p>\n\n\n\n<p class=\"has-text-align-right\"><strong>Article de NASA APOD traduit par Elizabeth<\/strong><\/p>\n\n\n\n<p class=\"has-medium-font-size\"><strong>Ils ont arriv\u00e9s !<\/strong><\/p>\n\n\n\n<div data-wp-interactive=\"core\/file\" class=\"wp-block-file aligncenter\"><object data-wp-bind--hidden=\"!state.hasPdfPreview\" hidden class=\"wp-block-file__embed\" data=\"https:\/\/reperes-astro.fr\/%77%70%2d%63%6f%6e%74%65%6e%74\/uploads\/2016\/11\/Amarrage-Soyouz-ISSx.pdf\" type=\"application\/pdf\" style=\"width:100%;height:600px\" aria-label=\"Contenu embarqu\u00e9 Amarrage Soyouz ISSx.\"><\/object><a id=\"wp-block-file--media-0321754d-495d-4e4f-98ef-61737d780c2d\" href=\"https:\/\/reperes-astro.fr\/%77%70%2d%63%6f%6e%74%65%6e%74\/uploads\/2016\/11\/Amarrage-Soyouz-ISSx.pdf\">Amarrage Soyouz ISSx<\/a><a href=\"https:\/\/reperes-astro.fr\/%77%70%2d%63%6f%6e%74%65%6e%74\/uploads\/2016\/11\/Amarrage-Soyouz-ISSx.pdf\" class=\"wp-block-file__button wp-element-button\" download aria-describedby=\"wp-block-file--media-0321754d-495d-4e4f-98ef-61737d780c2d\">T\u00e9l\u00e9charger<\/a><\/div>\n<div class=\"pvc_clear\"><\/div><p id=\"pvc_stats_5281\" class=\"pvc_stats all  \" data-element-id=\"5281\" style=\"\"><i class=\"pvc-stats-icon medium\" aria-hidden=\"true\"><svg aria-hidden=\"true\" focusable=\"false\" data-prefix=\"far\" data-icon=\"chart-bar\" role=\"img\" xmlns=\"http:\/\/www.w3.org\/2000\/svg\" viewBox=\"0 0 512 512\" class=\"svg-inline--fa fa-chart-bar fa-w-16 fa-2x\"><path fill=\"currentColor\" d=\"M396.8 352h22.4c6.4 0 12.8-6.4 12.8-12.8V108.8c0-6.4-6.4-12.8-12.8-12.8h-22.4c-6.4 0-12.8 6.4-12.8 12.8v230.4c0 6.4 6.4 12.8 12.8 12.8zm-192 0h22.4c6.4 0 12.8-6.4 12.8-12.8V140.8c0-6.4-6.4-12.8-12.8-12.8h-22.4c-6.4 0-12.8 6.4-12.8 12.8v198.4c0 6.4 6.4 12.8 12.8 12.8zm96 0h22.4c6.4 0 12.8-6.4 12.8-12.8V204.8c0-6.4-6.4-12.8-12.8-12.8h-22.4c-6.4 0-12.8 6.4-12.8 12.8v134.4c0 6.4 6.4 12.8 12.8 12.8zM496 400H48V80c0-8.84-7.16-16-16-16H16C7.16 64 0 71.16 0 80v336c0 17.67 14.33 32 32 32h464c8.84 0 16-7.16 16-16v-16c0-8.84-7.16-16-16-16zm-387.2-48h22.4c6.4 0 12.8-6.4 12.8-12.8v-70.4c0-6.4-6.4-12.8-12.8-12.8h-22.4c-6.4 0-12.8 6.4-12.8 12.8v70.4c0 6.4 6.4 12.8 12.8 12.8z\" class=\"\"><\/path><\/svg><\/i> <img loading=\"lazy\" decoding=\"async\" width=\"16\" height=\"16\" alt=\"Loading\" src=\"https:\/\/reperes-astro.fr\/%77%70%2d%63%6f%6e%74%65%6e%74\/plugins\/page-views-count\/ajax-loader-2x.gif\" border=0 \/><\/p><div class=\"pvc_clear\"><\/div>","protected":false},"excerpt":{"rendered":"<p>A Ba\u00efkonour ce 16 novembre, \u00e0 la veille du lancement, les 3 astronautes Peggy, Oleg et Thomas Pesquet de l\u2019exp\u00e9dition 50&#46;&#46;&#46;<\/p>\n<div class=\"pvc_clear\"><\/div>\n<p id=\"pvc_stats_5281\" class=\"pvc_stats all  \" data-element-id=\"5281\" style=\"\"><i class=\"pvc-stats-icon medium\" aria-hidden=\"true\"><svg aria-hidden=\"true\" focusable=\"false\" data-prefix=\"far\" data-icon=\"chart-bar\" role=\"img\" xmlns=\"http:\/\/www.w3.org\/2000\/svg\" viewBox=\"0 0 512 512\" class=\"svg-inline--fa fa-chart-bar fa-w-16 fa-2x\"><path fill=\"currentColor\" d=\"M396.8 352h22.4c6.4 0 12.8-6.4 12.8-12.8V108.8c0-6.4-6.4-12.8-12.8-12.8h-22.4c-6.4 0-12.8 6.4-12.8 12.8v230.4c0 6.4 6.4 12.8 12.8 12.8zm-192 0h22.4c6.4 0 12.8-6.4 12.8-12.8V140.8c0-6.4-6.4-12.8-12.8-12.8h-22.4c-6.4 0-12.8 6.4-12.8 12.8v198.4c0 6.4 6.4 12.8 12.8 12.8zm96 0h22.4c6.4 0 12.8-6.4 12.8-12.8V204.8c0-6.4-6.4-12.8-12.8-12.8h-22.4c-6.4 0-12.8 6.4-12.8 12.8v134.4c0 6.4 6.4 12.8 12.8 12.8zM496 400H48V80c0-8.84-7.16-16-16-16H16C7.16 64 0 71.16 0 80v336c0 17.67 14.33 32 32 32h464c8.84 0 16-7.16 16-16v-16c0-8.84-7.16-16-16-16zm-387.2-48h22.4c6.4 0 12.8-6.4 12.8-12.8v-70.4c0-6.4-6.4-12.8-12.8-12.8h-22.4c-6.4 0-12.8 6.4-12.8 12.8v70.4c0 6.4 6.4 12.8 12.8 12.8z\" class=\"\"><\/path><\/svg><\/i> <img loading=\"lazy\" decoding=\"async\" width=\"16\" height=\"16\" alt=\"Loading\" src=\"https:\/\/reperes-astro.fr\/%77%70%2d%63%6f%6e%74%65%6e%74\/plugins\/page-views-count\/ajax-loader-2x.gif\" border=0 \/><\/p>\n<div class=\"pvc_clear\"><\/div>\n","protected":false},"author":2,"featured_media":5284,"comment_status":"closed","ping_status":"closed","sticky":false,"template":"","format":"standard","meta":{"footnotes":""},"categories":[107,102,63],"tags":[],"class_list":["post-5281","post","type-post","status-publish","format-standard","has-post-thumbnail","hentry","category-archives-reperes-astro-2016","category-archives-reperes-astro","category-espace"],"a3_pvc":{"activated":true,"total_views":22,"today_views":0},"yoast_head":"<title>Pr\u00eats pour le d\u00e9collage vers l&#039;ISS - Rep\u00e8res Astro<\/title>\n<meta name=\"robots\" content=\"index, follow, max-snippet:-1, max-image-preview:large, max-video-preview:-1\" \/>\n<link rel=\"canonical\" href=\"https:\/\/reperes-astro.fr\/prets-pour-le-decollage-vers-liss-article-delizabeth\/\" \/>\n<meta property=\"og:locale\" content=\"fr_FR\" \/>\n<meta property=\"og:type\" content=\"article\" \/>\n<meta property=\"og:title\" content=\"Pr\u00eats pour le d\u00e9collage vers l&#039;ISS - Rep\u00e8res Astro\" \/>\n<meta property=\"og:description\" content=\"A Ba\u00efkonour ce 16 novembre, \u00e0 la veille du lancement, les 3 astronautes Peggy, Oleg et Thomas Pesquet de l\u2019exp\u00e9dition 50&#046;&#046;&#046;\" \/>\n<meta property=\"og:url\" content=\"https:\/\/reperes-astro.fr\/prets-pour-le-decollage-vers-liss-article-delizabeth\/\" \/>\n<meta property=\"og:site_name\" content=\"Rep\u00e8res Astro\" \/>\n<meta property=\"article:publisher\" content=\"https:\/\/www.facebook.com\/AssoReperesAstro\/?locale=fr_FRrplanetarium\" \/>\n<meta property=\"article:published_time\" content=\"2016-11-17T07:11:42+00:00\" \/>\n<meta property=\"article:modified_time\" content=\"2025-02-11T17:21:01+00:00\" \/>\n<meta property=\"og:image\" content=\"https:\/\/reperes-astro.fr\/%77%70%2d%63%6f%6e%74%65%6e%74\/uploads\/2016\/11\/nhq201611140001_900x1238-en-600.jpg\" \/>\n\t<meta property=\"og:image:width\" content=\"436\" \/>\n\t<meta property=\"og:image:height\" content=\"600\" \/>\n\t<meta property=\"og:image:type\" content=\"image\/jpeg\" \/>\n<meta name=\"author\" content=\"Claude Grimaud\" \/>\n<meta name=\"twitter:card\" content=\"summary_large_image\" \/>\n<meta name=\"twitter:label1\" content=\"\u00c9crit par\" \/>\n\t<meta name=\"twitter:data1\" content=\"Claude Grimaud\" \/>\n\t<meta name=\"twitter:label2\" content=\"Dur\u00e9e de lecture estim\u00e9e\" \/>\n\t<meta name=\"twitter:data2\" content=\"1 minute\" \/>\n<script type=\"application\/ld+json\" class=\"yoast-schema-graph\">{\"@context\":\"https:\\\/\\\/schema.org\",\"@graph\":[{\"@type\":\"Article\",\"@id\":\"https:\\\/\\\/reperes-astro.fr\\\/prets-pour-le-decollage-vers-liss-article-delizabeth\\\/#article\",\"isPartOf\":{\"@id\":\"https:\\\/\\\/reperes-astro.fr\\\/prets-pour-le-decollage-vers-liss-article-delizabeth\\\/\"},\"author\":{\"name\":\"Claude Grimaud\",\"@id\":\"https:\\\/\\\/reperes-astro.fr\\\/#\\\/schema\\\/person\\\/df305cef14844cc5dc8a7927e48142cd\"},\"headline\":\"Pr\u00eats pour le d\u00e9collage vers l&rsquo;ISS\",\"datePublished\":\"2016-11-17T07:11:42+00:00\",\"dateModified\":\"2025-02-11T17:21:01+00:00\",\"mainEntityOfPage\":{\"@id\":\"https:\\\/\\\/reperes-astro.fr\\\/prets-pour-le-decollage-vers-liss-article-delizabeth\\\/\"},\"wordCount\":178,\"publisher\":{\"@id\":\"https:\\\/\\\/reperes-astro.fr\\\/#organization\"},\"image\":{\"@id\":\"https:\\\/\\\/reperes-astro.fr\\\/prets-pour-le-decollage-vers-liss-article-delizabeth\\\/#primaryimage\"},\"thumbnailUrl\":\"https:\\\/\\\/reperes-astro.fr\\\/%77%70%2d%63%6f%6e%74%65%6e%74\\\/uploads\\\/2016\\\/11\\\/nhq201611140001_900x1238-en-600.jpg\",\"articleSection\":[\"2016\",\"Archives\",\"Espace\"],\"inLanguage\":\"fr-FR\"},{\"@type\":\"WebPage\",\"@id\":\"https:\\\/\\\/reperes-astro.fr\\\/prets-pour-le-decollage-vers-liss-article-delizabeth\\\/\",\"url\":\"https:\\\/\\\/reperes-astro.fr\\\/prets-pour-le-decollage-vers-liss-article-delizabeth\\\/\",\"name\":\"Pr\u00eats pour le d\u00e9collage vers l'ISS - Rep\u00e8res Astro\",\"isPartOf\":{\"@id\":\"https:\\\/\\\/reperes-astro.fr\\\/#website\"},\"primaryImageOfPage\":{\"@id\":\"https:\\\/\\\/reperes-astro.fr\\\/prets-pour-le-decollage-vers-liss-article-delizabeth\\\/#primaryimage\"},\"image\":{\"@id\":\"https:\\\/\\\/reperes-astro.fr\\\/prets-pour-le-decollage-vers-liss-article-delizabeth\\\/#primaryimage\"},\"thumbnailUrl\":\"https:\\\/\\\/reperes-astro.fr\\\/%77%70%2d%63%6f%6e%74%65%6e%74\\\/uploads\\\/2016\\\/11\\\/nhq201611140001_900x1238-en-600.jpg\",\"datePublished\":\"2016-11-17T07:11:42+00:00\",\"dateModified\":\"2025-02-11T17:21:01+00:00\",\"breadcrumb\":{\"@id\":\"https:\\\/\\\/reperes-astro.fr\\\/prets-pour-le-decollage-vers-liss-article-delizabeth\\\/#breadcrumb\"},\"inLanguage\":\"fr-FR\",\"potentialAction\":[{\"@type\":\"ReadAction\",\"target\":[\"https:\\\/\\\/reperes-astro.fr\\\/prets-pour-le-decollage-vers-liss-article-delizabeth\\\/\"]}]},{\"@type\":\"ImageObject\",\"inLanguage\":\"fr-FR\",\"@id\":\"https:\\\/\\\/reperes-astro.fr\\\/prets-pour-le-decollage-vers-liss-article-delizabeth\\\/#primaryimage\",\"url\":\"https:\\\/\\\/reperes-astro.fr\\\/%77%70%2d%63%6f%6e%74%65%6e%74\\\/uploads\\\/2016\\\/11\\\/nhq201611140001_900x1238-en-600.jpg\",\"contentUrl\":\"https:\\\/\\\/reperes-astro.fr\\\/%77%70%2d%63%6f%6e%74%65%6e%74\\\/uploads\\\/2016\\\/11\\\/nhq201611140001_900x1238-en-600.jpg\",\"width\":436,\"height\":600},{\"@type\":\"BreadcrumbList\",\"@id\":\"https:\\\/\\\/reperes-astro.fr\\\/prets-pour-le-decollage-vers-liss-article-delizabeth\\\/#breadcrumb\",\"itemListElement\":[{\"@type\":\"ListItem\",\"position\":1,\"name\":\"Accueil\",\"item\":\"https:\\\/\\\/reperes-astro.fr\\\/\"},{\"@type\":\"ListItem\",\"position\":2,\"name\":\"Pr\u00eats pour le d\u00e9collage vers l&#8217;ISS\"}]},{\"@type\":\"WebSite\",\"@id\":\"https:\\\/\\\/reperes-astro.fr\\\/#website\",\"url\":\"https:\\\/\\\/reperes-astro.fr\\\/\",\"name\":\"Rep\u00e8res Astro\",\"description\":\"&quot;Heureux soient les f\u00eal\u00e9s, car ils laisseront passer la lumi\u00e8re.&quot; Michel Audiard\",\"publisher\":{\"@id\":\"https:\\\/\\\/reperes-astro.fr\\\/#organization\"},\"potentialAction\":[{\"@type\":\"SearchAction\",\"target\":{\"@type\":\"EntryPoint\",\"urlTemplate\":\"https:\\\/\\\/reperes-astro.fr\\\/?s={search_term_string}\"},\"query-input\":{\"@type\":\"PropertyValueSpecification\",\"valueRequired\":true,\"valueName\":\"search_term_string\"}}],\"inLanguage\":\"fr-FR\"},{\"@type\":\"Organization\",\"@id\":\"https:\\\/\\\/reperes-astro.fr\\\/#organization\",\"name\":\"Rep\u00e8res Astro\",\"url\":\"https:\\\/\\\/reperes-astro.fr\\\/\",\"logo\":{\"@type\":\"ImageObject\",\"inLanguage\":\"fr-FR\",\"@id\":\"https:\\\/\\\/reperes-astro.fr\\\/#\\\/schema\\\/logo\\\/image\\\/\",\"url\":\"https:\\\/\\\/reperes-astro.fr\\\/%77%70%2d%63%6f%6e%74%65%6e%74\\\/uploads\\\/2014\\\/01\\\/logo-reperes1.jpg\",\"contentUrl\":\"https:\\\/\\\/reperes-astro.fr\\\/%77%70%2d%63%6f%6e%74%65%6e%74\\\/uploads\\\/2014\\\/01\\\/logo-reperes1.jpg\",\"width\":510,\"height\":510,\"caption\":\"Rep\u00e8res Astro\"},\"image\":{\"@id\":\"https:\\\/\\\/reperes-astro.fr\\\/#\\\/schema\\\/logo\\\/image\\\/\"},\"sameAs\":[\"https:\\\/\\\/www.facebook.com\\\/AssoReperesAstro\\\/?locale=fr_FRrplanetarium\"]},{\"@type\":\"Person\",\"@id\":\"https:\\\/\\\/reperes-astro.fr\\\/#\\\/schema\\\/person\\\/df305cef14844cc5dc8a7927e48142cd\",\"name\":\"Claude Grimaud\",\"url\":\"https:\\\/\\\/reperes-astro.fr\\\/author\\\/claude\\\/\"}]}<\/script>","yoast_head_json":{"title":"Pr\u00eats pour le d\u00e9collage vers l'ISS - Rep\u00e8res Astro","robots":{"index":"index","follow":"follow","max-snippet":"max-snippet:-1","max-image-preview":"max-image-preview:large","max-video-preview":"max-video-preview:-1"},"canonical":"https:\/\/reperes-astro.fr\/prets-pour-le-decollage-vers-liss-article-delizabeth\/","og_locale":"fr_FR","og_type":"article","og_title":"Pr\u00eats pour le d\u00e9collage vers l'ISS - Rep\u00e8res Astro","og_description":"A Ba\u00efkonour ce 16 novembre, \u00e0 la veille du lancement, les 3 astronautes Peggy, Oleg et Thomas Pesquet de l\u2019exp\u00e9dition 50&#46;&#46;&#46;","og_url":"https:\/\/reperes-astro.fr\/prets-pour-le-decollage-vers-liss-article-delizabeth\/","og_site_name":"Rep\u00e8res Astro","article_publisher":"https:\/\/www.facebook.com\/AssoReperesAstro\/?locale=fr_FRrplanetarium","article_published_time":"2016-11-17T07:11:42+00:00","article_modified_time":"2025-02-11T17:21:01+00:00","og_image":[{"width":436,"height":600,"url":"https:\/\/reperes-astro.fr\/%77%70%2d%63%6f%6e%74%65%6e%74\/uploads\/2016\/11\/nhq201611140001_900x1238-en-600.jpg","type":"image\/jpeg"}],"author":"Claude Grimaud","twitter_card":"summary_large_image","twitter_misc":{"\u00c9crit par":"Claude Grimaud","Dur\u00e9e de lecture estim\u00e9e":"1 minute"},"schema":{"@context":"https:\/\/schema.org","@graph":[{"@type":"Article","@id":"https:\/\/reperes-astro.fr\/prets-pour-le-decollage-vers-liss-article-delizabeth\/#article","isPartOf":{"@id":"https:\/\/reperes-astro.fr\/prets-pour-le-decollage-vers-liss-article-delizabeth\/"},"author":{"name":"Claude Grimaud","@id":"https:\/\/reperes-astro.fr\/#\/schema\/person\/df305cef14844cc5dc8a7927e48142cd"},"headline":"Pr\u00eats pour le d\u00e9collage vers l&rsquo;ISS","datePublished":"2016-11-17T07:11:42+00:00","dateModified":"2025-02-11T17:21:01+00:00","mainEntityOfPage":{"@id":"https:\/\/reperes-astro.fr\/prets-pour-le-decollage-vers-liss-article-delizabeth\/"},"wordCount":178,"publisher":{"@id":"https:\/\/reperes-astro.fr\/#organization"},"image":{"@id":"https:\/\/reperes-astro.fr\/prets-pour-le-decollage-vers-liss-article-delizabeth\/#primaryimage"},"thumbnailUrl":"https:\/\/reperes-astro.fr\/%77%70%2d%63%6f%6e%74%65%6e%74\/uploads\/2016\/11\/nhq201611140001_900x1238-en-600.jpg","articleSection":["2016","Archives","Espace"],"inLanguage":"fr-FR"},{"@type":"WebPage","@id":"https:\/\/reperes-astro.fr\/prets-pour-le-decollage-vers-liss-article-delizabeth\/","url":"https:\/\/reperes-astro.fr\/prets-pour-le-decollage-vers-liss-article-delizabeth\/","name":"Pr\u00eats pour le d\u00e9collage vers l'ISS - Rep\u00e8res Astro","isPartOf":{"@id":"https:\/\/reperes-astro.fr\/#website"},"primaryImageOfPage":{"@id":"https:\/\/reperes-astro.fr\/prets-pour-le-decollage-vers-liss-article-delizabeth\/#primaryimage"},"image":{"@id":"https:\/\/reperes-astro.fr\/prets-pour-le-decollage-vers-liss-article-delizabeth\/#primaryimage"},"thumbnailUrl":"https:\/\/reperes-astro.fr\/%77%70%2d%63%6f%6e%74%65%6e%74\/uploads\/2016\/11\/nhq201611140001_900x1238-en-600.jpg","datePublished":"2016-11-17T07:11:42+00:00","dateModified":"2025-02-11T17:21:01+00:00","breadcrumb":{"@id":"https:\/\/reperes-astro.fr\/prets-pour-le-decollage-vers-liss-article-delizabeth\/#breadcrumb"},"inLanguage":"fr-FR","potentialAction":[{"@type":"ReadAction","target":["https:\/\/reperes-astro.fr\/prets-pour-le-decollage-vers-liss-article-delizabeth\/"]}]},{"@type":"ImageObject","inLanguage":"fr-FR","@id":"https:\/\/reperes-astro.fr\/prets-pour-le-decollage-vers-liss-article-delizabeth\/#primaryimage","url":"https:\/\/reperes-astro.fr\/%77%70%2d%63%6f%6e%74%65%6e%74\/uploads\/2016\/11\/nhq201611140001_900x1238-en-600.jpg","contentUrl":"https:\/\/reperes-astro.fr\/%77%70%2d%63%6f%6e%74%65%6e%74\/uploads\/2016\/11\/nhq201611140001_900x1238-en-600.jpg","width":436,"height":600},{"@type":"BreadcrumbList","@id":"https:\/\/reperes-astro.fr\/prets-pour-le-decollage-vers-liss-article-delizabeth\/#breadcrumb","itemListElement":[{"@type":"ListItem","position":1,"name":"Accueil","item":"https:\/\/reperes-astro.fr\/"},{"@type":"ListItem","position":2,"name":"Pr\u00eats pour le d\u00e9collage vers l&#8217;ISS"}]},{"@type":"WebSite","@id":"https:\/\/reperes-astro.fr\/#website","url":"https:\/\/reperes-astro.fr\/","name":"Rep\u00e8res Astro","description":"&quot;Heureux soient les f\u00eal\u00e9s, car ils laisseront passer la lumi\u00e8re.&quot; Michel Audiard","publisher":{"@id":"https:\/\/reperes-astro.fr\/#organization"},"potentialAction":[{"@type":"SearchAction","target":{"@type":"EntryPoint","urlTemplate":"https:\/\/reperes-astro.fr\/?s={search_term_string}"},"query-input":{"@type":"PropertyValueSpecification","valueRequired":true,"valueName":"search_term_string"}}],"inLanguage":"fr-FR"},{"@type":"Organization","@id":"https:\/\/reperes-astro.fr\/#organization","name":"Rep\u00e8res Astro","url":"https:\/\/reperes-astro.fr\/","logo":{"@type":"ImageObject","inLanguage":"fr-FR","@id":"https:\/\/reperes-astro.fr\/#\/schema\/logo\/image\/","url":"https:\/\/reperes-astro.fr\/%77%70%2d%63%6f%6e%74%65%6e%74\/uploads\/2014\/01\/logo-reperes1.jpg","contentUrl":"https:\/\/reperes-astro.fr\/%77%70%2d%63%6f%6e%74%65%6e%74\/uploads\/2014\/01\/logo-reperes1.jpg","width":510,"height":510,"caption":"Rep\u00e8res Astro"},"image":{"@id":"https:\/\/reperes-astro.fr\/#\/schema\/logo\/image\/"},"sameAs":["https:\/\/www.facebook.com\/AssoReperesAstro\/?locale=fr_FRrplanetarium"]},{"@type":"Person","@id":"https:\/\/reperes-astro.fr\/#\/schema\/person\/df305cef14844cc5dc8a7927e48142cd","name":"Claude Grimaud","url":"https:\/\/reperes-astro.fr\/author\/claude\/"}]}},"_links":{"self":[{"href":"https:\/\/reperes-astro.fr\/%77%70%2d%6a%73%6f%6e\/wp\/v2\/posts\/5281","targetHints":{"allow":["GET"]}}],"collection":[{"href":"https:\/\/reperes-astro.fr\/%77%70%2d%6a%73%6f%6e\/wp\/v2\/posts"}],"about":[{"href":"https:\/\/reperes-astro.fr\/%77%70%2d%6a%73%6f%6e\/wp\/v2\/types\/post"}],"author":[{"embeddable":true,"href":"https:\/\/reperes-astro.fr\/%77%70%2d%6a%73%6f%6e\/wp\/v2\/users\/2"}],"replies":[{"embeddable":true,"href":"https:\/\/reperes-astro.fr\/%77%70%2d%6a%73%6f%6e\/wp\/v2\/comments?post=5281"}],"version-history":[{"count":0,"href":"https:\/\/reperes-astro.fr\/%77%70%2d%6a%73%6f%6e\/wp\/v2\/posts\/5281\/revisions"}],"wp:featuredmedia":[{"embeddable":true,"href":"https:\/\/reperes-astro.fr\/%77%70%2d%6a%73%6f%6e\/wp\/v2\/media\/5284"}],"wp:attachment":[{"href":"https:\/\/reperes-astro.fr\/%77%70%2d%6a%73%6f%6e\/wp\/v2\/media?parent=5281"}],"wp:term":[{"taxonomy":"category","embeddable":true,"href":"https:\/\/reperes-astro.fr\/%77%70%2d%6a%73%6f%6e\/wp\/v2\/categories?post=5281"},{"taxonomy":"post_tag","embeddable":true,"href":"https:\/\/reperes-astro.fr\/%77%70%2d%6a%73%6f%6e\/wp\/v2\/tags?post=5281"}],"curies":[{"name":"wp","href":"https:\/\/api.w.org\/{rel}","templated":true}]}}