{"id":5485,"date":"2016-12-30T10:13:08","date_gmt":"2016-12-30T09:13:08","guid":{"rendered":"http:\/\/reperes-astro.fr\/?p=5485"},"modified":"2025-01-18T20:59:33","modified_gmt":"2025-01-18T19:59:33","slug":"30-decembre-2016-repas-de-fete-a-rouvroy","status":"publish","type":"post","link":"https:\/\/reperes-astro.fr\/30-decembre-2016-repas-de-fete-a-rouvroy\/","title":{"rendered":"Repas de f\u00eate \u00e0 ROUVROY"},"content":{"rendered":"\n<p>Ce 29 D\u00e9cembre La METEO avait pr\u00e9vu un ciel d&rsquo;exception, la d\u00e9ception fut grande car au fil de la journ\u00e9e le brouillard n&rsquo;a fait que s&rsquo;\u00e9paissir&#8230;<\/p>\n\n\n\n<p>Pourtant nous avons guett\u00e9 la moindre ouverture, seule Cappela proche du Zenith a bien voulu montrer son \u00e9clat quelques secondes \u00e0 Thim\u00e9o.<\/p>\n\n\n\n<p>Le froid \u00e9tait vif et malgr\u00e9 les sources de chaleur suppl\u00e9mentaires il \u00e9tait difficile de se divertir dans la grande salle.<\/p>\n\n\n\n<p>C&rsquo;est pourquoi la chemin\u00e9e que l&rsquo;on va installer nous changera la vie&#8230;<\/p>\n\n\n\n<p>ALORS RENDEZ VOUS A L&rsquo;AN PROCHAIN&#8230;<\/p>\n\n\n<div class=\"wp-block-image\">\n<figure class=\"aligncenter size-full\"><a href=\"https:\/\/reperes-astro.fr\/%77%70%2d%63%6f%6e%74%65%6e%74\/uploads\/2016\/12\/1480941405707_20161113_094316.jpg\"><img loading=\"lazy\" decoding=\"async\" width=\"303\" height=\"540\" src=\"https:\/\/reperes-astro.fr\/%77%70%2d%63%6f%6e%74%65%6e%74\/uploads\/2016\/12\/1480941405707_20161113_094316.jpg\" alt=\"\" class=\"wp-image-5490\" title=\"1480941405707_20161113_094316\" srcset=\"https:\/\/reperes-astro.fr\/%77%70%2d%63%6f%6e%74%65%6e%74\/uploads\/2016\/12\/1480941405707_20161113_094316.jpg 303w, https:\/\/reperes-astro.fr\/%77%70%2d%63%6f%6e%74%65%6e%74\/uploads\/2016\/12\/1480941405707_20161113_094316-168x300.jpg 168w\" sizes=\"auto, (max-width: 303px) 100vw, 303px\" \/><\/a><\/figure>\n<\/div>\n\n\n<p><\/p>\n\n\n\n<p>Nous avons donc trouv\u00e9 refuge dans le salon heureusement pr\u00e9par\u00e9 \u00e0 cet effet.<\/p>\n\n\n<div class=\"wp-block-image\">\n<figure class=\"aligncenter size-full\"><a href=\"https:\/\/reperes-astro.fr\/%77%70%2d%63%6f%6e%74%65%6e%74\/uploads\/2016\/12\/DSC01054-600.jpg\"><img loading=\"lazy\" decoding=\"async\" width=\"600\" height=\"400\" src=\"https:\/\/reperes-astro.fr\/%77%70%2d%63%6f%6e%74%65%6e%74\/uploads\/2016\/12\/DSC01054-600.jpg\" alt=\"\" class=\"wp-image-5486\" srcset=\"https:\/\/reperes-astro.fr\/%77%70%2d%63%6f%6e%74%65%6e%74\/uploads\/2016\/12\/DSC01054-600.jpg 600w, https:\/\/reperes-astro.fr\/%77%70%2d%63%6f%6e%74%65%6e%74\/uploads\/2016\/12\/DSC01054-600-300x200.jpg 300w\" sizes=\"auto, (max-width: 600px) 100vw, 600px\" \/><\/a><figcaption class=\"wp-element-caption\">20 d\u00e9cembre 2016<\/figcaption><\/figure>\n<\/div>\n\n\n<p>Les plats pr\u00e9vus pour affronter un froid polaire ont r\u00e9confort\u00e9 les 18 convives.<\/p>\n\n\n\n<p>Vers 23H00, nous avons d\u00e9cid\u00e9 de nous s\u00e9parer pour affronter les rigueurs de l&rsquo;hiver au retour.<\/p>\n\n\n\n<p><strong>QUELQUES COMMENTAIRES :<\/strong><\/p>\n\n\n\n<blockquote class=\"wp-block-quote is-layout-flow wp-block-quote-is-layout-flow\">\n<p>Encore un grand merci pour cette super soir\u00e9e sans \u00e9toiles mais si chaleureuse, conforme \u00e0 la devise de l&rsquo;association :heureux sont les f\u00eal\u00e9s car ils laissent passer la lumi\u00e8re! Joyeuses f\u00eates et tr\u00e8s bonne ann\u00e9e \u00e0 tous.<\/p>\n<\/blockquote>\n\n\n\n<p class=\"has-text-align-right\"><strong>Sophie Godon<\/strong><\/p>\n\n\n\n<div class=\"wp-block-columns is-layout-flex wp-container-core-columns-is-layout-9d6595d7 wp-block-columns-is-layout-flex\">\n<div class=\"wp-block-column is-layout-flow wp-block-column-is-layout-flow\" style=\"flex-basis:25%\"><\/div>\n\n\n\n<div class=\"wp-block-column is-layout-flow wp-block-column-is-layout-flow\" style=\"flex-basis:50%\">\n<hr class=\"wp-block-separator has-alpha-channel-opacity\"\/>\n<\/div>\n\n\n\n<div class=\"wp-block-column is-layout-flow wp-block-column-is-layout-flow\" style=\"flex-basis:25%\"><\/div>\n<\/div>\n\n\n\n<blockquote class=\"wp-block-quote is-layout-flow wp-block-quote-is-layout-flow\">\n<p class=\"has-text-align-left\">Hello, la belle ambiance a &nbsp;remplac\u00e9 &nbsp;brillamment les \u00e9toiles et les esprits n&rsquo;\u00e9taient pas n\u00e9buleux, merci \u00e0 Claude et Edwige qui ont r\u00e9alis\u00e9&nbsp;un excellent&nbsp;repas, \u00e0 bient\u00f4t et bon r\u00e9veillon \u00e0 tous.<\/p>\n<\/blockquote>\n\n\n\n<p class=\"has-text-align-right\"><strong>SL<\/strong><\/p>\n\n\n\n<div class=\"wp-block-columns is-layout-flex wp-container-core-columns-is-layout-9d6595d7 wp-block-columns-is-layout-flex\">\n<div class=\"wp-block-column is-layout-flow wp-block-column-is-layout-flow\" style=\"flex-basis:25%\"><\/div>\n\n\n\n<div class=\"wp-block-column is-layout-flow wp-block-column-is-layout-flow\" style=\"flex-basis:50%\">\n<hr class=\"wp-block-separator has-alpha-channel-opacity\"\/>\n<\/div>\n\n\n\n<div class=\"wp-block-column is-layout-flow wp-block-column-is-layout-flow\" style=\"flex-basis:25%\"><\/div>\n<\/div>\n\n\n\n<blockquote class=\"wp-block-quote is-layout-flow wp-block-quote-is-layout-flow\">\n<p>Bonjour, merci \u00e0 tous pour la soir\u00e9e de jeudi. J&rsquo;esp\u00e8re que tout le monde est rentr\u00e9 sans encombre. Un grand merci \u00e0 Claude et Edwige pour la pr\u00e9paration de ce bon repas et merci aussi \u00e0 Jean Claude pour avoir pr\u00e9par\u00e9 la salle. Bonne fin d&rsquo;ann\u00e9e et bon r\u00e9veillon \u00e0 vous.&nbsp;<\/p>\n<\/blockquote>\n\n\n\n<p class=\"has-text-align-right\"><strong>Eddy<\/strong><\/p>\n\n\n\n<div class=\"wp-block-columns is-layout-flex wp-container-core-columns-is-layout-9d6595d7 wp-block-columns-is-layout-flex\">\n<div class=\"wp-block-column is-layout-flow wp-block-column-is-layout-flow\" style=\"flex-basis:25%\"><\/div>\n\n\n\n<div class=\"wp-block-column is-layout-flow wp-block-column-is-layout-flow\" style=\"flex-basis:50%\">\n<hr class=\"wp-block-separator has-alpha-channel-opacity\"\/>\n<\/div>\n\n\n\n<div class=\"wp-block-column is-layout-flow wp-block-column-is-layout-flow\" style=\"flex-basis:25%\"><\/div>\n<\/div>\n\n\n\n<blockquote class=\"wp-block-quote is-layout-flow wp-block-quote-is-layout-flow\">\n<p>Bonsoir<\/p>\n\n\n\n<p>Merci pour cette superbe soir\u00e9e et cette excellente Tartiflette et tout le reste !!! Merci Claude, Edwige, et les organisateurs, dommage que je sois arriver tardivement&#8230;<\/p>\n\n\n\n<p>A l&rsquo;ann\u00e9e prochaine pour de nouvelle aventure astronomique dans cette superbe association !!!<\/p>\n<\/blockquote>\n\n\n\n<p class=\"has-text-align-right\"><strong>Arnaud<\/strong><\/p>\n\n\n\n<div class=\"wp-block-columns is-layout-flex wp-container-core-columns-is-layout-9d6595d7 wp-block-columns-is-layout-flex\">\n<div class=\"wp-block-column is-layout-flow wp-block-column-is-layout-flow\" style=\"flex-basis:25%\"><\/div>\n\n\n\n<div class=\"wp-block-column is-layout-flow wp-block-column-is-layout-flow\" style=\"flex-basis:50%\">\n<hr class=\"wp-block-separator has-alpha-channel-opacity\"\/>\n<\/div>\n\n\n\n<div class=\"wp-block-column is-layout-flow wp-block-column-is-layout-flow\" style=\"flex-basis:25%\"><\/div>\n<\/div>\n\n\n\n<blockquote class=\"wp-block-quote is-layout-flow wp-block-quote-is-layout-flow\">\n<p>Un grand merci pour la soir\u00e9e de jeudi, bonne ambiance et tr\u00e8s bonne tartiflette. Thim\u00e9o a pris des photos de la lune &#8211; c&rsquo;est un d\u00e9but. Gr\u00e2ce \u00e0 vous, il pourra certainement faire beaucoup mieux.<br>A bient\u00f4t.<\/p>\n<\/blockquote>\n\n\n\n<p class=\"has-text-align-right\"><strong>Isabelle R\u00e9my<\/strong><\/p>\n\n\n<div class=\"wp-block-image\">\n<figure class=\"aligncenter size-full\"><a href=\"https:\/\/reperes-astro.fr\/%77%70%2d%63%6f%6e%74%65%6e%74\/uploads\/2016\/12\/DSC01056-600.jpg\"><img loading=\"lazy\" decoding=\"async\" width=\"600\" height=\"400\" src=\"https:\/\/reperes-astro.fr\/%77%70%2d%63%6f%6e%74%65%6e%74\/uploads\/2016\/12\/DSC01056-600.jpg\" alt=\"\" class=\"wp-image-5487\" srcset=\"https:\/\/reperes-astro.fr\/%77%70%2d%63%6f%6e%74%65%6e%74\/uploads\/2016\/12\/DSC01056-600.jpg 600w, https:\/\/reperes-astro.fr\/%77%70%2d%63%6f%6e%74%65%6e%74\/uploads\/2016\/12\/DSC01056-600-300x200.jpg 300w\" sizes=\"auto, (max-width: 600px) 100vw, 600px\" \/><\/a><figcaption class=\"wp-element-caption\">30 d\u00e9cembre 2016<\/figcaption><\/figure>\n<\/div><div class=\"pvc_clear\"><\/div><p id=\"pvc_stats_5485\" class=\"pvc_stats all  \" data-element-id=\"5485\" style=\"\"><i class=\"pvc-stats-icon medium\" aria-hidden=\"true\"><svg aria-hidden=\"true\" focusable=\"false\" data-prefix=\"far\" data-icon=\"chart-bar\" role=\"img\" xmlns=\"http:\/\/www.w3.org\/2000\/svg\" viewBox=\"0 0 512 512\" class=\"svg-inline--fa fa-chart-bar fa-w-16 fa-2x\"><path fill=\"currentColor\" d=\"M396.8 352h22.4c6.4 0 12.8-6.4 12.8-12.8V108.8c0-6.4-6.4-12.8-12.8-12.8h-22.4c-6.4 0-12.8 6.4-12.8 12.8v230.4c0 6.4 6.4 12.8 12.8 12.8zm-192 0h22.4c6.4 0 12.8-6.4 12.8-12.8V140.8c0-6.4-6.4-12.8-12.8-12.8h-22.4c-6.4 0-12.8 6.4-12.8 12.8v198.4c0 6.4 6.4 12.8 12.8 12.8zm96 0h22.4c6.4 0 12.8-6.4 12.8-12.8V204.8c0-6.4-6.4-12.8-12.8-12.8h-22.4c-6.4 0-12.8 6.4-12.8 12.8v134.4c0 6.4 6.4 12.8 12.8 12.8zM496 400H48V80c0-8.84-7.16-16-16-16H16C7.16 64 0 71.16 0 80v336c0 17.67 14.33 32 32 32h464c8.84 0 16-7.16 16-16v-16c0-8.84-7.16-16-16-16zm-387.2-48h22.4c6.4 0 12.8-6.4 12.8-12.8v-70.4c0-6.4-6.4-12.8-12.8-12.8h-22.4c-6.4 0-12.8 6.4-12.8 12.8v70.4c0 6.4 6.4 12.8 12.8 12.8z\" class=\"\"><\/path><\/svg><\/i> <img loading=\"lazy\" decoding=\"async\" width=\"16\" height=\"16\" alt=\"Loading\" src=\"https:\/\/reperes-astro.fr\/%77%70%2d%63%6f%6e%74%65%6e%74\/plugins\/page-views-count\/ajax-loader-2x.gif\" border=0 \/><\/p><div class=\"pvc_clear\"><\/div>","protected":false},"excerpt":{"rendered":"<p>Ce 29 D\u00e9cembre La METEO avait pr\u00e9vu un ciel d&rsquo;exception, la d\u00e9ception fut grande car au fil de la journ\u00e9e le&#46;&#46;&#46;<\/p>\n<div class=\"pvc_clear\"><\/div>\n<p id=\"pvc_stats_5485\" class=\"pvc_stats all  \" data-element-id=\"5485\" style=\"\"><i class=\"pvc-stats-icon medium\" aria-hidden=\"true\"><svg aria-hidden=\"true\" focusable=\"false\" data-prefix=\"far\" data-icon=\"chart-bar\" role=\"img\" xmlns=\"http:\/\/www.w3.org\/2000\/svg\" viewBox=\"0 0 512 512\" class=\"svg-inline--fa fa-chart-bar fa-w-16 fa-2x\"><path fill=\"currentColor\" d=\"M396.8 352h22.4c6.4 0 12.8-6.4 12.8-12.8V108.8c0-6.4-6.4-12.8-12.8-12.8h-22.4c-6.4 0-12.8 6.4-12.8 12.8v230.4c0 6.4 6.4 12.8 12.8 12.8zm-192 0h22.4c6.4 0 12.8-6.4 12.8-12.8V140.8c0-6.4-6.4-12.8-12.8-12.8h-22.4c-6.4 0-12.8 6.4-12.8 12.8v198.4c0 6.4 6.4 12.8 12.8 12.8zm96 0h22.4c6.4 0 12.8-6.4 12.8-12.8V204.8c0-6.4-6.4-12.8-12.8-12.8h-22.4c-6.4 0-12.8 6.4-12.8 12.8v134.4c0 6.4 6.4 12.8 12.8 12.8zM496 400H48V80c0-8.84-7.16-16-16-16H16C7.16 64 0 71.16 0 80v336c0 17.67 14.33 32 32 32h464c8.84 0 16-7.16 16-16v-16c0-8.84-7.16-16-16-16zm-387.2-48h22.4c6.4 0 12.8-6.4 12.8-12.8v-70.4c0-6.4-6.4-12.8-12.8-12.8h-22.4c-6.4 0-12.8 6.4-12.8 12.8v70.4c0 6.4 6.4 12.8 12.8 12.8z\" class=\"\"><\/path><\/svg><\/i> <img loading=\"lazy\" decoding=\"async\" width=\"16\" height=\"16\" alt=\"Loading\" src=\"https:\/\/reperes-astro.fr\/%77%70%2d%63%6f%6e%74%65%6e%74\/plugins\/page-views-count\/ajax-loader-2x.gif\" border=0 \/><\/p>\n<div class=\"pvc_clear\"><\/div>\n","protected":false},"author":2,"featured_media":5490,"comment_status":"closed","ping_status":"closed","sticky":false,"template":"","format":"standard","meta":{"footnotes":""},"categories":[107,16,102],"tags":[],"class_list":["post-5485","post","type-post","status-publish","format-standard","has-post-thumbnail","hentry","category-archives-reperes-astro-2016","category-actualites","category-archives-reperes-astro"],"a3_pvc":{"activated":true,"total_views":22,"today_views":0},"yoast_head":"<title>Repas de f\u00eate \u00e0 ROUVROY - Rep\u00e8res Astro<\/title>\n<meta name=\"robots\" content=\"index, follow, max-snippet:-1, max-image-preview:large, max-video-preview:-1\" \/>\n<link rel=\"canonical\" href=\"https:\/\/reperes-astro.fr\/30-decembre-2016-repas-de-fete-a-rouvroy\/\" \/>\n<meta property=\"og:locale\" content=\"fr_FR\" \/>\n<meta property=\"og:type\" content=\"article\" \/>\n<meta property=\"og:title\" content=\"Repas de f\u00eate \u00e0 ROUVROY - Rep\u00e8res Astro\" \/>\n<meta property=\"og:description\" content=\"Ce 29 D\u00e9cembre La METEO avait pr\u00e9vu un ciel d&rsquo;exception, la d\u00e9ception fut grande car au fil de la journ\u00e9e le&#046;&#046;&#046;\" \/>\n<meta property=\"og:url\" content=\"https:\/\/reperes-astro.fr\/30-decembre-2016-repas-de-fete-a-rouvroy\/\" \/>\n<meta property=\"og:site_name\" content=\"Rep\u00e8res Astro\" \/>\n<meta property=\"article:publisher\" content=\"https:\/\/www.facebook.com\/AssoReperesAstro\/?locale=fr_FRrplanetarium\" \/>\n<meta property=\"article:published_time\" content=\"2016-12-30T09:13:08+00:00\" \/>\n<meta property=\"article:modified_time\" content=\"2025-01-18T19:59:33+00:00\" \/>\n<meta property=\"og:image\" content=\"https:\/\/reperes-astro.fr\/%77%70%2d%63%6f%6e%74%65%6e%74\/uploads\/2016\/12\/1480941405707_20161113_094316.jpg\" \/>\n\t<meta property=\"og:image:width\" content=\"303\" \/>\n\t<meta property=\"og:image:height\" content=\"540\" \/>\n\t<meta property=\"og:image:type\" content=\"image\/jpeg\" \/>\n<meta name=\"author\" content=\"Claude Grimaud\" \/>\n<meta name=\"twitter:card\" content=\"summary_large_image\" \/>\n<meta name=\"twitter:label1\" content=\"\u00c9crit par\" \/>\n\t<meta name=\"twitter:data1\" content=\"Claude Grimaud\" \/>\n\t<meta name=\"twitter:label2\" content=\"Dur\u00e9e de lecture estim\u00e9e\" \/>\n\t<meta name=\"twitter:data2\" content=\"2 minutes\" \/>\n<script type=\"application\/ld+json\" class=\"yoast-schema-graph\">{\"@context\":\"https:\\\/\\\/schema.org\",\"@graph\":[{\"@type\":\"Article\",\"@id\":\"https:\\\/\\\/reperes-astro.fr\\\/30-decembre-2016-repas-de-fete-a-rouvroy\\\/#article\",\"isPartOf\":{\"@id\":\"https:\\\/\\\/reperes-astro.fr\\\/30-decembre-2016-repas-de-fete-a-rouvroy\\\/\"},\"author\":{\"name\":\"Claude Grimaud\",\"@id\":\"https:\\\/\\\/reperes-astro.fr\\\/#\\\/schema\\\/person\\\/df305cef14844cc5dc8a7927e48142cd\"},\"headline\":\"Repas de f\u00eate \u00e0 ROUVROY\",\"datePublished\":\"2016-12-30T09:13:08+00:00\",\"dateModified\":\"2025-01-18T19:59:33+00:00\",\"mainEntityOfPage\":{\"@id\":\"https:\\\/\\\/reperes-astro.fr\\\/30-decembre-2016-repas-de-fete-a-rouvroy\\\/\"},\"wordCount\":385,\"publisher\":{\"@id\":\"https:\\\/\\\/reperes-astro.fr\\\/#organization\"},\"image\":{\"@id\":\"https:\\\/\\\/reperes-astro.fr\\\/30-decembre-2016-repas-de-fete-a-rouvroy\\\/#primaryimage\"},\"thumbnailUrl\":\"https:\\\/\\\/reperes-astro.fr\\\/%77%70%2d%63%6f%6e%74%65%6e%74\\\/uploads\\\/2016\\\/12\\\/1480941405707_20161113_094316.jpg\",\"articleSection\":[\"2016\",\"Actualit\u00e9s\",\"Archives\"],\"inLanguage\":\"fr-FR\"},{\"@type\":\"WebPage\",\"@id\":\"https:\\\/\\\/reperes-astro.fr\\\/30-decembre-2016-repas-de-fete-a-rouvroy\\\/\",\"url\":\"https:\\\/\\\/reperes-astro.fr\\\/30-decembre-2016-repas-de-fete-a-rouvroy\\\/\",\"name\":\"Repas de f\u00eate \u00e0 ROUVROY - Rep\u00e8res Astro\",\"isPartOf\":{\"@id\":\"https:\\\/\\\/reperes-astro.fr\\\/#website\"},\"primaryImageOfPage\":{\"@id\":\"https:\\\/\\\/reperes-astro.fr\\\/30-decembre-2016-repas-de-fete-a-rouvroy\\\/#primaryimage\"},\"image\":{\"@id\":\"https:\\\/\\\/reperes-astro.fr\\\/30-decembre-2016-repas-de-fete-a-rouvroy\\\/#primaryimage\"},\"thumbnailUrl\":\"https:\\\/\\\/reperes-astro.fr\\\/%77%70%2d%63%6f%6e%74%65%6e%74\\\/uploads\\\/2016\\\/12\\\/1480941405707_20161113_094316.jpg\",\"datePublished\":\"2016-12-30T09:13:08+00:00\",\"dateModified\":\"2025-01-18T19:59:33+00:00\",\"breadcrumb\":{\"@id\":\"https:\\\/\\\/reperes-astro.fr\\\/30-decembre-2016-repas-de-fete-a-rouvroy\\\/#breadcrumb\"},\"inLanguage\":\"fr-FR\",\"potentialAction\":[{\"@type\":\"ReadAction\",\"target\":[\"https:\\\/\\\/reperes-astro.fr\\\/30-decembre-2016-repas-de-fete-a-rouvroy\\\/\"]}]},{\"@type\":\"ImageObject\",\"inLanguage\":\"fr-FR\",\"@id\":\"https:\\\/\\\/reperes-astro.fr\\\/30-decembre-2016-repas-de-fete-a-rouvroy\\\/#primaryimage\",\"url\":\"https:\\\/\\\/reperes-astro.fr\\\/%77%70%2d%63%6f%6e%74%65%6e%74\\\/uploads\\\/2016\\\/12\\\/1480941405707_20161113_094316.jpg\",\"contentUrl\":\"https:\\\/\\\/reperes-astro.fr\\\/%77%70%2d%63%6f%6e%74%65%6e%74\\\/uploads\\\/2016\\\/12\\\/1480941405707_20161113_094316.jpg\",\"width\":303,\"height\":540},{\"@type\":\"BreadcrumbList\",\"@id\":\"https:\\\/\\\/reperes-astro.fr\\\/30-decembre-2016-repas-de-fete-a-rouvroy\\\/#breadcrumb\",\"itemListElement\":[{\"@type\":\"ListItem\",\"position\":1,\"name\":\"Accueil\",\"item\":\"https:\\\/\\\/reperes-astro.fr\\\/\"},{\"@type\":\"ListItem\",\"position\":2,\"name\":\"Repas de f\u00eate \u00e0 ROUVROY\"}]},{\"@type\":\"WebSite\",\"@id\":\"https:\\\/\\\/reperes-astro.fr\\\/#website\",\"url\":\"https:\\\/\\\/reperes-astro.fr\\\/\",\"name\":\"Rep\u00e8res Astro\",\"description\":\"&quot;Heureux soient les f\u00eal\u00e9s, car ils laisseront passer la lumi\u00e8re.&quot; Michel Audiard\",\"publisher\":{\"@id\":\"https:\\\/\\\/reperes-astro.fr\\\/#organization\"},\"potentialAction\":[{\"@type\":\"SearchAction\",\"target\":{\"@type\":\"EntryPoint\",\"urlTemplate\":\"https:\\\/\\\/reperes-astro.fr\\\/?s={search_term_string}\"},\"query-input\":{\"@type\":\"PropertyValueSpecification\",\"valueRequired\":true,\"valueName\":\"search_term_string\"}}],\"inLanguage\":\"fr-FR\"},{\"@type\":\"Organization\",\"@id\":\"https:\\\/\\\/reperes-astro.fr\\\/#organization\",\"name\":\"Rep\u00e8res Astro\",\"url\":\"https:\\\/\\\/reperes-astro.fr\\\/\",\"logo\":{\"@type\":\"ImageObject\",\"inLanguage\":\"fr-FR\",\"@id\":\"https:\\\/\\\/reperes-astro.fr\\\/#\\\/schema\\\/logo\\\/image\\\/\",\"url\":\"https:\\\/\\\/reperes-astro.fr\\\/%77%70%2d%63%6f%6e%74%65%6e%74\\\/uploads\\\/2014\\\/01\\\/logo-reperes1.jpg\",\"contentUrl\":\"https:\\\/\\\/reperes-astro.fr\\\/%77%70%2d%63%6f%6e%74%65%6e%74\\\/uploads\\\/2014\\\/01\\\/logo-reperes1.jpg\",\"width\":510,\"height\":510,\"caption\":\"Rep\u00e8res Astro\"},\"image\":{\"@id\":\"https:\\\/\\\/reperes-astro.fr\\\/#\\\/schema\\\/logo\\\/image\\\/\"},\"sameAs\":[\"https:\\\/\\\/www.facebook.com\\\/AssoReperesAstro\\\/?locale=fr_FRrplanetarium\"]},{\"@type\":\"Person\",\"@id\":\"https:\\\/\\\/reperes-astro.fr\\\/#\\\/schema\\\/person\\\/df305cef14844cc5dc8a7927e48142cd\",\"name\":\"Claude Grimaud\",\"url\":\"https:\\\/\\\/reperes-astro.fr\\\/author\\\/claude\\\/\"}]}<\/script>","yoast_head_json":{"title":"Repas de f\u00eate \u00e0 ROUVROY - Rep\u00e8res Astro","robots":{"index":"index","follow":"follow","max-snippet":"max-snippet:-1","max-image-preview":"max-image-preview:large","max-video-preview":"max-video-preview:-1"},"canonical":"https:\/\/reperes-astro.fr\/30-decembre-2016-repas-de-fete-a-rouvroy\/","og_locale":"fr_FR","og_type":"article","og_title":"Repas de f\u00eate \u00e0 ROUVROY - Rep\u00e8res Astro","og_description":"Ce 29 D\u00e9cembre La METEO avait pr\u00e9vu un ciel d&rsquo;exception, la d\u00e9ception fut grande car au fil de la journ\u00e9e le&#46;&#46;&#46;","og_url":"https:\/\/reperes-astro.fr\/30-decembre-2016-repas-de-fete-a-rouvroy\/","og_site_name":"Rep\u00e8res Astro","article_publisher":"https:\/\/www.facebook.com\/AssoReperesAstro\/?locale=fr_FRrplanetarium","article_published_time":"2016-12-30T09:13:08+00:00","article_modified_time":"2025-01-18T19:59:33+00:00","og_image":[{"width":303,"height":540,"url":"https:\/\/reperes-astro.fr\/%77%70%2d%63%6f%6e%74%65%6e%74\/uploads\/2016\/12\/1480941405707_20161113_094316.jpg","type":"image\/jpeg"}],"author":"Claude Grimaud","twitter_card":"summary_large_image","twitter_misc":{"\u00c9crit par":"Claude Grimaud","Dur\u00e9e de lecture estim\u00e9e":"2 minutes"},"schema":{"@context":"https:\/\/schema.org","@graph":[{"@type":"Article","@id":"https:\/\/reperes-astro.fr\/30-decembre-2016-repas-de-fete-a-rouvroy\/#article","isPartOf":{"@id":"https:\/\/reperes-astro.fr\/30-decembre-2016-repas-de-fete-a-rouvroy\/"},"author":{"name":"Claude Grimaud","@id":"https:\/\/reperes-astro.fr\/#\/schema\/person\/df305cef14844cc5dc8a7927e48142cd"},"headline":"Repas de f\u00eate \u00e0 ROUVROY","datePublished":"2016-12-30T09:13:08+00:00","dateModified":"2025-01-18T19:59:33+00:00","mainEntityOfPage":{"@id":"https:\/\/reperes-astro.fr\/30-decembre-2016-repas-de-fete-a-rouvroy\/"},"wordCount":385,"publisher":{"@id":"https:\/\/reperes-astro.fr\/#organization"},"image":{"@id":"https:\/\/reperes-astro.fr\/30-decembre-2016-repas-de-fete-a-rouvroy\/#primaryimage"},"thumbnailUrl":"https:\/\/reperes-astro.fr\/%77%70%2d%63%6f%6e%74%65%6e%74\/uploads\/2016\/12\/1480941405707_20161113_094316.jpg","articleSection":["2016","Actualit\u00e9s","Archives"],"inLanguage":"fr-FR"},{"@type":"WebPage","@id":"https:\/\/reperes-astro.fr\/30-decembre-2016-repas-de-fete-a-rouvroy\/","url":"https:\/\/reperes-astro.fr\/30-decembre-2016-repas-de-fete-a-rouvroy\/","name":"Repas de f\u00eate \u00e0 ROUVROY - Rep\u00e8res Astro","isPartOf":{"@id":"https:\/\/reperes-astro.fr\/#website"},"primaryImageOfPage":{"@id":"https:\/\/reperes-astro.fr\/30-decembre-2016-repas-de-fete-a-rouvroy\/#primaryimage"},"image":{"@id":"https:\/\/reperes-astro.fr\/30-decembre-2016-repas-de-fete-a-rouvroy\/#primaryimage"},"thumbnailUrl":"https:\/\/reperes-astro.fr\/%77%70%2d%63%6f%6e%74%65%6e%74\/uploads\/2016\/12\/1480941405707_20161113_094316.jpg","datePublished":"2016-12-30T09:13:08+00:00","dateModified":"2025-01-18T19:59:33+00:00","breadcrumb":{"@id":"https:\/\/reperes-astro.fr\/30-decembre-2016-repas-de-fete-a-rouvroy\/#breadcrumb"},"inLanguage":"fr-FR","potentialAction":[{"@type":"ReadAction","target":["https:\/\/reperes-astro.fr\/30-decembre-2016-repas-de-fete-a-rouvroy\/"]}]},{"@type":"ImageObject","inLanguage":"fr-FR","@id":"https:\/\/reperes-astro.fr\/30-decembre-2016-repas-de-fete-a-rouvroy\/#primaryimage","url":"https:\/\/reperes-astro.fr\/%77%70%2d%63%6f%6e%74%65%6e%74\/uploads\/2016\/12\/1480941405707_20161113_094316.jpg","contentUrl":"https:\/\/reperes-astro.fr\/%77%70%2d%63%6f%6e%74%65%6e%74\/uploads\/2016\/12\/1480941405707_20161113_094316.jpg","width":303,"height":540},{"@type":"BreadcrumbList","@id":"https:\/\/reperes-astro.fr\/30-decembre-2016-repas-de-fete-a-rouvroy\/#breadcrumb","itemListElement":[{"@type":"ListItem","position":1,"name":"Accueil","item":"https:\/\/reperes-astro.fr\/"},{"@type":"ListItem","position":2,"name":"Repas de f\u00eate \u00e0 ROUVROY"}]},{"@type":"WebSite","@id":"https:\/\/reperes-astro.fr\/#website","url":"https:\/\/reperes-astro.fr\/","name":"Rep\u00e8res Astro","description":"&quot;Heureux soient les f\u00eal\u00e9s, car ils laisseront passer la lumi\u00e8re.&quot; Michel Audiard","publisher":{"@id":"https:\/\/reperes-astro.fr\/#organization"},"potentialAction":[{"@type":"SearchAction","target":{"@type":"EntryPoint","urlTemplate":"https:\/\/reperes-astro.fr\/?s={search_term_string}"},"query-input":{"@type":"PropertyValueSpecification","valueRequired":true,"valueName":"search_term_string"}}],"inLanguage":"fr-FR"},{"@type":"Organization","@id":"https:\/\/reperes-astro.fr\/#organization","name":"Rep\u00e8res Astro","url":"https:\/\/reperes-astro.fr\/","logo":{"@type":"ImageObject","inLanguage":"fr-FR","@id":"https:\/\/reperes-astro.fr\/#\/schema\/logo\/image\/","url":"https:\/\/reperes-astro.fr\/%77%70%2d%63%6f%6e%74%65%6e%74\/uploads\/2014\/01\/logo-reperes1.jpg","contentUrl":"https:\/\/reperes-astro.fr\/%77%70%2d%63%6f%6e%74%65%6e%74\/uploads\/2014\/01\/logo-reperes1.jpg","width":510,"height":510,"caption":"Rep\u00e8res Astro"},"image":{"@id":"https:\/\/reperes-astro.fr\/#\/schema\/logo\/image\/"},"sameAs":["https:\/\/www.facebook.com\/AssoReperesAstro\/?locale=fr_FRrplanetarium"]},{"@type":"Person","@id":"https:\/\/reperes-astro.fr\/#\/schema\/person\/df305cef14844cc5dc8a7927e48142cd","name":"Claude Grimaud","url":"https:\/\/reperes-astro.fr\/author\/claude\/"}]}},"_links":{"self":[{"href":"https:\/\/reperes-astro.fr\/%77%70%2d%6a%73%6f%6e\/wp\/v2\/posts\/5485","targetHints":{"allow":["GET"]}}],"collection":[{"href":"https:\/\/reperes-astro.fr\/%77%70%2d%6a%73%6f%6e\/wp\/v2\/posts"}],"about":[{"href":"https:\/\/reperes-astro.fr\/%77%70%2d%6a%73%6f%6e\/wp\/v2\/types\/post"}],"author":[{"embeddable":true,"href":"https:\/\/reperes-astro.fr\/%77%70%2d%6a%73%6f%6e\/wp\/v2\/users\/2"}],"replies":[{"embeddable":true,"href":"https:\/\/reperes-astro.fr\/%77%70%2d%6a%73%6f%6e\/wp\/v2\/comments?post=5485"}],"version-history":[{"count":0,"href":"https:\/\/reperes-astro.fr\/%77%70%2d%6a%73%6f%6e\/wp\/v2\/posts\/5485\/revisions"}],"wp:featuredmedia":[{"embeddable":true,"href":"https:\/\/reperes-astro.fr\/%77%70%2d%6a%73%6f%6e\/wp\/v2\/media\/5490"}],"wp:attachment":[{"href":"https:\/\/reperes-astro.fr\/%77%70%2d%6a%73%6f%6e\/wp\/v2\/media?parent=5485"}],"wp:term":[{"taxonomy":"category","embeddable":true,"href":"https:\/\/reperes-astro.fr\/%77%70%2d%6a%73%6f%6e\/wp\/v2\/categories?post=5485"},{"taxonomy":"post_tag","embeddable":true,"href":"https:\/\/reperes-astro.fr\/%77%70%2d%6a%73%6f%6e\/wp\/v2\/tags?post=5485"}],"curies":[{"name":"wp","href":"https:\/\/api.w.org\/{rel}","templated":true}]}}