{"id":6274,"date":"2017-09-25T09:13:19","date_gmt":"2017-09-25T07:13:19","guid":{"rendered":"http:\/\/reperes-astro.fr\/?p=6274"},"modified":"2025-01-20T17:57:12","modified_gmt":"2025-01-20T16:57:12","slug":"samedi-21-octobre-journee-chargee-pour-reperes","status":"publish","type":"post","link":"https:\/\/reperes-astro.fr\/samedi-21-octobre-journee-chargee-pour-reperes\/","title":{"rendered":"Samedi 21 Octobre Journ\u00e9e mensuelle habituelle"},"content":{"rendered":"\n<h2 class=\"wp-block-heading\">Ouverture \u00e0 9h30 pour les travaux<\/h2>\n\n\n\n<p>Christian termine les grilles de protection<\/p>\n\n\n\n<h4 class=\"wp-block-heading\">les urgences<\/h4>\n\n\n\n<ul class=\"wp-block-list\">\n<li>Passer de l&rsquo;antirouille<\/li>\n\n\n\n<li>Peinture des grilles d\u00e9j\u00e0 trait\u00e9es<\/li>\n\n\n\n<li>Claude commence la construction du banc du LX 200 pour passer le 220V<\/li>\n\n\n\n<li>il faudrait brancher le 220 dans les deux derni\u00e8res boites \u00e0 lettres<\/li>\n\n\n\n<li>Peinture du meuble de rangements<\/li>\n\n\n\n<li>un tas de Terre \u00e9tant disponible on peut commencer l&#8217;embellissement et planter les fleurs de Sophie<\/li>\n\n\n\n<li>Rangement dans le C25 que nous avons rentr\u00e9 dans le hangar<\/li>\n<\/ul>\n\n\n\n<h2 class=\"wp-block-heading\">LE CONSEIL D&rsquo;ANIMATION est ANNULE<\/h2>\n\n\n\n<p>Tous les dossiers de subvention ont \u00e9t\u00e9 d\u00e9pos\u00e9s, le sort en est jet\u00e9&#8230;<\/p>\n\n\n\n<p>Quand aurons nous des r\u00e9ponses ?<\/p>\n\n\n\n<p>Bien difficile de se projeter en 2018 sans savoir ce qui nous attend.<\/p>\n\n\n\n<h3 class=\"wp-block-heading\">L&rsquo;aide exceptionnelle du CREDIT AGRICOLE<\/h3>\n\n\n\n<p>est accord\u00e9e (8000 euros), nous avons le financement n\u00e9cessaire au compl\u00e9ment (4612 EUROS) mais la tr\u00e9sorerie sera critique. Apr\u00e8s avoir tout pay\u00e9, nous devrions terminer l&rsquo;ann\u00e9e avec 700 euros juste de quoi payer l&rsquo;assurance de 2018.<\/p>\n\n\n\n<h3 class=\"wp-block-heading\">&nbsp;ATELIERS<\/h3>\n\n\n\n<h4 class=\"wp-block-heading\">LSS<\/h4>\n\n\n\n<p>Eddy nous expliquera la gestion du LSS avec un clavier pour que chacun puisse mesurer sa capacit\u00e9 \u00e0 prendre un jour les commandes<\/p>\n\n\n\n<h4 class=\"wp-block-heading\">C8 PARACLET<\/h4>\n\n\n\n<p>Le Lyc\u00e9e du PARACLET nous a confi\u00e9 son C8. Sophie G, Maxence et Claude l&rsquo;ont v\u00e9rifi\u00e9 et ont r\u00e9par\u00e9 le moteur de d\u00e9clinaison. Malgr\u00e9 la couverture&nbsp; nuageuse Maxence a r\u00e9ussi \u00e0 l&rsquo;aligner et il a donn\u00e9 satisfaction. Sophie a emmen\u00e9 les modes d&#8217;emploi et propose d&rsquo;en assumer la gestion.<\/p>\n\n\n\n<h4 class=\"wp-block-heading\">Instuments<\/h4>\n\n\n\n<p>Il faudrait d\u00e9monter la carte m\u00e8re du LX 200 de Gaby pour l&rsquo;envoyer en r\u00e9paration ou en \u00e9change.<\/p>\n\n\n\n<p>Il faudrait v\u00e9rifier la LUNT, nous devrions avoir un filtre de remplacement par LUNT.<\/p>\n\n\n\n<p>il faudrait contr\u00f4ler le KIT de l&rsquo;\u00e9cole d&rsquo;astronomie<\/p>\n\n\n\n<h4 class=\"wp-block-heading\">ANIMATIONS<\/h4>\n\n\n\n<h5 class=\"wp-block-heading\">STELLARIUM<\/h5>\n\n\n\n<p>C&rsquo;est la prestation la plus demand\u00e9e, il faudrait mettre en commun nos comp\u00e9tences<\/p>\n\n\n\n<h5 class=\"wp-block-heading\">SPHERE KEPLER<\/h5>\n\n\n\n<p>il faudrait la descendre la monter et lui donner un petit air de jeunesse&#8230;<\/p>\n\n\n\n<h2 class=\"wp-block-heading\">OBSERVATIONS<\/h2>\n\n\n\n<h3 class=\"wp-block-heading\">METEO pour l&rsquo;instant m\u00e9diocre<\/h3>\n\n\n\n<p>A partir de 18h30 fin du cr\u00e9puscule civil<\/p>\n\n\n\n<p>NOUVELLE LUNE LE VENDREDI 20<\/p>\n\n\n\n<p>SATURNE tr\u00e8s basse se couchera \u00e0 20h27<\/p>\n\n\n\n<p>Le phare de la soir\u00e9e : ANDROMEDE<\/p>\n\n\n\n<p><strong>Les suggestions de l&rsquo;almanach de l&rsquo;AFA rang\u00e9es en ordre de difficult\u00e9 :<\/strong><\/p>\n\n\n\n<ul class=\"wp-block-list\">\n<li>NGC 891<\/li>\n\n\n\n<li>ALMAAACK<\/li>\n\n\n\n<li>R AND<\/li>\n\n\n\n<li>M32<\/li>\n\n\n\n<li>M110<\/li>\n\n\n\n<li>NGC 752<\/li>\n\n\n\n<li>NGC 404<\/li>\n\n\n\n<li>NGC 708 +703 704 705<\/li>\n\n\n\n<li>NGC 7662<\/li>\n<\/ul>\n\n\n\n<p>MAXIMUM DES ORIONIDES<\/p>\n\n\n\n<h2 class=\"wp-block-heading\">PLAN B<\/h2>\n\n\n\n<p>D\u00e9monstration du plan\u00e9tarium num\u00e9rique et du maniement des commandes de STELLARIUM 360 d\u00e9di\u00e9 au LSS.<\/p>\n\n\n\n<p>D\u00e9bat autour du programme de la s\u00e9ance de plan\u00e9tarium REPERES c\u00e9lestes pour les quatre saisons.<\/p>\n<div class=\"pvc_clear\"><\/div><p id=\"pvc_stats_6274\" class=\"pvc_stats all  \" data-element-id=\"6274\" style=\"\"><i class=\"pvc-stats-icon medium\" aria-hidden=\"true\"><svg aria-hidden=\"true\" focusable=\"false\" data-prefix=\"far\" data-icon=\"chart-bar\" role=\"img\" xmlns=\"http:\/\/www.w3.org\/2000\/svg\" viewBox=\"0 0 512 512\" class=\"svg-inline--fa fa-chart-bar fa-w-16 fa-2x\"><path fill=\"currentColor\" d=\"M396.8 352h22.4c6.4 0 12.8-6.4 12.8-12.8V108.8c0-6.4-6.4-12.8-12.8-12.8h-22.4c-6.4 0-12.8 6.4-12.8 12.8v230.4c0 6.4 6.4 12.8 12.8 12.8zm-192 0h22.4c6.4 0 12.8-6.4 12.8-12.8V140.8c0-6.4-6.4-12.8-12.8-12.8h-22.4c-6.4 0-12.8 6.4-12.8 12.8v198.4c0 6.4 6.4 12.8 12.8 12.8zm96 0h22.4c6.4 0 12.8-6.4 12.8-12.8V204.8c0-6.4-6.4-12.8-12.8-12.8h-22.4c-6.4 0-12.8 6.4-12.8 12.8v134.4c0 6.4 6.4 12.8 12.8 12.8zM496 400H48V80c0-8.84-7.16-16-16-16H16C7.16 64 0 71.16 0 80v336c0 17.67 14.33 32 32 32h464c8.84 0 16-7.16 16-16v-16c0-8.84-7.16-16-16-16zm-387.2-48h22.4c6.4 0 12.8-6.4 12.8-12.8v-70.4c0-6.4-6.4-12.8-12.8-12.8h-22.4c-6.4 0-12.8 6.4-12.8 12.8v70.4c0 6.4 6.4 12.8 12.8 12.8z\" class=\"\"><\/path><\/svg><\/i> <img loading=\"lazy\" decoding=\"async\" width=\"16\" height=\"16\" alt=\"Loading\" src=\"https:\/\/reperes-astro.fr\/%77%70%2d%63%6f%6e%74%65%6e%74\/plugins\/page-views-count\/ajax-loader-2x.gif\" border=0 \/><\/p><div class=\"pvc_clear\"><\/div>","protected":false},"excerpt":{"rendered":"<p>Ouverture \u00e0 9h30 pour les travaux Christian termine les grilles de protection les urgences LE CONSEIL D&rsquo;ANIMATION est ANNULE Tous les&#46;&#46;&#46;<\/p>\n<div class=\"pvc_clear\"><\/div>\n<p id=\"pvc_stats_6274\" class=\"pvc_stats all  \" data-element-id=\"6274\" style=\"\"><i class=\"pvc-stats-icon medium\" aria-hidden=\"true\"><svg aria-hidden=\"true\" focusable=\"false\" data-prefix=\"far\" data-icon=\"chart-bar\" role=\"img\" xmlns=\"http:\/\/www.w3.org\/2000\/svg\" viewBox=\"0 0 512 512\" class=\"svg-inline--fa fa-chart-bar fa-w-16 fa-2x\"><path fill=\"currentColor\" d=\"M396.8 352h22.4c6.4 0 12.8-6.4 12.8-12.8V108.8c0-6.4-6.4-12.8-12.8-12.8h-22.4c-6.4 0-12.8 6.4-12.8 12.8v230.4c0 6.4 6.4 12.8 12.8 12.8zm-192 0h22.4c6.4 0 12.8-6.4 12.8-12.8V140.8c0-6.4-6.4-12.8-12.8-12.8h-22.4c-6.4 0-12.8 6.4-12.8 12.8v198.4c0 6.4 6.4 12.8 12.8 12.8zm96 0h22.4c6.4 0 12.8-6.4 12.8-12.8V204.8c0-6.4-6.4-12.8-12.8-12.8h-22.4c-6.4 0-12.8 6.4-12.8 12.8v134.4c0 6.4 6.4 12.8 12.8 12.8zM496 400H48V80c0-8.84-7.16-16-16-16H16C7.16 64 0 71.16 0 80v336c0 17.67 14.33 32 32 32h464c8.84 0 16-7.16 16-16v-16c0-8.84-7.16-16-16-16zm-387.2-48h22.4c6.4 0 12.8-6.4 12.8-12.8v-70.4c0-6.4-6.4-12.8-12.8-12.8h-22.4c-6.4 0-12.8 6.4-12.8 12.8v70.4c0 6.4 6.4 12.8 12.8 12.8z\" class=\"\"><\/path><\/svg><\/i> <img loading=\"lazy\" decoding=\"async\" width=\"16\" height=\"16\" alt=\"Loading\" src=\"https:\/\/reperes-astro.fr\/%77%70%2d%63%6f%6e%74%65%6e%74\/plugins\/page-views-count\/ajax-loader-2x.gif\" border=0 \/><\/p>\n<div class=\"pvc_clear\"><\/div>\n","protected":false},"author":2,"featured_media":1220,"comment_status":"closed","ping_status":"closed","sticky":false,"template":"","format":"standard","meta":{"footnotes":""},"categories":[108,16,102],"tags":[],"class_list":["post-6274","post","type-post","status-publish","format-standard","has-post-thumbnail","hentry","category-archives-reperes-astro-2017","category-actualites","category-archives-reperes-astro"],"a3_pvc":{"activated":true,"total_views":12,"today_views":0},"yoast_head":"<title>Samedi 21 Octobre Journ\u00e9e mensuelle habituelle - Rep\u00e8res Astro<\/title>\n<meta name=\"robots\" content=\"index, follow, max-snippet:-1, max-image-preview:large, max-video-preview:-1\" \/>\n<link rel=\"canonical\" href=\"https:\/\/reperes-astro.fr\/samedi-21-octobre-journee-chargee-pour-reperes\/\" \/>\n<meta property=\"og:locale\" content=\"fr_FR\" \/>\n<meta property=\"og:type\" content=\"article\" \/>\n<meta property=\"og:title\" content=\"Samedi 21 Octobre Journ\u00e9e mensuelle habituelle - Rep\u00e8res Astro\" \/>\n<meta property=\"og:description\" content=\"Ouverture \u00e0 9h30 pour les travaux Christian termine les grilles de protection les urgences LE CONSEIL D&rsquo;ANIMATION est ANNULE Tous les&#046;&#046;&#046;\" \/>\n<meta property=\"og:url\" content=\"https:\/\/reperes-astro.fr\/samedi-21-octobre-journee-chargee-pour-reperes\/\" \/>\n<meta property=\"og:site_name\" content=\"Rep\u00e8res Astro\" \/>\n<meta property=\"article:publisher\" content=\"https:\/\/www.facebook.com\/AssoReperesAstro\/?locale=fr_FRrplanetarium\" \/>\n<meta property=\"article:published_time\" content=\"2017-09-25T07:13:19+00:00\" \/>\n<meta property=\"article:modified_time\" content=\"2025-01-20T16:57:12+00:00\" \/>\n<meta property=\"og:image\" content=\"https:\/\/reperes-astro.fr\/%77%70%2d%63%6f%6e%74%65%6e%74\/uploads\/2014\/01\/logo-reperes.jpg\" \/>\n\t<meta property=\"og:image:width\" content=\"510\" \/>\n\t<meta property=\"og:image:height\" content=\"510\" \/>\n\t<meta property=\"og:image:type\" content=\"image\/jpeg\" \/>\n<meta name=\"author\" content=\"Claude Grimaud\" \/>\n<meta name=\"twitter:card\" content=\"summary_large_image\" \/>\n<meta name=\"twitter:label1\" content=\"\u00c9crit par\" \/>\n\t<meta name=\"twitter:data1\" content=\"Claude Grimaud\" \/>\n\t<meta name=\"twitter:label2\" content=\"Dur\u00e9e de lecture estim\u00e9e\" \/>\n\t<meta name=\"twitter:data2\" content=\"2 minutes\" \/>\n<script type=\"application\/ld+json\" class=\"yoast-schema-graph\">{\"@context\":\"https:\\\/\\\/schema.org\",\"@graph\":[{\"@type\":\"Article\",\"@id\":\"https:\\\/\\\/reperes-astro.fr\\\/samedi-21-octobre-journee-chargee-pour-reperes\\\/#article\",\"isPartOf\":{\"@id\":\"https:\\\/\\\/reperes-astro.fr\\\/samedi-21-octobre-journee-chargee-pour-reperes\\\/\"},\"author\":{\"name\":\"Claude Grimaud\",\"@id\":\"https:\\\/\\\/reperes-astro.fr\\\/#\\\/schema\\\/person\\\/df305cef14844cc5dc8a7927e48142cd\"},\"headline\":\"Samedi 21 Octobre Journ\u00e9e mensuelle habituelle\",\"datePublished\":\"2017-09-25T07:13:19+00:00\",\"dateModified\":\"2025-01-20T16:57:12+00:00\",\"mainEntityOfPage\":{\"@id\":\"https:\\\/\\\/reperes-astro.fr\\\/samedi-21-octobre-journee-chargee-pour-reperes\\\/\"},\"wordCount\":438,\"publisher\":{\"@id\":\"https:\\\/\\\/reperes-astro.fr\\\/#organization\"},\"image\":{\"@id\":\"https:\\\/\\\/reperes-astro.fr\\\/samedi-21-octobre-journee-chargee-pour-reperes\\\/#primaryimage\"},\"thumbnailUrl\":\"https:\\\/\\\/reperes-astro.fr\\\/%77%70%2d%63%6f%6e%74%65%6e%74\\\/uploads\\\/2014\\\/01\\\/logo-reperes-e1738258547926.jpg\",\"articleSection\":[\"2017\",\"Actualit\u00e9s\",\"Archives\"],\"inLanguage\":\"fr-FR\"},{\"@type\":\"WebPage\",\"@id\":\"https:\\\/\\\/reperes-astro.fr\\\/samedi-21-octobre-journee-chargee-pour-reperes\\\/\",\"url\":\"https:\\\/\\\/reperes-astro.fr\\\/samedi-21-octobre-journee-chargee-pour-reperes\\\/\",\"name\":\"Samedi 21 Octobre Journ\u00e9e mensuelle habituelle - Rep\u00e8res Astro\",\"isPartOf\":{\"@id\":\"https:\\\/\\\/reperes-astro.fr\\\/#website\"},\"primaryImageOfPage\":{\"@id\":\"https:\\\/\\\/reperes-astro.fr\\\/samedi-21-octobre-journee-chargee-pour-reperes\\\/#primaryimage\"},\"image\":{\"@id\":\"https:\\\/\\\/reperes-astro.fr\\\/samedi-21-octobre-journee-chargee-pour-reperes\\\/#primaryimage\"},\"thumbnailUrl\":\"https:\\\/\\\/reperes-astro.fr\\\/%77%70%2d%63%6f%6e%74%65%6e%74\\\/uploads\\\/2014\\\/01\\\/logo-reperes-e1738258547926.jpg\",\"datePublished\":\"2017-09-25T07:13:19+00:00\",\"dateModified\":\"2025-01-20T16:57:12+00:00\",\"breadcrumb\":{\"@id\":\"https:\\\/\\\/reperes-astro.fr\\\/samedi-21-octobre-journee-chargee-pour-reperes\\\/#breadcrumb\"},\"inLanguage\":\"fr-FR\",\"potentialAction\":[{\"@type\":\"ReadAction\",\"target\":[\"https:\\\/\\\/reperes-astro.fr\\\/samedi-21-octobre-journee-chargee-pour-reperes\\\/\"]}]},{\"@type\":\"ImageObject\",\"inLanguage\":\"fr-FR\",\"@id\":\"https:\\\/\\\/reperes-astro.fr\\\/samedi-21-octobre-journee-chargee-pour-reperes\\\/#primaryimage\",\"url\":\"https:\\\/\\\/reperes-astro.fr\\\/%77%70%2d%63%6f%6e%74%65%6e%74\\\/uploads\\\/2014\\\/01\\\/logo-reperes-e1738258547926.jpg\",\"contentUrl\":\"https:\\\/\\\/reperes-astro.fr\\\/%77%70%2d%63%6f%6e%74%65%6e%74\\\/uploads\\\/2014\\\/01\\\/logo-reperes-e1738258547926.jpg\",\"width\":510,\"height\":279},{\"@type\":\"BreadcrumbList\",\"@id\":\"https:\\\/\\\/reperes-astro.fr\\\/samedi-21-octobre-journee-chargee-pour-reperes\\\/#breadcrumb\",\"itemListElement\":[{\"@type\":\"ListItem\",\"position\":1,\"name\":\"Accueil\",\"item\":\"https:\\\/\\\/reperes-astro.fr\\\/\"},{\"@type\":\"ListItem\",\"position\":2,\"name\":\"Samedi 21 Octobre Journ\u00e9e mensuelle habituelle\"}]},{\"@type\":\"WebSite\",\"@id\":\"https:\\\/\\\/reperes-astro.fr\\\/#website\",\"url\":\"https:\\\/\\\/reperes-astro.fr\\\/\",\"name\":\"Rep\u00e8res Astro\",\"description\":\"&quot;Heureux soient les f\u00eal\u00e9s, car ils laisseront passer la lumi\u00e8re.&quot; Michel Audiard\",\"publisher\":{\"@id\":\"https:\\\/\\\/reperes-astro.fr\\\/#organization\"},\"potentialAction\":[{\"@type\":\"SearchAction\",\"target\":{\"@type\":\"EntryPoint\",\"urlTemplate\":\"https:\\\/\\\/reperes-astro.fr\\\/?s={search_term_string}\"},\"query-input\":{\"@type\":\"PropertyValueSpecification\",\"valueRequired\":true,\"valueName\":\"search_term_string\"}}],\"inLanguage\":\"fr-FR\"},{\"@type\":\"Organization\",\"@id\":\"https:\\\/\\\/reperes-astro.fr\\\/#organization\",\"name\":\"Rep\u00e8res Astro\",\"url\":\"https:\\\/\\\/reperes-astro.fr\\\/\",\"logo\":{\"@type\":\"ImageObject\",\"inLanguage\":\"fr-FR\",\"@id\":\"https:\\\/\\\/reperes-astro.fr\\\/#\\\/schema\\\/logo\\\/image\\\/\",\"url\":\"https:\\\/\\\/reperes-astro.fr\\\/%77%70%2d%63%6f%6e%74%65%6e%74\\\/uploads\\\/2014\\\/01\\\/logo-reperes1.jpg\",\"contentUrl\":\"https:\\\/\\\/reperes-astro.fr\\\/%77%70%2d%63%6f%6e%74%65%6e%74\\\/uploads\\\/2014\\\/01\\\/logo-reperes1.jpg\",\"width\":510,\"height\":510,\"caption\":\"Rep\u00e8res Astro\"},\"image\":{\"@id\":\"https:\\\/\\\/reperes-astro.fr\\\/#\\\/schema\\\/logo\\\/image\\\/\"},\"sameAs\":[\"https:\\\/\\\/www.facebook.com\\\/AssoReperesAstro\\\/?locale=fr_FRrplanetarium\"]},{\"@type\":\"Person\",\"@id\":\"https:\\\/\\\/reperes-astro.fr\\\/#\\\/schema\\\/person\\\/df305cef14844cc5dc8a7927e48142cd\",\"name\":\"Claude Grimaud\",\"url\":\"https:\\\/\\\/reperes-astro.fr\\\/author\\\/claude\\\/\"}]}<\/script>","yoast_head_json":{"title":"Samedi 21 Octobre Journ\u00e9e mensuelle habituelle - Rep\u00e8res Astro","robots":{"index":"index","follow":"follow","max-snippet":"max-snippet:-1","max-image-preview":"max-image-preview:large","max-video-preview":"max-video-preview:-1"},"canonical":"https:\/\/reperes-astro.fr\/samedi-21-octobre-journee-chargee-pour-reperes\/","og_locale":"fr_FR","og_type":"article","og_title":"Samedi 21 Octobre Journ\u00e9e mensuelle habituelle - Rep\u00e8res Astro","og_description":"Ouverture \u00e0 9h30 pour les travaux Christian termine les grilles de protection les urgences LE CONSEIL D&rsquo;ANIMATION est ANNULE Tous les&#46;&#46;&#46;","og_url":"https:\/\/reperes-astro.fr\/samedi-21-octobre-journee-chargee-pour-reperes\/","og_site_name":"Rep\u00e8res Astro","article_publisher":"https:\/\/www.facebook.com\/AssoReperesAstro\/?locale=fr_FRrplanetarium","article_published_time":"2017-09-25T07:13:19+00:00","article_modified_time":"2025-01-20T16:57:12+00:00","og_image":[{"width":510,"height":510,"url":"https:\/\/reperes-astro.fr\/%77%70%2d%63%6f%6e%74%65%6e%74\/uploads\/2014\/01\/logo-reperes.jpg","type":"image\/jpeg"}],"author":"Claude Grimaud","twitter_card":"summary_large_image","twitter_misc":{"\u00c9crit par":"Claude Grimaud","Dur\u00e9e de lecture estim\u00e9e":"2 minutes"},"schema":{"@context":"https:\/\/schema.org","@graph":[{"@type":"Article","@id":"https:\/\/reperes-astro.fr\/samedi-21-octobre-journee-chargee-pour-reperes\/#article","isPartOf":{"@id":"https:\/\/reperes-astro.fr\/samedi-21-octobre-journee-chargee-pour-reperes\/"},"author":{"name":"Claude Grimaud","@id":"https:\/\/reperes-astro.fr\/#\/schema\/person\/df305cef14844cc5dc8a7927e48142cd"},"headline":"Samedi 21 Octobre Journ\u00e9e mensuelle habituelle","datePublished":"2017-09-25T07:13:19+00:00","dateModified":"2025-01-20T16:57:12+00:00","mainEntityOfPage":{"@id":"https:\/\/reperes-astro.fr\/samedi-21-octobre-journee-chargee-pour-reperes\/"},"wordCount":438,"publisher":{"@id":"https:\/\/reperes-astro.fr\/#organization"},"image":{"@id":"https:\/\/reperes-astro.fr\/samedi-21-octobre-journee-chargee-pour-reperes\/#primaryimage"},"thumbnailUrl":"https:\/\/reperes-astro.fr\/%77%70%2d%63%6f%6e%74%65%6e%74\/uploads\/2014\/01\/logo-reperes-e1738258547926.jpg","articleSection":["2017","Actualit\u00e9s","Archives"],"inLanguage":"fr-FR"},{"@type":"WebPage","@id":"https:\/\/reperes-astro.fr\/samedi-21-octobre-journee-chargee-pour-reperes\/","url":"https:\/\/reperes-astro.fr\/samedi-21-octobre-journee-chargee-pour-reperes\/","name":"Samedi 21 Octobre Journ\u00e9e mensuelle habituelle - Rep\u00e8res Astro","isPartOf":{"@id":"https:\/\/reperes-astro.fr\/#website"},"primaryImageOfPage":{"@id":"https:\/\/reperes-astro.fr\/samedi-21-octobre-journee-chargee-pour-reperes\/#primaryimage"},"image":{"@id":"https:\/\/reperes-astro.fr\/samedi-21-octobre-journee-chargee-pour-reperes\/#primaryimage"},"thumbnailUrl":"https:\/\/reperes-astro.fr\/%77%70%2d%63%6f%6e%74%65%6e%74\/uploads\/2014\/01\/logo-reperes-e1738258547926.jpg","datePublished":"2017-09-25T07:13:19+00:00","dateModified":"2025-01-20T16:57:12+00:00","breadcrumb":{"@id":"https:\/\/reperes-astro.fr\/samedi-21-octobre-journee-chargee-pour-reperes\/#breadcrumb"},"inLanguage":"fr-FR","potentialAction":[{"@type":"ReadAction","target":["https:\/\/reperes-astro.fr\/samedi-21-octobre-journee-chargee-pour-reperes\/"]}]},{"@type":"ImageObject","inLanguage":"fr-FR","@id":"https:\/\/reperes-astro.fr\/samedi-21-octobre-journee-chargee-pour-reperes\/#primaryimage","url":"https:\/\/reperes-astro.fr\/%77%70%2d%63%6f%6e%74%65%6e%74\/uploads\/2014\/01\/logo-reperes-e1738258547926.jpg","contentUrl":"https:\/\/reperes-astro.fr\/%77%70%2d%63%6f%6e%74%65%6e%74\/uploads\/2014\/01\/logo-reperes-e1738258547926.jpg","width":510,"height":279},{"@type":"BreadcrumbList","@id":"https:\/\/reperes-astro.fr\/samedi-21-octobre-journee-chargee-pour-reperes\/#breadcrumb","itemListElement":[{"@type":"ListItem","position":1,"name":"Accueil","item":"https:\/\/reperes-astro.fr\/"},{"@type":"ListItem","position":2,"name":"Samedi 21 Octobre Journ\u00e9e mensuelle habituelle"}]},{"@type":"WebSite","@id":"https:\/\/reperes-astro.fr\/#website","url":"https:\/\/reperes-astro.fr\/","name":"Rep\u00e8res Astro","description":"&quot;Heureux soient les f\u00eal\u00e9s, car ils laisseront passer la lumi\u00e8re.&quot; Michel Audiard","publisher":{"@id":"https:\/\/reperes-astro.fr\/#organization"},"potentialAction":[{"@type":"SearchAction","target":{"@type":"EntryPoint","urlTemplate":"https:\/\/reperes-astro.fr\/?s={search_term_string}"},"query-input":{"@type":"PropertyValueSpecification","valueRequired":true,"valueName":"search_term_string"}}],"inLanguage":"fr-FR"},{"@type":"Organization","@id":"https:\/\/reperes-astro.fr\/#organization","name":"Rep\u00e8res Astro","url":"https:\/\/reperes-astro.fr\/","logo":{"@type":"ImageObject","inLanguage":"fr-FR","@id":"https:\/\/reperes-astro.fr\/#\/schema\/logo\/image\/","url":"https:\/\/reperes-astro.fr\/%77%70%2d%63%6f%6e%74%65%6e%74\/uploads\/2014\/01\/logo-reperes1.jpg","contentUrl":"https:\/\/reperes-astro.fr\/%77%70%2d%63%6f%6e%74%65%6e%74\/uploads\/2014\/01\/logo-reperes1.jpg","width":510,"height":510,"caption":"Rep\u00e8res Astro"},"image":{"@id":"https:\/\/reperes-astro.fr\/#\/schema\/logo\/image\/"},"sameAs":["https:\/\/www.facebook.com\/AssoReperesAstro\/?locale=fr_FRrplanetarium"]},{"@type":"Person","@id":"https:\/\/reperes-astro.fr\/#\/schema\/person\/df305cef14844cc5dc8a7927e48142cd","name":"Claude Grimaud","url":"https:\/\/reperes-astro.fr\/author\/claude\/"}]}},"_links":{"self":[{"href":"https:\/\/reperes-astro.fr\/%77%70%2d%6a%73%6f%6e\/wp\/v2\/posts\/6274","targetHints":{"allow":["GET"]}}],"collection":[{"href":"https:\/\/reperes-astro.fr\/%77%70%2d%6a%73%6f%6e\/wp\/v2\/posts"}],"about":[{"href":"https:\/\/reperes-astro.fr\/%77%70%2d%6a%73%6f%6e\/wp\/v2\/types\/post"}],"author":[{"embeddable":true,"href":"https:\/\/reperes-astro.fr\/%77%70%2d%6a%73%6f%6e\/wp\/v2\/users\/2"}],"replies":[{"embeddable":true,"href":"https:\/\/reperes-astro.fr\/%77%70%2d%6a%73%6f%6e\/wp\/v2\/comments?post=6274"}],"version-history":[{"count":0,"href":"https:\/\/reperes-astro.fr\/%77%70%2d%6a%73%6f%6e\/wp\/v2\/posts\/6274\/revisions"}],"wp:featuredmedia":[{"embeddable":true,"href":"https:\/\/reperes-astro.fr\/%77%70%2d%6a%73%6f%6e\/wp\/v2\/media\/1220"}],"wp:attachment":[{"href":"https:\/\/reperes-astro.fr\/%77%70%2d%6a%73%6f%6e\/wp\/v2\/media?parent=6274"}],"wp:term":[{"taxonomy":"category","embeddable":true,"href":"https:\/\/reperes-astro.fr\/%77%70%2d%6a%73%6f%6e\/wp\/v2\/categories?post=6274"},{"taxonomy":"post_tag","embeddable":true,"href":"https:\/\/reperes-astro.fr\/%77%70%2d%6a%73%6f%6e\/wp\/v2\/tags?post=6274"}],"curies":[{"name":"wp","href":"https:\/\/api.w.org\/{rel}","templated":true}]}}